{"id":10497,"date":"2025-04-08T06:53:30","date_gmt":"2025-04-08T06:53:30","guid":{"rendered":"https:\/\/www.collectifpsychiatrie.fr\/?p=10497"},"modified":"2025-07-17T19:55:47","modified_gmt":"2025-07-17T19:55:47","slug":"uber-psy-la-suite","status":"publish","type":"post","link":"https:\/\/www.collectifpsychiatrie.fr\/?p=10497","title":{"rendered":"UBER-Psy, la suite"},"content":{"rendered":"\n<div class=\"wp-block-file\"><a href=\"https:\/\/www.collectifpsychiatrie.fr\/wp-content\/uploads\/2025\/04\/UberPsy-la-suite.pdf\">Communiqu\u00e9 du Printemps de la psychiatrie<\/a><a href=\"https:\/\/www.collectifpsychiatrie.fr\/wp-content\/uploads\/2025\/04\/UberPsy-la-suite.pdf\" class=\"wp-block-file__button\" download>T\u00e9l\u00e9charger<\/a><\/div>\n\n\n\n<p>Sur le m\u00eame sujet, la lettre du  <em>R\u00e9seau des enseignants-chercheurs de la sp\u00e9cialit\u00e9<\/em> <em>psychopathologie et psychologie clinique<\/em> : <\/p>\n\n\n\n<div class=\"wp-block-file\"><a href=\"https:\/\/www.collectifpsychiatrie.fr\/wp-content\/uploads\/2025\/04\/Courrier-au-Ministre-de-lEnseignement-Superieur-et-de-la-Recherche.pdf\">Courrier-au-Ministre-de-lEnseignement-Superieur-et-de-la-Recherche<\/a><a href=\"https:\/\/www.collectifpsychiatrie.fr\/wp-content\/uploads\/2025\/04\/Courrier-au-Ministre-de-lEnseignement-Superieur-et-de-la-Recherche.pdf\" class=\"wp-block-file__button\" download>T\u00e9l\u00e9charger<\/a><\/div>\n","protected":false},"excerpt":{"rendered":"<p>Sur le m\u00eame sujet, la lettre du R\u00e9seau des enseignants-chercheurs de la sp\u00e9cialit\u00e9 psychopathologie et psychologie clinique :<\/p>\n","protected":false},"author":8,"featured_media":10498,"comment_status":"closed","ping_status":"open","sticky":false,"template":"","format":"standard","meta":{"footnotes":""},"categories":[22,392,407],"tags":[],"class_list":["post-10497","post","type-post","status-publish","format-standard","has-post-thumbnail","hentry","category-articles-et-communiques-de-presse","category-printemps-de-la-psychiatrie","category-psychologues"],"_links":{"self":[{"href":"https:\/\/www.collectifpsychiatrie.fr\/index.php?rest_route=\/wp\/v2\/posts\/10497","targetHints":{"allow":["GET"]}}],"collection":[{"href":"https:\/\/www.collectifpsychiatrie.fr\/index.php?rest_route=\/wp\/v2\/posts"}],"about":[{"href":"https:\/\/www.collectifpsychiatrie.fr\/index.php?rest_route=\/wp\/v2\/types\/post"}],"author":[{"embeddable":true,"href":"https:\/\/www.collectifpsychiatrie.fr\/index.php?rest_route=\/wp\/v2\/users\/8"}],"replies":[{"embeddable":true,"href":"https:\/\/www.collectifpsychiatrie.fr\/index.php?rest_route=%2Fwp%2Fv2%2Fcomments&post=10497"}],"version-history":[{"count":2,"href":"https:\/\/www.collectifpsychiatrie.fr\/index.php?rest_route=\/wp\/v2\/posts\/10497\/revisions"}],"predecessor-version":[{"id":10513,"href":"https:\/\/www.collectifpsychiatrie.fr\/index.php?rest_route=\/wp\/v2\/posts\/10497\/revisions\/10513"}],"wp:featuredmedia":[{"embeddable":true,"href":"https:\/\/www.collectifpsychiatrie.fr\/index.php?rest_route=\/wp\/v2\/media\/10498"}],"wp:attachment":[{"href":"https:\/\/www.collectifpsychiatrie.fr\/index.php?rest_route=%2Fwp%2Fv2%2Fmedia&parent=10497"}],"wp:term":[{"taxonomy":"category","embeddable":true,"href":"https:\/\/www.collectifpsychiatrie.fr\/index.php?rest_route=%2Fwp%2Fv2%2Fcategories&post=10497"},{"taxonomy":"post_tag","embeddable":true,"href":"https:\/\/www.collectifpsychiatrie.fr\/index.php?rest_route=%2Fwp%2Fv2%2Ftags&post=10497"}],"curies":[{"name":"wp","href":"https:\/\/api.w.org\/{rel}","templated":true}]}}