{"id":10569,"date":"2025-09-12T13:58:44","date_gmt":"2025-09-12T13:58:44","guid":{"rendered":"https:\/\/www.collectifpsychiatrie.fr\/?p=10569"},"modified":"2025-09-12T14:17:30","modified_gmt":"2025-09-12T14:17:30","slug":"20-9-25-ca-printemps-psy","status":"publish","type":"post","link":"https:\/\/www.collectifpsychiatrie.fr\/?p=10569","title":{"rendered":"20\/9\/25 &#8211; AG du Printemps de la psychiatrie"},"content":{"rendered":"\n<p>10h 17h \u00e0 l&rsquo;AERI, Montreuil. Pr\u00e9sentiel exclusif<\/p>\n\n\n\n<!--more-->\n\n\n\n<p>Chers membres du Collectif des 39,\u00a0<\/p>\n\n\n\n<p>Votre collectif est signataire du&nbsp;<a href=\"https:\/\/printempsdelapsychiatrie.org\/category\/le-manifeste-et-ses-signataires\/\">Manifeste<\/a>&nbsp;du Printemps de la psychiatrie, mouvement qui r\u00e9unit patients, familles, professionnels et toutes personnes concern\u00e9es par la question de la souffrance et des soins psychiques. Nous vous en remercions encore. Depuis 2019, la psychiatrie, la p\u00e9dopsychiatrie, le secteur m\u00e9dico-social, et l\u2019ensemble des lieux de pratique du soin psychique ont connu de nombreux changements et attaques, amenant \u00e0 des luttes, des rencontres, des mobilisations diverses, dont ont notamment fait partie les Assises citoyennes du soin psychique de 2022 et 2024.&nbsp;<\/p>\n\n\n\n<p>Aujourd\u2019hui, alors que l\u2019ann\u00e9e 2025 est pr\u00e9sent\u00e9e comme celle de la Sant\u00e9 mentale Grande cause nationale, les attaques contre les institutions et les pratiques humanistes du soin psychique se poursuivent inlassablement, malgr\u00e9 un constat globalement partag\u00e9 de la d\u00e9gradation de l\u2019\u00e9tat psychique des citoyennes et citoyens. Au-del\u00e0 des discours politiciens d\u2019intention et des propositions fallacieuses, une autre voie est possible et est d\u00e9fendue par notre collectif.&nbsp;<\/p>\n\n\n\n<p>Dans ce contexte de lutte, nous avons d\u00e9cid\u00e9 d\u2019organiser une Journ\u00e9e de rentr\u00e9e du Printemps de la psychiatrie, afin de penser ensemble l\u2019histoire et le fonctionnement de notre mouvement, d\u2019\u00e9voquer les combats men\u00e9s et \u00e0 mener, et surtout de relancer notre mobilisation collective pour d\u00e9fendre des soins psychiques humains et dignes.&nbsp;<\/p>\n\n\n\n<p>Nous vous invitons \u00e0 cette journ\u00e9e et serions heureux de vous y retrouver. La pr\u00e9sence d\u2019au moins un.e repr\u00e9sentant.e de votre collectif signataire sera essentielle pour dessiner ensemble la suite de notre mouvement.&nbsp;<\/p>\n\n\n\n<p>La journ\u00e9e se tiendra le samedi 20 septembre de 10h \u00e0 17h \u00e0 l&rsquo;AERI de Montreuil (57 Rue \u00c9tienne Marcel, 93100 Montreuil), en pr\u00e9sentiel exclusivement. Elle est ouverte \u00e0 tout.e.s les signataires (individuels, collectifs, d&rsquo;organisations, etc.) du Manifeste du Printemps, mais aussi aux personnes int\u00e9ress\u00e9es par le mouvement. Nous pourrons manger ensemble \u00e0 l&rsquo;AERI.<\/p>\n\n\n\n<p>Il n&rsquo;y aura pas de visio car nous pr\u00e9f\u00e9rons privil\u00e9gier les \u00e9changes direct. Le Printemps de la psychiatrie peut rembourser les frais de d\u00e9placement d&rsquo;un membre de chaque collectif, si vous avez des adh\u00e9rents int\u00e9ress\u00e9s habitant loin.&nbsp;<\/p>\n\n\n\n<p>Dans l\u2019espoir de vous compter parmi nous lors de cette journ\u00e9e de rentr\u00e9e, amicalement,<\/p>\n\n\n\n<p>Le Printemps de la psychiatrie<\/p>\n","protected":false},"excerpt":{"rendered":"<p>10h 17h \u00e0 l&rsquo;AERI, Montreuil. Pr\u00e9sentiel exclusif<\/p>\n","protected":false},"author":8,"featured_media":0,"comment_status":"closed","ping_status":"open","sticky":false,"template":"","format":"standard","meta":{"footnotes":""},"categories":[2,392],"tags":[],"class_list":["post-10569","post","type-post","status-publish","format-standard","hentry","category-agenda","category-printemps-de-la-psychiatrie"],"_links":{"self":[{"href":"https:\/\/www.collectifpsychiatrie.fr\/index.php?rest_route=\/wp\/v2\/posts\/10569","targetHints":{"allow":["GET"]}}],"collection":[{"href":"https:\/\/www.collectifpsychiatrie.fr\/index.php?rest_route=\/wp\/v2\/posts"}],"about":[{"href":"https:\/\/www.collectifpsychiatrie.fr\/index.php?rest_route=\/wp\/v2\/types\/post"}],"author":[{"embeddable":true,"href":"https:\/\/www.collectifpsychiatrie.fr\/index.php?rest_route=\/wp\/v2\/users\/8"}],"replies":[{"embeddable":true,"href":"https:\/\/www.collectifpsychiatrie.fr\/index.php?rest_route=%2Fwp%2Fv2%2Fcomments&post=10569"}],"version-history":[{"count":3,"href":"https:\/\/www.collectifpsychiatrie.fr\/index.php?rest_route=\/wp\/v2\/posts\/10569\/revisions"}],"predecessor-version":[{"id":10574,"href":"https:\/\/www.collectifpsychiatrie.fr\/index.php?rest_route=\/wp\/v2\/posts\/10569\/revisions\/10574"}],"wp:attachment":[{"href":"https:\/\/www.collectifpsychiatrie.fr\/index.php?rest_route=%2Fwp%2Fv2%2Fmedia&parent=10569"}],"wp:term":[{"taxonomy":"category","embeddable":true,"href":"https:\/\/www.collectifpsychiatrie.fr\/index.php?rest_route=%2Fwp%2Fv2%2Fcategories&post=10569"},{"taxonomy":"post_tag","embeddable":true,"href":"https:\/\/www.collectifpsychiatrie.fr\/index.php?rest_route=%2Fwp%2Fv2%2Ftags&post=10569"}],"curies":[{"name":"wp","href":"https:\/\/api.w.org\/{rel}","templated":true}]}}