{"id":10611,"date":"2025-12-16T19:02:31","date_gmt":"2025-12-16T19:02:31","guid":{"rendered":"https:\/\/www.collectifpsychiatrie.fr\/?p=10611"},"modified":"2025-12-16T19:02:32","modified_gmt":"2025-12-16T19:02:32","slug":"printempspsy-15-12-25","status":"publish","type":"post","link":"https:\/\/www.collectifpsychiatrie.fr\/?p=10611","title":{"rendered":"PrintempsPsy &#8211; 15\/12\/25"},"content":{"rendered":"\n<figure class=\"wp-block-embed is-type-wp-embed is-provider-printemps-de-la-psychiatrie wp-block-embed-printemps-de-la-psychiatrie\"><div class=\"wp-block-embed__wrapper\">\n<blockquote class=\"wp-embedded-content\" data-secret=\"FZ25aDRkvY\"><a href=\"https:\/\/printempsdelapsychiatrie.org\/2025\/12\/16\/contre-lintegration-des-centres-experts-en-sante-mentale-dans-le-code-de-la-sante-publique\/\">Contre l&rsquo;int\u00e9gration des Centres Experts en sant\u00e9 mentale dans le Code de la Sant\u00e9&nbsp;Publique<\/a><\/blockquote><iframe loading=\"lazy\" class=\"wp-embedded-content\" sandbox=\"allow-scripts\" security=\"restricted\" style=\"position: absolute; visibility: hidden;\" title=\"&laquo;&nbsp;Contre l&rsquo;int\u00e9gration des Centres Experts en sant\u00e9 mentale dans le Code de la Sant\u00e9&nbsp;Publique&nbsp;&raquo; &#8212; Printemps de la psychiatrie\" src=\"https:\/\/printempsdelapsychiatrie.org\/2025\/12\/16\/contre-lintegration-des-centres-experts-en-sante-mentale-dans-le-code-de-la-sante-publique\/embed\/#?secret=eUSleHDBaq#?secret=FZ25aDRkvY\" data-secret=\"FZ25aDRkvY\" width=\"474\" height=\"267\" frameborder=\"0\" marginwidth=\"0\" marginheight=\"0\" scrolling=\"no\"><\/iframe>\n<\/div><\/figure>\n","protected":false},"excerpt":{"rendered":"","protected":false},"author":8,"featured_media":0,"comment_status":"closed","ping_status":"open","sticky":false,"template":"","format":"standard","meta":{"footnotes":""},"categories":[22,392],"tags":[406],"class_list":["post-10611","post","type-post","status-publish","format-standard","hentry","category-articles-et-communiques-de-presse","category-printemps-de-la-psychiatrie","tag-lobby-fondamental"],"_links":{"self":[{"href":"https:\/\/www.collectifpsychiatrie.fr\/index.php?rest_route=\/wp\/v2\/posts\/10611","targetHints":{"allow":["GET"]}}],"collection":[{"href":"https:\/\/www.collectifpsychiatrie.fr\/index.php?rest_route=\/wp\/v2\/posts"}],"about":[{"href":"https:\/\/www.collectifpsychiatrie.fr\/index.php?rest_route=\/wp\/v2\/types\/post"}],"author":[{"embeddable":true,"href":"https:\/\/www.collectifpsychiatrie.fr\/index.php?rest_route=\/wp\/v2\/users\/8"}],"replies":[{"embeddable":true,"href":"https:\/\/www.collectifpsychiatrie.fr\/index.php?rest_route=%2Fwp%2Fv2%2Fcomments&post=10611"}],"version-history":[{"count":1,"href":"https:\/\/www.collectifpsychiatrie.fr\/index.php?rest_route=\/wp\/v2\/posts\/10611\/revisions"}],"predecessor-version":[{"id":10612,"href":"https:\/\/www.collectifpsychiatrie.fr\/index.php?rest_route=\/wp\/v2\/posts\/10611\/revisions\/10612"}],"wp:attachment":[{"href":"https:\/\/www.collectifpsychiatrie.fr\/index.php?rest_route=%2Fwp%2Fv2%2Fmedia&parent=10611"}],"wp:term":[{"taxonomy":"category","embeddable":true,"href":"https:\/\/www.collectifpsychiatrie.fr\/index.php?rest_route=%2Fwp%2Fv2%2Fcategories&post=10611"},{"taxonomy":"post_tag","embeddable":true,"href":"https:\/\/www.collectifpsychiatrie.fr\/index.php?rest_route=%2Fwp%2Fv2%2Ftags&post=10611"}],"curies":[{"name":"wp","href":"https:\/\/api.w.org\/{rel}","templated":true}]}}