{"id":17,"date":"2008-12-15T15:47:20","date_gmt":"2008-12-15T15:47:20","guid":{"rendered":"http:\/\/drapher.u7n.org\/39\/?p=17"},"modified":"2020-12-06T09:28:15","modified_gmt":"2020-12-06T09:28:15","slug":"charte-du-collectif-des-39-contre-la-nuit-securitaire","status":"publish","type":"post","link":"https:\/\/www.collectifpsychiatrie.fr\/?p=17","title":{"rendered":"&gt;CHARTE DU COLLECTIF DES 39 contre la Nuit S\u00e9curitaire"},"content":{"rendered":"<p>La folie n\u2019est concevable qu\u2019irr\u00e9ductiblement li\u00e9e \u00e0 la condition humaine.<\/p>\n<p>Contrairement \u00e0 la maladie somatique, il existe une modalit\u00e9 particuli\u00e8re de souffrance psychique li\u00e9e \u00e0 certains modes de structuration subjective. Elle ne rel\u00e8ve pas d\u2019une causalit\u00e9 lin\u00e9aire mais d\u2019un d\u00e9terminisme pluri factoriel marqu\u00e9 du sceau de la complexit\u00e9.<\/p>\n<p>D\u00e9tach\u00e9s des id\u00e9ologies marqu\u00e9es du pragmatisme, l\u2019art et les techniques psychiatriques prennent en compte la personne dans son ensemble\u00a0: il s\u2019agit de soigner quelqu\u2019un et non une maladie.<\/p>\n<p>Engag\u00e9e dans la r\u00e9alit\u00e9 sociale, la psychiatrie se doit \u00e9thiquement de pr\u00e9server la singularit\u00e9 et l\u2019originalit\u00e9 des personnes qui se confient \u00e0 elles ou lui sont confi\u00e9es\u00a0; elle ne se con\u00e7oit qu\u2019en relation avec les patients, leurs familles mais aussi avec les acteurs du social et du champ m\u00e9dico-social et pr\u00f4ne par cons\u00e9quent une politique psychiatrique inscrite dans la communaut\u00e9.<\/p>\n<p>Nous, soignants en psychiatrie affirmons que\u00a0:<\/p>\n<p>\u2022 Notre engagement th\u00e9rapeutique tient d\u2019abord \u00e0 la consid\u00e9ration de la vuln\u00e9rabilit\u00e9 et de la cr\u00e9ativit\u00e9 des patients\u00a0; il doit par ailleurs nous conduire \u00e0 promouvoir tous les lieux n\u00e9cessaires \u00e0 une hospitalit\u00e9 pour la folie qui constitue l\u2019enjeu de notre travail\u00a0: dans l\u2019hospitalisation, comme dans les lieux ambulatoires qui doivent mettre l\u2019accueil au c\u0153ur de leur projet.<\/p>\n<p>\u2022 La dimension relationnelle est au c\u0153ur de tout processus de pr\u00e9vention et de soins<\/p>\n<p>\u2022 Les valeurs r\u00e9publicaines de libert\u00e9, \u00e9galit\u00e9 et de fraternit\u00e9 sont le socle constitutif de toute pratique.<\/p>\n<p>Aussi refusons-nous avec force\u00a0:<\/p>\n<p>\u2022 L\u2019abandon des patients renvoy\u00e9s \u00e0 la rue ou \u00e0 la prison<\/p>\n<p>\u2022 L\u2019id\u00e9ologie s\u00e9curitaire qui stigmatise, contient, isole et maltraite les plus d\u00e9munis des citoyens<\/p>\n<p>\u2022 Toute modification ou interpr\u00e9tation des lois qui confirmerait la s\u00e9gr\u00e9gation et la stigmatisation des patients en les assujettissant \u00e0 des lois sp\u00e9cifiques et aggraverait la tendance \u00e0 l\u2019enfermement.<\/p>\n<p>\u2022 L\u2019id\u00e9ologie falsificatrice qui ferait croire que soigner sous la contrainte dans la cit\u00e9 serait une avanc\u00e9e pour les patients ou leur famille.<\/p>\n<p>\u2022 L\u2019imposture des protocoles standardis\u00e9s pseudo scientifiques d\u00e9niant la singularit\u00e9 de chaque acte, de chaque projet soignant, de chaque patient.<\/p>\n<p>\u2022 La mainmise de l\u2019appareil technico gestionnaire tentant d\u2019annihiler, de nier et d\u2019\u00e9craser la dimension cr\u00e9ative et inventive de tout processus de soin.<\/p>\n<p>Aussi soutenons nous toute pratique qu\u2019elle soit publique en accord avec les acquis du secteur, lib\u00e9rale conventionn\u00e9e ou associative, garantissant en particulier la continuit\u00e9 des soins et pr\u00f4nant l\u2019attachement \u00e0 des valeurs fondamentales telles que\u00a0: respect du secret professionnel, engagement relationnel, ind\u00e9pendance professionnelle, respect de l\u2019intimit\u00e9 du patient.<\/p>\n<p>Nous d\u00e9fendrons un enseignement reposant en particulier sur la psychopathologie, et n\u00e9cessitant la r\u00e9introduction de formations sp\u00e9cifiques d\u00e9sarrim\u00e9es de la logique, du cadre th\u00e9orique et des int\u00e9r\u00eats hospitalo-universitaires actuels autant que de l\u2019emprise des laboratoires pharmaceutiques et ceci pour tous les professionnels de la psychiatrie.<\/p>\n<p>Avec et pour ces valeurs nous continuerons \u00e0 d\u00e9noncer toutes les d\u00e9rives politiques, techniques, gestionnaires et sociales qui enfermeraient peu \u00e0 peu les patients dans un carcan d\u00e9shumanisant.<\/p>\n<p>Nous affirmons que ce combat est essentiel pour que la psychiatrie ne bascule pas dans la barbarie o\u00f9 rejeter et punir ferait dispara\u00eetre les pratiques accueillantes de soins d\u00e9sali\u00e9nistes.<\/p>\n<h3>Le collectif des 39 &#8211; Contre la Nuit S\u00e9curitaire<\/h3>\n<p>(suite \u00e0 la r\u00e9union fondatrice du 12 d\u00e9cembre 2008)<\/p>\n","protected":false},"excerpt":{"rendered":"<p>La folie n\u2019est concevable qu\u2019irr\u00e9ductiblement li\u00e9e \u00e0 la condition humaine. Contrairement \u00e0 la maladie somatique, il existe une modalit\u00e9 particuli\u00e8re de souffrance psychique li\u00e9e \u00e0 certains modes de structuration subjective. Elle ne rel\u00e8ve pas d\u2019une causalit\u00e9 lin\u00e9aire mais d\u2019un d\u00e9terminisme pluri factoriel marqu\u00e9 du sceau de la complexit\u00e9. D\u00e9tach\u00e9s des id\u00e9ologies marqu\u00e9es du pragmatisme, l\u2019art &hellip; <a href=\"https:\/\/www.collectifpsychiatrie.fr\/?p=17\" class=\"more-link\">Continuer la lecture de <span class=\"screen-reader-text\">&gt;CHARTE DU COLLECTIF DES 39 contre la Nuit S\u00e9curitaire<\/span>  <span class=\"meta-nav\">&rarr;<\/span><\/a><\/p>\n","protected":false},"author":2,"featured_media":0,"comment_status":"closed","ping_status":"open","sticky":false,"template":"","format":"standard","meta":{"footnotes":""},"categories":[20],"tags":[385],"class_list":["post-17","post","type-post","status-publish","format-standard","hentry","category-charte-des-39","tag-antony-2008"],"_links":{"self":[{"href":"https:\/\/www.collectifpsychiatrie.fr\/index.php?rest_route=\/wp\/v2\/posts\/17","targetHints":{"allow":["GET"]}}],"collection":[{"href":"https:\/\/www.collectifpsychiatrie.fr\/index.php?rest_route=\/wp\/v2\/posts"}],"about":[{"href":"https:\/\/www.collectifpsychiatrie.fr\/index.php?rest_route=\/wp\/v2\/types\/post"}],"author":[{"embeddable":true,"href":"https:\/\/www.collectifpsychiatrie.fr\/index.php?rest_route=\/wp\/v2\/users\/2"}],"replies":[{"embeddable":true,"href":"https:\/\/www.collectifpsychiatrie.fr\/index.php?rest_route=%2Fwp%2Fv2%2Fcomments&post=17"}],"version-history":[{"count":2,"href":"https:\/\/www.collectifpsychiatrie.fr\/index.php?rest_route=\/wp\/v2\/posts\/17\/revisions"}],"predecessor-version":[{"id":9195,"href":"https:\/\/www.collectifpsychiatrie.fr\/index.php?rest_route=\/wp\/v2\/posts\/17\/revisions\/9195"}],"wp:attachment":[{"href":"https:\/\/www.collectifpsychiatrie.fr\/index.php?rest_route=%2Fwp%2Fv2%2Fmedia&parent=17"}],"wp:term":[{"taxonomy":"category","embeddable":true,"href":"https:\/\/www.collectifpsychiatrie.fr\/index.php?rest_route=%2Fwp%2Fv2%2Fcategories&post=17"},{"taxonomy":"post_tag","embeddable":true,"href":"https:\/\/www.collectifpsychiatrie.fr\/index.php?rest_route=%2Fwp%2Fv2%2Ftags&post=17"}],"curies":[{"name":"wp","href":"https:\/\/api.w.org\/{rel}","templated":true}]}}