{"id":281,"date":"2010-10-23T10:01:08","date_gmt":"2010-10-23T10:01:08","guid":{"rendered":"http:\/\/drapher.u7n.org\/39\/?p=281"},"modified":"2010-10-23T10:01:08","modified_gmt":"2010-10-23T10:01:08","slug":"la-ferme-du-vinatier","status":"publish","type":"post","link":"https:\/\/www.collectifpsychiatrie.fr\/?p=281","title":{"rendered":"&gt;La Ferme du Vinatier"},"content":{"rendered":"<p><em>La Ferme du Vinatier ?<\/p>\n<p>Le service culturel du Centre Hospitalier Le Vinatier est une interface originale reliant l&rsquo;h\u00f4pital \u00e0 la cit\u00e9, int\u00e9gr\u00e9e \u00e0 la politique d&rsquo;\u00e9tablissement d\u00e8s sa cr\u00e9ation en 1997 et ouverte \u00e0 tous les publics.<\/em><\/p>\n<p>Les projets 2010-2011<\/p>\n<p>Concert jazz de l\u2019Arfi<br \/>\n\u00ab Concert jazz de l\u2019Arfi\u00bb ORGANISE DANS LE CADRE DU FESTIVAL ECLATS D\u2019ARFI LE 26 NOVEMBRE 2010 A 20H A LA FERME DU VINATIER De janvier \u00e0 juin 2011, (&#8230;)<br \/>\nLe 26 novembre 2010<\/p>\n<p>Du patient-mod\u00e8le au patient mod\u00e8le : portraits de gens<br \/>\n\u00ab Du patient-mod\u00e8le au patient mod\u00e8le : portraits de gens \u00bb Exposition photographique DU 16 SEPTEMBRE AU 17 DECEMBRE 2010 SUR LES GRILLES DU CH LE VIN (&#8230;)<br \/>\nDu 16 septembre 2010 au 17 d\u00e9cembre 2010<\/p>\n<p><a href=\"http:\/\/www.ch-le-vinatier.fr\/ferme\/la_ferme_presentation.php\">LE SITE DE LA FERME DU VINATIER<\/a><\/p>\n","protected":false},"excerpt":{"rendered":"<p>La Ferme du Vinatier ? Le service culturel du Centre Hospitalier Le Vinatier est une interface originale reliant l&rsquo;h\u00f4pital \u00e0 la cit\u00e9, int\u00e9gr\u00e9e \u00e0 la politique d&rsquo;\u00e9tablissement d\u00e8s sa cr\u00e9ation en 1997 et ouverte \u00e0 tous les publics. Les projets 2010-2011 Concert jazz de l\u2019Arfi \u00ab Concert jazz de l\u2019Arfi\u00bb ORGANISE DANS LE CADRE DU &hellip; <a href=\"https:\/\/www.collectifpsychiatrie.fr\/?p=281\" class=\"more-link\">Continuer la lecture de <span class=\"screen-reader-text\">&gt;La Ferme du Vinatier<\/span>  <span class=\"meta-nav\">&rarr;<\/span><\/a><\/p>\n","protected":false},"author":2,"featured_media":0,"comment_status":"closed","ping_status":"open","sticky":false,"template":"","format":"standard","meta":{"footnotes":""},"categories":[6,16],"tags":[],"class_list":["post-281","post","type-post","status-publish","format-standard","hentry","category-evenements","category-spectacles"],"_links":{"self":[{"href":"https:\/\/www.collectifpsychiatrie.fr\/index.php?rest_route=\/wp\/v2\/posts\/281","targetHints":{"allow":["GET"]}}],"collection":[{"href":"https:\/\/www.collectifpsychiatrie.fr\/index.php?rest_route=\/wp\/v2\/posts"}],"about":[{"href":"https:\/\/www.collectifpsychiatrie.fr\/index.php?rest_route=\/wp\/v2\/types\/post"}],"author":[{"embeddable":true,"href":"https:\/\/www.collectifpsychiatrie.fr\/index.php?rest_route=\/wp\/v2\/users\/2"}],"replies":[{"embeddable":true,"href":"https:\/\/www.collectifpsychiatrie.fr\/index.php?rest_route=%2Fwp%2Fv2%2Fcomments&post=281"}],"version-history":[{"count":0,"href":"https:\/\/www.collectifpsychiatrie.fr\/index.php?rest_route=\/wp\/v2\/posts\/281\/revisions"}],"wp:attachment":[{"href":"https:\/\/www.collectifpsychiatrie.fr\/index.php?rest_route=%2Fwp%2Fv2%2Fmedia&parent=281"}],"wp:term":[{"taxonomy":"category","embeddable":true,"href":"https:\/\/www.collectifpsychiatrie.fr\/index.php?rest_route=%2Fwp%2Fv2%2Fcategories&post=281"},{"taxonomy":"post_tag","embeddable":true,"href":"https:\/\/www.collectifpsychiatrie.fr\/index.php?rest_route=%2Fwp%2Fv2%2Ftags&post=281"}],"curies":[{"name":"wp","href":"https:\/\/api.w.org\/{rel}","templated":true}]}}