{"id":3008,"date":"2012-01-09T18:22:00","date_gmt":"2012-01-09T18:22:00","guid":{"rendered":"http:\/\/www.collectifpsychiatrie.fr\/?p=3008"},"modified":"2012-01-09T18:22:00","modified_gmt":"2012-01-09T18:22:00","slug":"quelle-place-notre-societe-reserve-t-elle-a-la-folie","status":"publish","type":"post","link":"https:\/\/www.collectifpsychiatrie.fr\/?p=3008","title":{"rendered":"&gt;Quelle place notre soci\u00e9t\u00e9 r\u00e9serve-t-elle \u00e0 la folie ?"},"content":{"rendered":"<p><a href=\"http:\/\/collectimp.cluster011.ovh.net\/wp-content\/uploads\/2012\/01\/invitation1.png\"><img loading=\"lazy\" decoding=\"async\" alt=\"\" class=\"aligncenter size-full wp-image-3011\" height=\"406\" src=\"http:\/\/collectimp.cluster011.ovh.net\/wp-content\/uploads\/2012\/01\/invitation1.png\" title=\"invitation\" width=\"847\" \/><\/a><\/p>\n","protected":false},"excerpt":{"rendered":"","protected":false},"author":2,"featured_media":0,"comment_status":"open","ping_status":"open","sticky":false,"template":"","format":"standard","meta":{"footnotes":""},"categories":[6,25],"tags":[],"class_list":["post-3008","post","type-post","status-publish","format-standard","hentry","category-evenements","category-meetings"],"_links":{"self":[{"href":"https:\/\/www.collectifpsychiatrie.fr\/index.php?rest_route=\/wp\/v2\/posts\/3008","targetHints":{"allow":["GET"]}}],"collection":[{"href":"https:\/\/www.collectifpsychiatrie.fr\/index.php?rest_route=\/wp\/v2\/posts"}],"about":[{"href":"https:\/\/www.collectifpsychiatrie.fr\/index.php?rest_route=\/wp\/v2\/types\/post"}],"author":[{"embeddable":true,"href":"https:\/\/www.collectifpsychiatrie.fr\/index.php?rest_route=\/wp\/v2\/users\/2"}],"replies":[{"embeddable":true,"href":"https:\/\/www.collectifpsychiatrie.fr\/index.php?rest_route=%2Fwp%2Fv2%2Fcomments&post=3008"}],"version-history":[{"count":0,"href":"https:\/\/www.collectifpsychiatrie.fr\/index.php?rest_route=\/wp\/v2\/posts\/3008\/revisions"}],"wp:attachment":[{"href":"https:\/\/www.collectifpsychiatrie.fr\/index.php?rest_route=%2Fwp%2Fv2%2Fmedia&parent=3008"}],"wp:term":[{"taxonomy":"category","embeddable":true,"href":"https:\/\/www.collectifpsychiatrie.fr\/index.php?rest_route=%2Fwp%2Fv2%2Fcategories&post=3008"},{"taxonomy":"post_tag","embeddable":true,"href":"https:\/\/www.collectifpsychiatrie.fr\/index.php?rest_route=%2Fwp%2Fv2%2Ftags&post=3008"}],"curies":[{"name":"wp","href":"https:\/\/api.w.org\/{rel}","templated":true}]}}