{"id":353,"date":"2010-11-03T19:20:04","date_gmt":"2010-11-03T19:20:04","guid":{"rendered":"http:\/\/www.collectifpsychiatrie.fr\/?p=353"},"modified":"2010-11-03T19:20:04","modified_gmt":"2010-11-03T19:20:04","slug":"mc2-grenoble-20-novembre-2010-home","status":"publish","type":"post","link":"https:\/\/www.collectifpsychiatrie.fr\/?p=353","title":{"rendered":"&gt;MC2, Grenoble 20 novembre 2010 : &quot;HOME&quot;"},"content":{"rendered":"<p><strong>O\u00f9 l&rsquo;homme trouve-t-il sa maison ?<\/strong><\/p>\n<p>samedi 20 novembre :<\/p>\n<p><strong>Journ\u00e9e d&rsquo;\u00e9tude autour du spectacle Home<\/strong><\/p>\n<p>&#8211; Rencontre et table ronde Th\u00e9\u00e2tre et psychiatrie<br \/>\n&#8211; Projection du film La moindre des choses de Nicolas Philibert<\/p>\n<p><strong>Home. Ils parlent par bribes, de tout et de rien <\/strong>ces personnages dont peu \u00e0 peu les souvenirs, les associations, les all\u00e9es et venues et les r\u00e9pliques nous am\u00e8nent \u00e0 penser qu&rsquo;ils sont vraiment intelligents mais d\u00e9boussol\u00e9s quand m\u00eame. On ne sait o\u00f9 ils veulent en venir et il serait bien de se laisser guider dans ce dialogue d\u00e9cousu en n&rsquo;essayant pas de comprendre trop vite. Mais ils sont l\u00e0, ils ont trouv\u00e9 un endroit, un asile, o\u00f9 ils se sentent \u00e0 l&rsquo;abri. A l&rsquo;abri de l&rsquo;ext\u00e9rieur, d&rsquo;eux-m\u00eames ? Et ils nous en disent un peu sur leurs petites d\u00e9faillances, beaucoup sur les choses que nous avons en commun : la folie, permanente virtualit\u00e9 d&rsquo;une f\u00ealure, d&rsquo;une fragilit\u00e9 inh\u00e9rente \u00e0 notre condition humaine d&rsquo;\u00eatres parlants.<\/p>\n<p><strong>Le th\u00e9\u00e2tre s&rsquo;en origine depuis la trag\u00e9die grecque<\/strong>. Les artistes, r\u00e9alisateurs, com\u00e9diens, metteurs en sc\u00e8ne, nous rendent plus proches de ces d\u00e9chirements. Et les diff\u00e9rents acteurs de la psychiatrie, participent avec chaque patient \u00e0 la recherche d&rsquo;une solution particuli\u00e8re qui corresponde \u00e0 sa logique. Il saura alors un peu plus ce qui l&rsquo;agite et un peu mieux o\u00f9 il habite.<\/p>\n<p>Intervenants : Claude L\u00e9ger, psychiatre des H\u00f4pitaux, responsable du secteur de psychiatrie g\u00e9n\u00e9rale de Levallois-Perret (92) et psychanalyste, membre de l&rsquo;EPFCL-France > Paul Machto, psychiatre et psychanalyste, membre du collectif des 39 contre la nuit s\u00e9curitaire > Marie-Philippe Deloche, psychiatre, directrice de l&rsquo;H\u00f4pital de Jour de la MGEN (Grenoble) > Jean-Claude Exbrayat, psychiatre, responsable du service d&rsquo;addictologie au Centre Hospitalier Alpes Is\u00e8re > Anne Meunier, psychanalyste > Marie-Clotilde Aubrier, com\u00e9dienne, intervenante au Centre Hospitalier Alpes Is\u00e8re > Nicolas Philibert, cin\u00e9aste > Chantal Morel et l&rsquo;\u00e9quipe artistique de Home<\/p>\n<p><strong>Programme :<\/strong><br \/>\n11h-11h30<br \/>\nIntroduction : Chantal Morel > Anne Meunier<br \/>\n11h30-13h<br \/>\nContributions : Claude L\u00e9ger > Paul Machto > Jean-Claude Exbrayat > Marie-Philippe Deloche<br \/>\n13h-14h Pause<br \/>\n14h-16h30<br \/>\n<strong>Projection du film La moindre des choses<\/strong> de Nicolas Philibert, en sa pr\u00e9sence<\/p>\n<p><a href=\"https:\/\/www.collectifpsychiatrie.fr\/wp-content\/uploads\/2010\/11\/titre.jpg\"><img loading=\"lazy\" decoding=\"async\" src=\"https:\/\/www.collectifpsychiatrie.fr\/wp-content\/uploads\/2010\/11\/titre-300x60.jpg\" alt=\"\" title=\"titre\" width=\"300\" height=\"60\" class=\"aligncenter size-medium wp-image-354\" \/><\/a><\/p>\n<p><strong>Home<\/strong><\/p>\n<p>De David Storey<br \/>\nAdaptation fran\u00e7aise Marguerite Duras<br \/>\nMise en sc\u00e8ne Chantal Morel<\/p>\n<p><a href=\"https:\/\/www.collectifpsychiatrie.fr\/wp-content\/uploads\/2010\/11\/fleche01.jpg\"><img loading=\"lazy\" decoding=\"async\" src=\"https:\/\/www.collectifpsychiatrie.fr\/wp-content\/uploads\/2010\/11\/fleche01.jpg\" alt=\"\" title=\"fleche01\" width=\"90\" height=\"88\" class=\"alignleft size-full wp-image-357\" \/><\/a><\/p>\n<p><a href=\"https:\/\/www.collectifpsychiatrie.fr\/wp-content\/uploads\/2010\/11\/img.jpg\"><img loading=\"lazy\" decoding=\"async\" src=\"https:\/\/www.collectifpsychiatrie.fr\/wp-content\/uploads\/2010\/11\/img.jpg\" alt=\"\" title=\"img\" width=\"450\" height=\"503\" class=\"alignright size-full wp-image-360\" \/><\/a><\/p>\n<p>Plus d&rsquo;informations sur les spectacles et les activit\u00e9s de la MC2: sur <a href=\"http:\/\/www.mc2grenoble.f\">http:\/\/www.mc2grenoble.f<\/a>r ou au 04 76 00 79 00<\/p>\n","protected":false},"excerpt":{"rendered":"<p>O\u00f9 l&rsquo;homme trouve-t-il sa maison ? samedi 20 novembre : Journ\u00e9e d&rsquo;\u00e9tude autour du spectacle Home &#8211; Rencontre et table ronde Th\u00e9\u00e2tre et psychiatrie &#8211; Projection du film La moindre des choses de Nicolas Philibert Home. Ils parlent par bribes, de tout et de rien ces personnages dont peu \u00e0 peu les souvenirs, les associations, &hellip; <a href=\"https:\/\/www.collectifpsychiatrie.fr\/?p=353\" class=\"more-link\">Continuer la lecture de <span class=\"screen-reader-text\">&gt;MC2, Grenoble 20 novembre 2010 : &quot;HOME&quot;<\/span>  <span class=\"meta-nav\">&rarr;<\/span><\/a><\/p>\n","protected":false},"author":2,"featured_media":0,"comment_status":"open","ping_status":"open","sticky":false,"template":"","format":"standard","meta":{"footnotes":""},"categories":[6,16],"tags":[],"class_list":["post-353","post","type-post","status-publish","format-standard","hentry","category-evenements","category-spectacles"],"_links":{"self":[{"href":"https:\/\/www.collectifpsychiatrie.fr\/index.php?rest_route=\/wp\/v2\/posts\/353","targetHints":{"allow":["GET"]}}],"collection":[{"href":"https:\/\/www.collectifpsychiatrie.fr\/index.php?rest_route=\/wp\/v2\/posts"}],"about":[{"href":"https:\/\/www.collectifpsychiatrie.fr\/index.php?rest_route=\/wp\/v2\/types\/post"}],"author":[{"embeddable":true,"href":"https:\/\/www.collectifpsychiatrie.fr\/index.php?rest_route=\/wp\/v2\/users\/2"}],"replies":[{"embeddable":true,"href":"https:\/\/www.collectifpsychiatrie.fr\/index.php?rest_route=%2Fwp%2Fv2%2Fcomments&post=353"}],"version-history":[{"count":0,"href":"https:\/\/www.collectifpsychiatrie.fr\/index.php?rest_route=\/wp\/v2\/posts\/353\/revisions"}],"wp:attachment":[{"href":"https:\/\/www.collectifpsychiatrie.fr\/index.php?rest_route=%2Fwp%2Fv2%2Fmedia&parent=353"}],"wp:term":[{"taxonomy":"category","embeddable":true,"href":"https:\/\/www.collectifpsychiatrie.fr\/index.php?rest_route=%2Fwp%2Fv2%2Fcategories&post=353"},{"taxonomy":"post_tag","embeddable":true,"href":"https:\/\/www.collectifpsychiatrie.fr\/index.php?rest_route=%2Fwp%2Fv2%2Ftags&post=353"}],"curies":[{"name":"wp","href":"https:\/\/api.w.org\/{rel}","templated":true}]}}