{"id":3547,"date":"2012-05-16T06:21:48","date_gmt":"2012-05-16T06:21:48","guid":{"rendered":"http:\/\/www.collectifpsychiatrie.fr\/?p=3547"},"modified":"2012-05-16T06:21:48","modified_gmt":"2012-05-16T06:21:48","slug":"lettre-au-nouveau-president-de-la-republique-et-aux-futurs-elus-de-lassemblee","status":"publish","type":"post","link":"https:\/\/www.collectifpsychiatrie.fr\/?p=3547","title":{"rendered":"&gt;Lettre au nouveau Pr\u00e9sident de la R\u00e9publique et aux futurs \u00e9lus de l&#039;Assembl\u00e9e"},"content":{"rendered":"<p>&nbsp;<\/p>\n<p style=\"text-align: center; \"><a href=\"http:\/\/collectimp.cluster011.ovh.net\/wp-content\/uploads\/2012\/05\/baillon1.jpg\"><img loading=\"lazy\" decoding=\"async\" alt=\"\" class=\"alignright size-full wp-image-3548\" height=\"306\" src=\"http:\/\/collectimp.cluster011.ovh.net\/wp-content\/uploads\/2012\/05\/baillon1.jpg\" title=\"baillon\" width=\"460\" \/><\/a><\/p>\n<p>&nbsp;<\/p>\n<p>&nbsp;<\/p>\n<p>&nbsp;<\/p>\n<p>&nbsp;<\/p>\n<p>&nbsp;<\/p>\n<p>&nbsp;<\/p>\n<p>&nbsp;<\/p>\n<p>&nbsp;<\/p>\n<p>&nbsp;<\/p>\n<p>&nbsp;<\/p>\n<p><span style=\"font-family:times new roman,times,serif;\"><span style=\"font-size:16px;\">Monsieur le Pr&eacute;sident, chers candidats,<\/span><\/span><\/p>\n<p><span style=\"font-family:times new roman,times,serif;\"><span style=\"font-size:16px;\">C&#39;est avec &eacute;motion que je m&#39;adresse &agrave; vous, avec &eacute;motion et espoir, l&#39;espoir du professionnel et du citoyen qui a assist&eacute; impuissant dans le dernier quinquennat &agrave; la d&eacute;construction du plus bel outil fa&ccedil;onn&eacute; patiemment depuis des d&eacute;cennies dans la R&eacute;sistance par la psychiatrie fran&ccedil;aise: la psychiatrie de secteur.<\/span><\/span><\/p>\n<p><span style=\"font-family:times new roman,times,serif;\"><span style=\"font-size:16px;\">L&#39;&eacute;motion est celle d&#39;un citoyen esp&eacute;rant pouvoir enfin redevenir fier de son pays et de la fa&ccedil;on dont il traite les personnes souffrant de troubles psychiques. L&#39;&eacute;tat des lieux, Monsieur le Pr&eacute;sident, laiss&eacute; par votre pr&eacute;d&eacute;cesseur, est celui d&#39;un pays qui aurait perdu toute humanit&eacute;, et qui aurait &eacute;t&eacute; guid&eacute; par le seul d&eacute;sir de contr&ocirc;le au service du pouvoir, utilisant la menace et la peur pour convaincre&#8230;<\/span><\/span><\/p>\n<p><span style=\"font-family:times new roman,times,serif;\"><span style=\"font-size:16px;\">L&#39;id&eacute;al socialiste qui vous anime ne saurait se satisfaire de cet &eacute;tat des lieux. Aidez-nous &agrave; renouer avec notre service public, sa qualit&eacute; et la philosophie qui en a permis le d&eacute;veloppement. Que le socialisme montre au monde entier comment respecter, soutenir et faire advenir la part d&#39;humanit&eacute;, existant en chaque personne pr&eacute;sentant un handicap psychique.<\/span><\/span><\/p>\n<p><span style=\"font-family:times new roman,times,serif;\"><span style=\"font-size:16px;\">Votre pr&eacute;d&eacute;cesseur dans son violent discours &agrave; la t&eacute;l&eacute;vision du 2 d&eacute;cembre 2008 s&#39;est appuy&eacute; sur des th&egrave;ses du 19e si&egrave;cle associant crime et maladie mentale et a fait voter la loi du 5 juillet 2012 plus r&eacute;pressive que toutes celles qui ont exist&eacute; avant, utilisant enfermement et traitement chimique obligatoire, disqualifiant tous les efforts qui ont port&eacute; la psychiatrie fran&ccedil;aise au plus haut niveau (Obama et la Chine ont cherch&eacute; &agrave; la conna&icirc;tre).<\/span><\/span><\/p>\n<p><span style=\"font-family:times new roman,times,serif;\"><span style=\"font-size:16px;\">Au lieu de continuer &agrave; d&eacute;velopper tous les soins dans le tissu social, il a renforc&eacute; les anciens asiles du 19e si&egrave;cle. La stigmatisation ainsi cr&eacute;&eacute;e a eu des cons&eacute;quences dramatiques. Elle a d&eacute;truit le moral des soignants en les disqualifiant par son propos, annulant 50 ans d&#39;efforts faits pour rendre les soins proches, accessibles, solidaires; il a divis&eacute; les divers acteurs de la Sant&eacute; mentale, favoris&eacute; des compromissions r&eacute;unies dans le Plan de sant&eacute; mentale de janvier dernier: celui-ci int&egrave;gre le rapport Couty proposant la dispersion des divers soins n&eacute;cessaires pour un m&ecirc;me malade, ce qui d&eacute;truit la continuit&eacute; des soins propos&eacute;e par la politique de secteur, et pire sous le titre &#39;&#39;d&#39;aidants&#39;&#39; veut lever une v&eacute;ritable &quot;milice&quot; de familles (aidants familiaux) et de patients (m&eacute;diateurs-pairs aidants, ou &quot;bons malades&quot;) pour suppl&eacute;er les soignants dits d&eacute;faillants.<\/span><\/span><\/p>\n<p><span style=\"font-family:times new roman,times,serif;\"><span style=\"font-size:16px;\">Aujourd&#39;hui il est indispensable et n&eacute;cessaire que le Pr&eacute;sident, les nouveaux &eacute;lus, redonnent confiance aux divers professionnels de la psychiatrie et de l&#39;action sociale, qu&#39;ils abrogent la loi de 2011 et le Plan de sant&eacute; mentale qui la consolide. Ainsi ils permettront leur rassemblement et leur union autour d&#39;un grand projet pour la psychiatrie associant les soins et les compensations sociales des handicaps psychiques.<\/span><\/span><\/p>\n<p><span style=\"font-family:times new roman,times,serif;\"><span style=\"font-size:16px;\">Savez-vous chers candidats que ce sont 10 millions de personnes qui sont concern&eacute;es par la psychiatrie, dont 3 millions avec des troubles graves, en comptant leurs familles et leurs soignants ? La stigmatisation &eacute;tait telle qu&#39;ils n&#39;osaient plus se manifester.<\/span><\/span><\/p>\n<p><span style=\"font-family:times new roman,times,serif;\"><span style=\"font-size:16px;\">La peur &eacute;tant &eacute;cart&eacute;e, la psychiatrie de secteur pourra &ecirc;tre reconstruite sur la solidarit&eacute;, la proximit&eacute;: une m&ecirc;me &eacute;quipe de soin, met &agrave; la disposition de chaque patient, dans la continuit&eacute; tout au long de sa vie, les diverses acquisitions psychoth&eacute;rapiques et scientifiques en veillant &agrave; toujours les associer.<\/span><\/span><\/p>\n<p><span style=\"font-family:times new roman,times,serif;\"><span style=\"font-size:16px;\">Ce projet n&eacute; au lendemain de la guerre avec l&#39;exp&eacute;rience de la R&eacute;sistance, b&acirc;ti sur la solidarit&eacute;, doit &ecirc;tre reformul&eacute;, reconduit, mais associ&eacute; &agrave; la cr&eacute;ation d&#39;un bureau de la psychiatrie au minist&egrave;re de la Sant&eacute; et d&#39;un comit&eacute; de Sages, n&eacute;cessaires pour faire &eacute;voluer la psychiatrie &agrave; la mesure de l&#39;&eacute;volution de la soci&eacute;t&eacute; fran&ccedil;aise (ceci existait entre 1970 et 1990 et a fait ses preuves). Ces instances sont plus fiables que des lois.<\/span><\/span><\/p>\n<p><span style=\"font-family:times new roman,times,serif;\"><span style=\"font-size:16px;\">Confirmez la psychiatrie de secteur qui a fait ses preuves, avec ses soins b&acirc;tis sur la confiance, la libert&eacute;, &agrave; partir d&#39;une vraie rencontre humaine, cette libert&eacute; dont le patient a besoin pour se reconstruire, s&#39;appuyant sur ses talents, ses potentialit&eacute;s, sa cr&eacute;ativit&eacute;.<\/span><\/span><\/p>\n<p>&nbsp;<\/p>\n<p><span style=\"font-family:times new roman,times,serif;\"><span style=\"font-size:16px;\"><strong>Guy Baillon,&nbsp;<\/strong><\/span><\/span><span style=\"color: rgb(0, 0, 0); font-family: Georgia, Century, Times, serif; font-size: 16px; line-height: 20px; text-align: left; \">Psychiatre des h&ocirc;pitaux en 1969, chef de secteur de Bondy dans le 93, rattach&eacute; &agrave; Ville-Evrard.<\/span><\/p>\n","protected":false},"excerpt":{"rendered":"<p>&nbsp; &nbsp; &nbsp; &nbsp; &nbsp; &nbsp; &nbsp; &nbsp; &nbsp; &nbsp; &nbsp; Monsieur le Pr&eacute;sident, chers candidats, C&#39;est avec &eacute;motion que je m&#39;adresse &agrave; vous, avec &eacute;motion et espoir, l&#39;espoir du professionnel et du citoyen qui a assist&eacute; impuissant dans le dernier quinquennat &agrave; la d&eacute;construction du plus bel outil fa&ccedil;onn&eacute; patiemment depuis des d&eacute;cennies dans &hellip; <a href=\"https:\/\/www.collectifpsychiatrie.fr\/?p=3547\" class=\"more-link\">Continuer la lecture de <span class=\"screen-reader-text\">&gt;Lettre au nouveau Pr\u00e9sident de la R\u00e9publique et aux futurs \u00e9lus de l&#039;Assembl\u00e9e<\/span>  <span class=\"meta-nav\">&rarr;<\/span><\/a><\/p>\n","protected":false},"author":4,"featured_media":0,"comment_status":"open","ping_status":"open","sticky":false,"template":"","format":"standard","meta":{"footnotes":""},"categories":[22],"tags":[32,146,188,189,285,286],"class_list":["post-3547","post","type-post","status-publish","format-standard","hentry","category-articles-et-communiques-de-presse","tag-abrogation-loi-juillet-2011","tag-guy-baillon","tag-lettre-au-president","tag-lettre-aux-elus","tag-psychiatrie","tag-psychiatrie-de-secteur"],"_links":{"self":[{"href":"https:\/\/www.collectifpsychiatrie.fr\/index.php?rest_route=\/wp\/v2\/posts\/3547","targetHints":{"allow":["GET"]}}],"collection":[{"href":"https:\/\/www.collectifpsychiatrie.fr\/index.php?rest_route=\/wp\/v2\/posts"}],"about":[{"href":"https:\/\/www.collectifpsychiatrie.fr\/index.php?rest_route=\/wp\/v2\/types\/post"}],"author":[{"embeddable":true,"href":"https:\/\/www.collectifpsychiatrie.fr\/index.php?rest_route=\/wp\/v2\/users\/4"}],"replies":[{"embeddable":true,"href":"https:\/\/www.collectifpsychiatrie.fr\/index.php?rest_route=%2Fwp%2Fv2%2Fcomments&post=3547"}],"version-history":[{"count":0,"href":"https:\/\/www.collectifpsychiatrie.fr\/index.php?rest_route=\/wp\/v2\/posts\/3547\/revisions"}],"wp:attachment":[{"href":"https:\/\/www.collectifpsychiatrie.fr\/index.php?rest_route=%2Fwp%2Fv2%2Fmedia&parent=3547"}],"wp:term":[{"taxonomy":"category","embeddable":true,"href":"https:\/\/www.collectifpsychiatrie.fr\/index.php?rest_route=%2Fwp%2Fv2%2Fcategories&post=3547"},{"taxonomy":"post_tag","embeddable":true,"href":"https:\/\/www.collectifpsychiatrie.fr\/index.php?rest_route=%2Fwp%2Fv2%2Ftags&post=3547"}],"curies":[{"name":"wp","href":"https:\/\/api.w.org\/{rel}","templated":true}]}}