{"id":3657,"date":"2012-08-20T07:33:00","date_gmt":"2012-08-20T07:33:00","guid":{"rendered":"http:\/\/www.collectifpsychiatrie.fr\/?p=3657"},"modified":"2012-08-20T07:33:00","modified_gmt":"2012-08-20T07:33:00","slug":"xxviemes-journees-de-psychotherapie-institutionnelle","status":"publish","type":"post","link":"https:\/\/www.collectifpsychiatrie.fr\/?p=3657","title":{"rendered":"&gt; XXVI\u00e8mes Journ\u00e9es de Psychoth\u00e9rapie Institutionnelle"},"content":{"rendered":"<p><!--[if gte mso 9]><xml>\n <o:DocumentProperties>\n  <o:Template>Normal<\/o:Template>\n  <o:Revision>0<\/o:Revision>\n  <o:TotalTime>0<\/o:TotalTime>\n  <o:Pages>1<\/o:Pages>\n  <o:Words>77<\/o:Words>\n  <o:Characters>442<\/o:Characters>\n  <o:Lines>3<\/o:Lines>\n  <o:Paragraphs>1<\/o:Paragraphs>\n  <o:CharactersWithSpaces>542<\/o:CharactersWithSpaces>\n  <o:Version>11.1539<\/o:Version>\n <\/o:DocumentProperties>\n <o:OfficeDocumentSettings>\n  <o:AllowPNG\/>\n <\/o:OfficeDocumentSettings>\n<\/xml><![endif]--><!--[if gte mso 9]><xml>\n <w:WordDocument>\n  <w:Zoom>0<\/w:Zoom>\n  <w:DoNotShowRevisions\/>\n  <w:DoNotPrintRevisions\/>\n  <w:HyphenationZone>21<\/w:HyphenationZone>\n  <w:DisplayHorizontalDrawingGridEvery>0<\/w:DisplayHorizontalDrawingGridEvery>\n  <w:DisplayVerticalDrawingGridEvery>0<\/w:DisplayVerticalDrawingGridEvery>\n  <w:UseMarginsForDrawingGridOrigin\/>\n <\/w:WordDocument>\n<\/xml><![endif]--><!--StartFragment--><\/p>\n<h2 align=\"left\" style=\"text-align:left\"><!--[if gte mso 9]><xml>\n <o:DocumentProperties>\n  <o:Template>Normal<\/o:Template>\n  <o:Revision>0<\/o:Revision>\n  <o:TotalTime>0<\/o:TotalTime>\n  <o:Pages>1<\/o:Pages>\n  <o:Words>437<\/o:Words>\n  <o:Characters>2495<\/o:Characters>\n  <o:Lines>20<\/o:Lines>\n  <o:Paragraphs>4<\/o:Paragraphs>\n  <o:CharactersWithSpaces>3064<\/o:CharactersWithSpaces>\n  <o:Version>11.1539<\/o:Version>\n <\/o:DocumentProperties>\n <o:OfficeDocumentSettings>\n  <o:AllowPNG\/>\n <\/o:OfficeDocumentSettings>\n<\/xml><![endif]--><!--[if gte mso 9]><xml>\n <w:WordDocument>\n  <w:Zoom>0<\/w:Zoom>\n  <w:DoNotShowRevisions\/>\n  <w:DoNotPrintRevisions\/>\n  <w:HyphenationZone>21<\/w:HyphenationZone>\n  <w:DisplayHorizontalDrawingGridEvery>0<\/w:DisplayHorizontalDrawingGridEvery>\n  <w:DisplayVerticalDrawingGridEvery>0<\/w:DisplayVerticalDrawingGridEvery>\n  <w:UseMarginsForDrawingGridOrigin\/>\n <\/w:WordDocument>\n<\/xml><![endif]--><!--StartFragment--><\/h2>\n<p align=\"center\" style=\"margin-top:7.2pt;margin-right:0cm;margin-bottom:0cm;\nmargin-left:0cm;margin-bottom:.0001pt;text-align:center;vertical-align:baseline\"><span style=\"font-size:16px;\"><span style=\"font-family:times new roman,times,serif;\"><span style=\"color: black; \"><b>XXVI<\/b><\/span><span style=\"color: black; \"><b>&egrave;mes<\/b><\/span><span style=\"color: black; \"><b> Journ&eacute;es de Psychoth&eacute;rapie Institutionnelle<\/b><\/span><\/span><\/span><\/p>\n<h2 align=\"left\" style=\"text-align:left\">&nbsp;<\/h2>\n<p align=\"center\" style=\"margin-top:7.2pt;margin-right:0cm;margin-bottom:0cm;\nmargin-left:0cm;margin-bottom:.0001pt;text-align:center;vertical-align:baseline\">&nbsp;<\/p>\n<h2 align=\"left\" style=\"text-align:left\">&nbsp;<\/h2>\n<p align=\"center\" style=\"margin-top:7.2pt;margin-right:0cm;margin-bottom:0cm;\nmargin-left:0cm;margin-bottom:.0001pt;text-align:center;vertical-align:baseline\">&nbsp;<\/p>\n<p align=\"center\" style=\"margin-top:7.2pt;margin-right:0cm;margin-bottom:0cm;\nmargin-left:0cm;margin-bottom:.0001pt;text-align:center;vertical-align:baseline\"><span style=\"font-size:16px;\"><span style=\"font-family:&quot;Bookman Old Style&quot;;\ncolor:black;mso-font-kerning:12.0pt\"><b><o:p><\/o:p><\/b><\/span><\/span><\/p>\n<p align=\"center\" style=\"margin-top:7.2pt;margin-right:0cm;margin-bottom:0cm;\nmargin-left:0cm;margin-bottom:.0001pt;text-align:center;vertical-align:baseline\"><span style=\"font-size:16px;\"><span style=\"font-family:times new roman,times,serif;\"><span style=\"color: black; \"><b><i>12 et 13 Octobre 2012 &agrave; MARSEILLE<\/i><\/b><\/span><\/span><\/span><span style=\"font-family:&quot;Bookman Old Style&quot;;color:black;mso-font-kerning:12.0pt\"><b><i><o:p><\/o:p><\/i><\/b><\/span><\/p>\n<p align=\"center\" class=\"MsoNormal\" style=\"text-align:center\"><!--[if !supportEmptyParas]--><span style=\"font-size:16px;\"><span style=\"font-family:times new roman,times,serif;\">&nbsp;<\/span><\/span><!--[endif]--><o:p><\/o:p><\/p>\n<p align=\"center\" class=\"MsoNormal\" style=\"text-align:center\"><span style=\"font-size:16px;\"><span style=\"font-family:times new roman,times,serif;\"><b>Les lieux du changement&nbsp;: quels espaces pour le travail clinique et psychoth&eacute;rapique dans la psychiatrie du 21&egrave;me si&egrave;cle&nbsp;?<\/b><\/span><\/span><span style=\"font-size:16.0pt;font-family:&quot;Arial Narrow&quot;\"><b><o:p><\/o:p><\/b><\/span><\/p>\n<p align=\"center\" class=\"MsoNormal\" style=\"text-align:center\"><!--[if !supportEmptyParas]--><span style=\"font-size:16px;\"><span style=\"font-family:times new roman,times,serif;\"><b>&nbsp;<\/b><\/span><\/span><!--[endif]--><span style=\"font-size:14.0pt;font-family:&quot;Arial Narrow&quot;\"><b><o:p><\/o:p><\/b><\/span><\/p>\n<p align=\"center\" class=\"MsoNormal\" style=\"text-align:center\"><span style=\"font-size:16px;\"><span style=\"font-family:times new roman,times,serif;\"><b>Cit&eacute; des Associations, 93 la Canebi&egrave;re 13001 Marseille<\/b><\/span><\/span><span style=\"font-family:&quot;Arial Narrow&quot;\"><b><o:p><\/o:p><\/b><\/span><\/p>\n<p align=\"center\" class=\"MsoNormal\" style=\"text-align:center\"><span style=\"font-size:16px;\"><span style=\"font-family:times new roman,times,serif;\"><b>M&eacute;tro Noailles (ligne 2)<\/b><\/span><\/span><span style=\"font-family:&quot;Arial Narrow&quot;\"><b><o:p><\/o:p><\/b><\/span><\/p>\n<p class=\"MsoNormal\"><!--[if !supportEmptyParas]--><span style=\"font-size:16px;\"><span style=\"font-family:times new roman,times,serif;\"><b>&nbsp;<\/b><\/span><\/span><!--[endif]--><span style=\"font-size:10.0pt;font-family:&quot;Arial Narrow&quot;\"><b><o:p><\/o:p><\/b><\/span><\/p>\n<p align=\"center\" class=\"MsoNormal\" style=\"text-align:center\"><span style=\"font-size:16px;\"><span style=\"font-family:times new roman,times,serif;\"><b>&nbsp; Les lieux du changement&nbsp;: quels espaces pour le travail clinique <\/b><\/span><\/span><span style=\"font-family:&quot;Arial Narrow&quot;\"><b><o:p><\/o:p><\/b><\/span><\/p>\n<p align=\"center\" class=\"MsoNormal\" style=\"text-align:center\"><span style=\"font-size:16px;\"><span style=\"font-family:times new roman,times,serif;\"><b>et psychoth&eacute;rapique dans la psychiatrie du 21<sup>&egrave;me<\/sup> si&egrave;cle&nbsp;?&nbsp;<\/b><\/span><\/span><span style=\"font-family:&quot;Arial Narrow&quot;\"><b><o:p><\/o:p><\/b><\/span><\/p>\n<p align=\"center\" class=\"MsoNormal\" style=\"text-align:center\"><!--[if !supportEmptyParas]--><span style=\"font-size:16px;\"><span style=\"font-family:times new roman,times,serif;\"><b>&nbsp;<\/b><\/span><\/span><!--[endif]--><span style=\"font-family:&quot;Arial Narrow&quot;\"><b><o:p><\/o:p><\/b><\/span><\/p>\n<p class=\"MsoNormal\"><!--[if !supportEmptyParas]--><span style=\"font-size:16px;\"><span style=\"font-family:times new roman,times,serif;\"><b>&nbsp;<\/b><\/span><\/span><!--[endif]--><span style=\"font-size:10.0pt;font-family:&quot;Arial Narrow&quot;\"><b><o:p><\/o:p><\/b><\/span><\/p>\n<p class=\"MsoNormal\" style=\"text-align:justify\"><span style=\"font-size:16px;\"><span style=\"font-family:times new roman,times,serif;\">Deux lames de fond traversent la psychiatrie contemporaine&nbsp;: une d&eacute;rive s&eacute;curitaire assimilant folie et dangerosit&eacute; et produisant le retour du grand renfermement, et un rabattement &eacute;tio pathog&eacute;nique organiciste consid&eacute;rant la folie comme l&rsquo;expression d&rsquo;un cerveau malade.<\/span><\/span><span style=\"font-size:11.0pt;\nfont-family:&quot;Arial Narrow&quot;\"><o:p><\/o:p><\/span><\/p>\n<p class=\"MsoNormal\" style=\"text-align:justify\"><span class=\"Apple-style-span\" style=\"font-family: 'times new roman', times, serif; font-size: 16px; \">La perte de l&rsquo;humain qui en d&eacute;coule questionne un nombre croissant de tous ceux qui rencontrent les personnes malades.<\/span><\/p>\n<p class=\"MsoNormal\" style=\"text-align:justify\"><span class=\"Apple-style-span\" style=\"font-family: 'times new roman', times, serif; font-size: 16px; \">Le mouvement de psychoth&eacute;rapie institutionnelle qui consid&egrave;re la folie comme une potentialit&eacute; humaine a forg&eacute; des outils pour proposer un accueil &agrave; la folie et des possibilit&eacute;s de transformation psychique de la personne malade autres que l&#39;association m&eacute;dicaments-apprentisages &nbsp; &nbsp; &nbsp; &nbsp; &nbsp; &nbsp; &nbsp; &nbsp; &nbsp; &nbsp; &nbsp; &nbsp; &nbsp; &nbsp; &nbsp; &nbsp; &nbsp; &nbsp; &nbsp; &nbsp; &nbsp; &nbsp; &nbsp; &nbsp; &nbsp; &nbsp; &nbsp; &nbsp; &nbsp; &nbsp; &nbsp; &nbsp; &nbsp; &nbsp; &nbsp; &nbsp; &nbsp; &nbsp; &nbsp; &nbsp; &nbsp; &nbsp; &nbsp; &nbsp; &nbsp; &nbsp; &nbsp; &nbsp; &nbsp; &nbsp; &nbsp; &nbsp; &nbsp; &nbsp; &nbsp; &nbsp; &nbsp; &nbsp; &nbsp; &nbsp; &nbsp; &nbsp; &nbsp; &nbsp; &nbsp; &nbsp; &nbsp; &nbsp; &nbsp; &nbsp; &nbsp; &nbsp; &nbsp; &nbsp; &nbsp; &nbsp; &nbsp; &nbsp; &nbsp; &nbsp; &nbsp; &nbsp; &nbsp; &nbsp; &nbsp; &nbsp; &nbsp; &nbsp; &nbsp; &nbsp; &nbsp; &nbsp; &nbsp; &nbsp; &nbsp; &nbsp; &nbsp; &nbsp; &nbsp; &nbsp; &nbsp; &nbsp; &nbsp; &nbsp; &nbsp; &nbsp; &nbsp; &nbsp; &nbsp; &nbsp; &nbsp; &nbsp; &nbsp; &nbsp; &nbsp; &nbsp; &nbsp; &nbsp; &nbsp; &nbsp; &nbsp; &nbsp; &nbsp; &nbsp; &nbsp; &nbsp; &nbsp; &nbsp; &nbsp; &nbsp; &nbsp; &nbsp; &nbsp; &nbsp; &nbsp; &nbsp; &nbsp; &nbsp; &nbsp; &nbsp; &nbsp; &nbsp; &nbsp; &nbsp; &nbsp; &nbsp; &nbsp; &nbsp; &nbsp; &nbsp; &nbsp; &nbsp; &nbsp; &nbsp; &nbsp; &nbsp; &nbsp; &nbsp; &nbsp; &nbsp; &nbsp; &nbsp; &nbsp; &nbsp; &nbsp; &nbsp; &nbsp; &nbsp; &nbsp; &nbsp; &nbsp; &nbsp; &nbsp; &nbsp; &nbsp; &nbsp; &nbsp; &nbsp; &nbsp; &nbsp; &nbsp; &nbsp; &nbsp; &nbsp; &nbsp; &nbsp; &nbsp; &nbsp; &nbsp; &nbsp; &nbsp; &nbsp; &nbsp; &nbsp; &nbsp; &nbsp; &nbsp; &nbsp; &nbsp; &nbsp; &nbsp; &nbsp; &nbsp; &nbsp; &nbsp; &nbsp; &nbsp; &nbsp; &nbsp; &nbsp; &nbsp; &nbsp; &nbsp; &nbsp; &nbsp; &nbsp; &nbsp; &nbsp; &nbsp; &nbsp; &nbsp; &nbsp; &nbsp; &nbsp; &nbsp; &nbsp; &nbsp; &nbsp; &nbsp; &nbsp; &nbsp; &nbsp; &nbsp; &nbsp; &nbsp; &nbsp; &nbsp; &nbsp; &nbsp; &nbsp; &nbsp; &nbsp; &nbsp; &nbsp; &nbsp; &nbsp; &nbsp; &nbsp; &nbsp; &nbsp; &nbsp; &nbsp; &nbsp; &nbsp; &nbsp; &nbsp; &nbsp; &nbsp; &nbsp; &nbsp; &nbsp; &nbsp; &nbsp; &nbsp; &nbsp;<\/span><span class=\"Apple-style-span\" style=\"font-family: 'times new roman', times, serif; font-size: 16px; \">L&rsquo;AMPI consacrera ses 26&egrave;mes journ&eacute;es &agrave; ce double enjeu&nbsp;: revisiter le champ des psychoth&eacute;rapies en rappelant leur pertinence dans le projet de transformation psychique des patients et mener une r&eacute;flexion sur les lieux possibles pour leur mise en &oelig;uvre.<\/span><\/p>\n<p class=\"MsoNormal\" style=\"text-align:justify\"><span class=\"Apple-style-span\" style=\"font-family: 'times new roman', times, serif; font-size: 16px; \">Le facteur temps offre bien des surprises et les &laquo;&nbsp;hasards&nbsp;&raquo; des calendriers mettent &agrave; l&rsquo;honneur en ce printemps 2012 l&rsquo;id&eacute;e de changement.<\/span><\/p>\n<p class=\"MsoNormal\" style=\"text-align:justify\"><span class=\"Apple-style-span\" style=\"font-family: 'times new roman', times, serif; font-size: 16px; \">S&rsquo;il appartient aux &laquo;&nbsp;psychistes&nbsp;&raquo; de participer activement &agrave; ce desserrement de l&rsquo;&eacute;tau soci&eacute;tal, il leur revient &eacute;galement de d&eacute;finir les supports th&eacute;oriques, techniques, psychopathologiques qui permettent &agrave; la personne souffrante de se r&eacute;approprier son destin.<\/span><\/p>\n<p class=\"MsoNormal\" style=\"text-align:justify\"><span class=\"Apple-style-span\" style=\"font-family: 'times new roman', times, serif; font-size: 16px; \">Ces apports &agrave; la formation initiale et continue de tout soignant, associ&eacute;s &agrave; un d&eacute;sir toujours &agrave; soutenir, sont indispensables &agrave; toute approche relationnelle proposant son espace psychique &agrave; l&rsquo;autre.<\/span><\/p>\n<p class=\"MsoNormal\" style=\"text-align:justify\"><span class=\"Apple-style-span\" style=\"font-family: 'times new roman', times, serif; font-size: 16px; \">A un moment o&ugrave; le &laquo;&nbsp;parcours du patient&nbsp;&raquo;&nbsp; se fragmente de plus en plus, o&ugrave; la continuit&eacute; des soins tend &agrave; se confondre avec la &laquo;&nbsp;tra&ccedil;abilit&eacute;&nbsp;&raquo;&nbsp; informatique, o&ugrave; le turn-over soignant devient la r&egrave;gle, il est &laquo;&nbsp;urgent&nbsp;&raquo; de red&eacute;finir les lieux o&ugrave; la rencontre est possible, c&#39;est-&agrave;-dire l&agrave; o&ugrave; il est possible de circuler, penser, inventer, cr&eacute;er&hellip;<\/span><\/p>\n<p><!--EndFragment--><\/p>\n<h2 align=\"left\" style=\"text-align:left\"><span style=\"font-size:16px;\"><span style=\"font-family:times new roman,times,serif;\">Inscription&nbsp;<i>: (Places limit&eacute;es&nbsp; pas d&rsquo;inscription le jour m&ecirc;me)<\/i><\/span><\/span><i><o:p><\/o:p><\/i><\/h2>\n<h2 align=\"left\" style=\"text-align:left\"><span style=\"font-size:16px;\"><span style=\"font-family:times new roman,times,serif;\"><span class=\"Apple-style-span\" style=\"font-weight: normal; \">Individuelle&nbsp;: 120 &euro;<\/span><\/span><\/span><\/h2>\n<p class=\"MsoNormal\"><span style=\"font-size:16px;\"><span style=\"font-family:times new roman,times,serif;\">Etudiants&nbsp;: 50 &euro; <i>(sur pr&eacute;sentation justificatif <\/i>)<\/span><\/span><\/p>\n<p class=\"MsoNormal\"><span style=\"font-size:16px;\"><span style=\"font-family:times new roman,times,serif;\">Formation Continue&nbsp;: 180 &euro;.<\/span><\/span><\/p>\n<p class=\"MsoNormal\"><!--[if !supportEmptyParas]--><span style=\"font-size:16px;\"><span style=\"font-family:times new roman,times,serif;\">&nbsp;<\/span><\/span><!--[endif]--><o:p><\/o:p><\/p>\n<p class=\"MsoNormal\"><span style=\"font-size:16px;\"><span style=\"font-family:times new roman,times,serif;\">N&deg; A.N.F.H.&nbsp;: 93.13.02.688.13<\/span><\/span><o:p><\/o:p><\/p>\n<p class=\"MsoNormal\"><span style=\"font-size:16px;\"><span style=\"font-family:times new roman,times,serif;\">N&deg; S.I.R.E.T.&nbsp;: 403 156 458 000 16<\/span><\/span><\/p>\n<p class=\"MsoNormal\" style=\"line-height:150%\"><span style=\"font-size:16px;\"><span style=\"font-family:times new roman,times,serif;\"><b>C.C.P.&nbsp;: 2969-15 Y MARSEILLE<\/b><\/span><\/span><span style=\"font-size:10.0pt\"><b><o:p><\/o:p><\/b><\/span><\/p>\n<p class=\"MsoNormal\"><span style=\"font-size:16px;\"><span style=\"font-family:times new roman,times,serif;\"><b><u>Ch&egrave;ques &agrave; l&rsquo;ordre de<\/u><\/b><span style=\"font-weight:\nnormal\">&nbsp;: A.M.P.I<\/span><\/span><\/span><\/p>\n<p class=\"MsoNormal\"><span style=\"font-size:16px;\"><span style=\"font-family:times new roman,times,serif;\">A envoyer&nbsp; &agrave;&nbsp;:<\/span><\/span><\/p>\n<p class=\"MsoNormal\" style=\"line-height:150%\"><span style=\"font-size:16px;\"><span style=\"font-family:times new roman,times,serif;\">A.M.P.I. \/ Biblioth&egrave;que du C.H. Edouard Toulouse<\/span><\/span><span style=\"font-size:11.0pt\"><o:p><\/o:p><\/span><\/p>\n<p class=\"MsoNormal\" style=\"line-height:150%\"><span style=\"font-size:16px;\"><span style=\"font-family:times new roman,times,serif;\">118, chemin de Mimet 13917 Marseille Cedex 15<\/span><\/span><span style=\"font-size:11.0pt\"><o:p><\/o:p><\/span><\/p>\n<p class=\"MsoNormal\" style=\"line-height:150%\"><span style=\"font-size:16px;\"><span style=\"font-family:times new roman,times,serif;\">T&eacute;l. secr&eacute;tariat secteur 13G13&nbsp;: 04 91 96 99 93 &#8211; Fax&nbsp;: 04 91 96 97 58<\/span><\/span><span style=\"font-size:11.0pt\"><o:p><\/o:p><\/span><\/p>\n<p><span style=\"font-size:16px;\"><span style=\"font-family:times new roman,times,serif;\">email secr&eacute;tariat AMPI&nbsp;: isabelle.borzone@ch-edouard-toulouse.fr<!--EndFragment--><\/span><\/span><\/p>\n","protected":false},"excerpt":{"rendered":"<p>L\u2019AMPI consacrera ses 26\u00e8mes journ\u00e9es \u00e0 ce double enjeu : revisiter le champ des psychoth\u00e9rapies en rappelant leur pertinence dans le projet de transformation psychique des patients et mener une r\u00e9flexion sur les lieux possibles pour leur mise en \u0153uvre.<\/p>\n","protected":false},"author":2,"featured_media":0,"comment_status":"open","ping_status":"open","sticky":false,"template":"","format":"standard","meta":{"footnotes":""},"categories":[24,14],"tags":[],"class_list":["post-3657","post","type-post","status-publish","format-standard","hentry","category-entre-professionnels","category-rencontres"],"_links":{"self":[{"href":"https:\/\/www.collectifpsychiatrie.fr\/index.php?rest_route=\/wp\/v2\/posts\/3657","targetHints":{"allow":["GET"]}}],"collection":[{"href":"https:\/\/www.collectifpsychiatrie.fr\/index.php?rest_route=\/wp\/v2\/posts"}],"about":[{"href":"https:\/\/www.collectifpsychiatrie.fr\/index.php?rest_route=\/wp\/v2\/types\/post"}],"author":[{"embeddable":true,"href":"https:\/\/www.collectifpsychiatrie.fr\/index.php?rest_route=\/wp\/v2\/users\/2"}],"replies":[{"embeddable":true,"href":"https:\/\/www.collectifpsychiatrie.fr\/index.php?rest_route=%2Fwp%2Fv2%2Fcomments&post=3657"}],"version-history":[{"count":0,"href":"https:\/\/www.collectifpsychiatrie.fr\/index.php?rest_route=\/wp\/v2\/posts\/3657\/revisions"}],"wp:attachment":[{"href":"https:\/\/www.collectifpsychiatrie.fr\/index.php?rest_route=%2Fwp%2Fv2%2Fmedia&parent=3657"}],"wp:term":[{"taxonomy":"category","embeddable":true,"href":"https:\/\/www.collectifpsychiatrie.fr\/index.php?rest_route=%2Fwp%2Fv2%2Fcategories&post=3657"},{"taxonomy":"post_tag","embeddable":true,"href":"https:\/\/www.collectifpsychiatrie.fr\/index.php?rest_route=%2Fwp%2Fv2%2Ftags&post=3657"}],"curies":[{"name":"wp","href":"https:\/\/api.w.org\/{rel}","templated":true}]}}