{"id":388,"date":"2010-11-08T21:10:09","date_gmt":"2010-11-08T21:10:09","guid":{"rendered":"http:\/\/www.collectifpsychiatrie.fr\/?p=388"},"modified":"2010-11-08T21:10:09","modified_gmt":"2010-11-08T21:10:09","slug":"cinema-le-malade-de-son-imaginaire-malade","status":"publish","type":"post","link":"https:\/\/www.collectifpsychiatrie.fr\/?p=388","title":{"rendered":"&gt;Cin\u00e9ma : &quot;Le Malade, de son imaginaire malade&quot;"},"content":{"rendered":"<p><a href=\"https:\/\/www.collectifpsychiatrie.fr\/wp-content\/uploads\/2010\/11\/20091128-142006.jpeg\"><img loading=\"lazy\" decoding=\"async\" src=\"https:\/\/www.collectifpsychiatrie.fr\/wp-content\/uploads\/2010\/11\/20091128-142006.jpeg\" alt=\"\" title=\"20091128-142006\" width=\"320\" height=\"240\" class=\"aligncenter size-full wp-image-470\" \/><\/a><br \/>\n<strong>Utopsy poursuit sa r\u00e9flexion sur les praxis en psychiatrie<\/strong> et notamment sur les enjeux du travail collectif dans la psychoth\u00e9rapie des psychoses. Pour sa troisi\u00e8me s\u00e9ance de l\u2019ann\u00e9e, Utopsy se d\u00e9localise et fait son cin\u00e9ma ! Cette s\u00e9ance aura lieu :<\/p>\n<p><strong>Le Lundi 15 Novembre 2010<\/p>\n<p>au \u00ab Lieu-Dit \u00bb,<\/p>\n<p>6 rue Sorbier 75020 Paris, m\u00e9tro M\u00e9nilmontant ou Gambetta, \u00e0 20h30<\/strong><\/p>\n<p>Nous vous proposerons la projection du film d\u2019Emmanuelle Avignon intitul\u00e9<\/p>\n<p>\u00ab\u00a0Le Malade, de son imaginaire malade\u00a0\u00bb,<\/p>\n<p>sur un projet de Patrick Franquet pour le th\u00e9\u00e2tre du Reflet.<\/p>\n<p>Ce film pr\u00e9sente le travail du Th\u00e9\u00e2tre du Reflet \u00e0 travers l\u2019\u00e9laboration d\u2019une pi\u00e8ce de th\u00e9\u00e2tre faisant intervenir un grand nombre de com\u00e9diens, metteurs en sc\u00e8ne, musiciens, danseurs, simples citoyens\u2026 issus tant du monde de la culture que d\u2019une dizaine d\u2019institutions psychiatriques et m\u00e9dico-sociales recevant des adultes et des enfants.<\/p>\n<p><strong>Fous et non fous, les relations et distinctions entre les uns et les autres<\/strong> se d\u00e9ploient, se d\u00e9placent et se r\u00e9am\u00e9nagent au fur et \u00e0 mesure de l\u2019\u00e9mergence et de la concr\u00e9tisation de cette pi\u00e8ce de th\u00e9\u00e2tre, \u00ab Le malade de son imaginaire malade \u00bb, dont la mise en place aura dur\u00e9 deux ans pour aboutir \u00e0 plusieurs repr\u00e9sentations publiques en 2010.<\/p>\n<p>Pendant ces deux ans, un collectif appara\u00eet, se r\u00e9unit r\u00e9guli\u00e8rement, fait exister et aboutir cette cr\u00e9ation th\u00e9\u00e2trale.<\/p>\n<p>Au-del\u00e0 de la r\u00e9alisation effective d\u2019une repr\u00e9sentation th\u00e9\u00e2trale, c\u2019est tout ce moment commun d\u2019\u00e9laboration, de pr\u00e9paration de la pi\u00e8ce de th\u00e9\u00e2tre dans tous ses d\u00e9tails que nous montre la r\u00e9alisatrice.<\/p>\n<p><strong>A travers ce quotidien partag\u00e9 dans la cr\u00e9ation, c\u2019est un support psychoth\u00e9rapique<\/strong> que nous voyons se constituer au fur et \u00e0 mesure de l\u2019avanc\u00e9e du projet.<\/p>\n<p>Pratique r\u00e9sistante \u00e0 l\u2019heure de la gestion et de la rentabilit\u00e9, cette folle entreprise qui prend du temps (deux ans de pr\u00e9paration) montre tout l\u2019op\u00e9rant du travail collectif dans la rencontre avec la folie.<\/p>\n<p>Cette projection sera suivie d\u2019un d\u00e9bat avec Emmanuelle Avignon, r\u00e9alisatrice du film, Patrick Franquet, psychiatre, com\u00e9dien et directeur du th\u00e9\u00e2tre du Reflet et Claudine Duch\u00eane, \u00e9ducatrice en p\u00e9dopsychiatrie \u00e0 Evry.<\/p>\n<p><strong>L\u2019entr\u00e9e est libre et sans inscription<\/strong><\/p>\n<p><strong>UTOPSY<\/p>\n<p>utopsys@yahoo.fr<\/strong><\/p>\n<p><a href=\"http:\/\/utopsy.over-blog.fr\/\">http:\/\/utopsy.over-blog.fr\/<\/a><\/p>\n<p>Prochaines rencontres:<\/p>\n<p>&#8211; Lundi 13 d\u00e9cembre : Paul Br\u00e9t\u00e9cher<\/p>\n<p>&#8211; Lundi 17 janvier : Pierre Dardot<\/p>\n<p>&#8211; Lundi 28 mars : Pierre Delion<\/p>\n","protected":false},"excerpt":{"rendered":"<p>Utopsy poursuit sa r\u00e9flexion sur les praxis en psychiatrie et notamment sur les enjeux du travail collectif dans la psychoth\u00e9rapie des psychoses. Pour sa troisi\u00e8me s\u00e9ance de l\u2019ann\u00e9e, Utopsy se d\u00e9localise et fait son cin\u00e9ma ! Cette s\u00e9ance aura lieu : Le Lundi 15 Novembre 2010 au \u00ab Lieu-Dit \u00bb, 6 rue Sorbier 75020 Paris, &hellip; <a href=\"https:\/\/www.collectifpsychiatrie.fr\/?p=388\" class=\"more-link\">Continuer la lecture de <span class=\"screen-reader-text\">&gt;Cin\u00e9ma : &quot;Le Malade, de son imaginaire malade&quot;<\/span>  <span class=\"meta-nav\">&rarr;<\/span><\/a><\/p>\n","protected":false},"author":8,"featured_media":0,"comment_status":"open","ping_status":"open","sticky":false,"template":"","format":"standard","meta":{"footnotes":""},"categories":[6,16],"tags":[345],"class_list":["post-388","post","type-post","status-publish","format-standard","hentry","category-evenements","category-spectacles","tag-travail-collectif-theatre-imaginaire"],"_links":{"self":[{"href":"https:\/\/www.collectifpsychiatrie.fr\/index.php?rest_route=\/wp\/v2\/posts\/388","targetHints":{"allow":["GET"]}}],"collection":[{"href":"https:\/\/www.collectifpsychiatrie.fr\/index.php?rest_route=\/wp\/v2\/posts"}],"about":[{"href":"https:\/\/www.collectifpsychiatrie.fr\/index.php?rest_route=\/wp\/v2\/types\/post"}],"author":[{"embeddable":true,"href":"https:\/\/www.collectifpsychiatrie.fr\/index.php?rest_route=\/wp\/v2\/users\/8"}],"replies":[{"embeddable":true,"href":"https:\/\/www.collectifpsychiatrie.fr\/index.php?rest_route=%2Fwp%2Fv2%2Fcomments&post=388"}],"version-history":[{"count":0,"href":"https:\/\/www.collectifpsychiatrie.fr\/index.php?rest_route=\/wp\/v2\/posts\/388\/revisions"}],"wp:attachment":[{"href":"https:\/\/www.collectifpsychiatrie.fr\/index.php?rest_route=%2Fwp%2Fv2%2Fmedia&parent=388"}],"wp:term":[{"taxonomy":"category","embeddable":true,"href":"https:\/\/www.collectifpsychiatrie.fr\/index.php?rest_route=%2Fwp%2Fv2%2Fcategories&post=388"},{"taxonomy":"post_tag","embeddable":true,"href":"https:\/\/www.collectifpsychiatrie.fr\/index.php?rest_route=%2Fwp%2Fv2%2Ftags&post=388"}],"curies":[{"name":"wp","href":"https:\/\/api.w.org\/{rel}","templated":true}]}}