{"id":390,"date":"2010-11-04T16:05:11","date_gmt":"2010-11-04T16:05:11","guid":{"rendered":"http:\/\/www.collectifpsychiatrie.fr\/?p=390"},"modified":"2010-11-04T16:05:11","modified_gmt":"2010-11-04T16:05:11","slug":"vol-au-dessus-dun-nid-de-coucou-actualite-du-soin-psychique","status":"publish","type":"post","link":"https:\/\/www.collectifpsychiatrie.fr\/?p=390","title":{"rendered":"&gt;Forum Vol au dessus d&#039;un nid de coucou, Actualit\u00e9 du soin psychique"},"content":{"rendered":"<p><a href=\"https:\/\/www.collectifpsychiatrie.fr\/wp-content\/uploads\/2010\/11\/20091128-143505.jpeg\"><img loading=\"lazy\" decoding=\"async\" src=\"https:\/\/www.collectifpsychiatrie.fr\/wp-content\/uploads\/2010\/11\/20091128-143505.jpeg\" alt=\"\" title=\"20091128-143505\" width=\"320\" height=\"240\" class=\"aligncenter size-full wp-image-402\" \/><\/a><strong>FORUM \u00ab\u00a0Vol au dessus d&rsquo;un nid de coucou, Actualit\u00e9 du soin psychique\u00a0\u00bb : Salle de conf\u00e9rence Centre Hospitalier Laborit 370 avenue Jacques C\u0153ur Poitiers<\/strong><\/p>\n<p><strong>La rediffusion r\u00e9cente de \u00ab\u00a0Vol au dessus d&rsquo;un nid de coucou \u00ab\u00a0<\/strong> a \u00e9t\u00e9 l&rsquo;occasion de souligner l&rsquo;inqui\u00e9tante similitude entre une psychiatrie am\u00e9ricaine inhumaine \u00e9voqu\u00e9e dans cette \u0153uvre de Milos Forman et celle qui en 2010 se r\u00e9pand sur le territoire fran\u00e7ais.<\/p>\n<p>Les m\u00e9thodes th\u00e9rapeutiques \u00e9voqu\u00e9es dans ce film, froides, punitives, culpabilisantes, m\u00e9caniques, nous apparaissent \u00eatre en train de recouvrir celles qui font appel \u00e0 la sollicitude, l&#8217;empathie, l&rsquo;\u00e9coute, en un mot \u00e0 la prise en compte de la singularit\u00e9 humaine.<br \/>\nA la sortie de ce film en 1976 nous pensions qu&rsquo;il pouvait en \u00eatre autrement en France.<\/p>\n<p><strong>Qu&rsquo;en est-il alors en 2010<\/strong> dans les \u00e9tablissements m\u00e9dicaux et m\u00e9dicaux-sociaux ?<\/p>\n<p>&#8211; Le malade, malgr\u00e9 les al\u00e9as de ses sympt\u00f4mes,<br \/>\n est-il toujours une personne inscrite dans la soci\u00e9t\u00e9 ?<\/p>\n<p>&#8211; L&rsquo;\u00eatre humain de par sa maladie, ou son handicap est-il plac\u00e9 hors la loi commune ?<\/p>\n<p>&#8211; Le soignant peut-il pr\u00e9server sa capacit\u00e9 \u00e0 soigner, \u00e0 accompagner, \u00e0 l&rsquo;heure o\u00f9 sa fonction est d\u00e9natur\u00e9e, et son identit\u00e9 professionnelle d\u00e9savou\u00e9e par ce que l&rsquo;on attend et exige de lui ?<\/p>\n<p><strong>Quelles r\u00e9flexions mettre en \u0153uvre dans nos pratiques<\/strong> pour garantir des soins humains et aidants ?<\/p>\n<p><strong>Le Coll\u00e8ge R\u00e9gional Poitou-Charentes des Psychologues de la Fonction Publique Hospitali\u00e8re <\/strong>est une association Loi 1901. Il se veut un lieu de d\u00e9bats ouvert aux psychologues\u00a0; un lieu d\u2019\u00e9changes et de recherche ouvert \u00e0 tous les domaines utiles \u00e0 notre r\u00e9flexion (scientifique, philosophique, sociologique, juridique, \u00e9thique, culturel \u2026..).<br \/>\nIl organise r\u00e9guli\u00e8rement des conf\u00e9rences, des forums, des colloques.<\/p>\n<p><strong>Vendredi 19 novembre 2010<\/strong><\/p>\n<p> 9h\t\tAccueil<\/p>\n<p> 9h45\t\tOuverture de la journ\u00e9e\u00a0<br \/>\n            Josette Marteau Ch\u00e2teau<\/p>\n<p> 10h00\t\tQuelle hospitalit\u00e9 pour la folie ?<br \/>\n            Patrick Chemla<\/p>\n<p> 11h00\t\tPause<\/p>\n<p> 11h15\t\tParents de personnes hospitalis\u00e9es, quels v\u00e9cus ?<br \/>\n\t\tCatherine Le Grand-S\u00e9bille<\/p>\n<p> 12h00\t\tPause repas<\/p>\n<p> 14h00\t\tCr\u00e9er et maintenir des lieux de narration, une r\u00e9sistance n\u00e9cessaire \u00e0 la post-         modernit\u00e9.<br \/>\nSimone Molina<\/p>\n<p> 15h00\t\tPause<\/p>\n<p> 15h15\t        Garantir des soins humains et \u00ab\u00a0hospitaliers\u00a0\u00bb: Table ronde.<br \/>\n\tPatrick Chemla, Simone Molina, Catherine Le Grand- S\u00e9bille,<br \/>\n\tMuriel Ferrier<\/p>\n<p> 16h30\t\tCl\u00f4ture de la journ\u00e9e<br \/>\n            Josette Marteau-Ch\u00e2teau<\/p>\n<p><strong>Patrick Chemla<\/strong>, psychiatre et  psychanalyste il anime l&rsquo;association \u00ab\u00a0La Cri\u00e9e\u00a0\u00bb \u00e0 Reims, il est membre du collectif des 39. Il est co-auteur de l&rsquo;ouvrage collectif Asile publi\u00e9 sous sa direction (Er\u00e8s), auteur de Exp\u00e9riences de la Folie (Er\u00e8s).<\/p>\n<p><strong>Catherine Le Grand-S\u00e9bille<\/strong>, socio-antropologue, elle est  co-auteur de l&rsquo;\u00e9tude Parents de grands adolescents et jeunes adultes hospitalis\u00e9s en psychiatrie. Quels v\u00e9cus? Quels besoins? Quelles violences? Quels soutiens ?<\/p>\n<p><strong>Simone Molina<\/strong>, psychologue clinicienne et psychanalyste \u00e0 l&rsquo;h\u00f4pital de Montfavet.<\/p>\n<p><strong>Muriel Ferrier<\/strong> psychologue clinicienne au centre hospitalier de Niort.<\/p>\n<p><strong>Josette Marteau-Ch\u00e2teau<\/strong> psychologue clinicienne au centre hospitalier Henri Laborit, pr\u00e9sidente du Coll\u00e8ge R\u00e9gional.<\/p>\n<p><strong>R\u00e9f\u00e9rences filmiques et documentaires:<\/strong><br \/>\nVol au dessus d&rsquo;un nid de coucou de Milos Forman. Sortie en France 1976<br \/>\nUn monde sans fous ? de Philippe Borrel diffus\u00e9 sur France 5, le 13 avril 2010.<br \/>\nLe livre d&rsquo;entretiens compl\u00e9ment du film Un monde sans fous ? Publi\u00e9 aux \u00e9ditions du champ social.<\/p>\n<p>Vous pouvez copier-coller le bon ci-dessous et le renvoyer \u00e0 :<\/p>\n<p>Maryline Auvinet-Gess\u00e9<br \/>\n2 Chemin de Regombert<br \/>\n86340 Nouaill\u00e9-Maupertuis<\/p>\n<p>Renseignements\u00a0:<br \/>\nJosette Marteau-Ch\u00e2teau<br \/>\nCMPEA, 7 All\u00e9e Martin Luther King<br \/>\n 86000 Poitiers<br \/>\nTel.\u00a0: 05 49 01 40 21<\/p>\n<p>Nom\u00a0:\u2026\u2026\u2026\u2026\u2026\u2026\u2026\u2026\u2026\u2026\u2026\u2026\u2026\u2026\u2026<br \/>\nPr\u00e9nom\u00a0:\u2026\u2026\u2026\u2026\u2026\u2026\u2026\u2026\u2026\u2026\u2026\u2026\u2026\u2026<br \/>\nAdresse\u00a0:\u2026\u2026\u2026\u2026\u2026\u2026\u2026\u2026\u2026\u2026\u2026\u2026\u2026\u2026\u2026\u2026\u2026\u2026\u2026\u2026\u2026\u2026\u2026\u2026\u2026\u2026\u2026\u2026\u2026..\u2026\u2026<br \/>\n\u2026\u2026\u2026\u2026\u2026\u2026\u2026\u2026\u2026\u2026\u2026\u2026\u2026\u2026\u2026\u2026\u2026..<br \/>\nCode Postal\u00a0:\u2026\u2026\u2026\u2026\u2026\u2026\u2026\u2026\u2026\u2026.\u2026\u2026<br \/>\nVille\u00a0:\u2026\u2026\u2026\u2026\u2026\u2026\u2026\u2026\u2026\u2026\u2026\u2026\u2026\u2026\u2026<br \/>\nT\u00e9l.\u00a0: \u2026\u2026\u2026\u2026\u2026\u2026\u2026..\u2026\u2026\u2026\u2026\u2026\u2026\u2026&#8230;<br \/>\nCourriel:\u2026\u2026\u2026\u2026\u2026\u2026\u2026\u2026..\u2026\u2026\u2026\u2026..\u2026<br \/>\nProfession\u00a0:\u2026\u2026\u2026\u2026\u2026\u2026\u2026\u2026\u2026\u2026\u2026\u2026&#8230;<\/p>\n<p>TARIFS<\/p>\n<p>\uf072\uf020Adh\u00e9rent du Coll\u00e8ge R\u00e9gional..  15 \u20ac<br \/>\n\uf072\uf020Non adh\u00e9rent\u00a0:\u2026\u2026\u2026\u2026\u2026\u2026.  . 40 \u20ac<br \/>\n\uf072\uf020Demandeur d\u2019emploi (attestation<br \/>\n             ASSEDIC du mois en cours)\u2026..\u2026\u2026.  10\u20ac<br \/>\n\uf072\uf020\u00c9tudiant < 26 ans\u2026\u2026\u2026\u2026\u2026\u2026  10\u20ac\n\nCi-joint un ch\u00e8que de\u2026     \u2026\u2026 \u2026\u2026\u2026..\u20ac\n\u00e0 l\u2019ordre du Coll\u00e8ge R\u00e9gional Poitou-Charentes des Psychologues de la FPH.\n\nDate\u00a0:\t\t\tSignature\u00a0:\n\n\n\n<\/p>\n","protected":false},"excerpt":{"rendered":"<p>FORUM \u00ab\u00a0Vol au dessus d&rsquo;un nid de coucou, Actualit\u00e9 du soin psychique\u00a0\u00bb : Salle de conf\u00e9rence Centre Hospitalier Laborit 370 avenue Jacques C\u0153ur Poitiers La rediffusion r\u00e9cente de \u00ab\u00a0Vol au dessus d&rsquo;un nid de coucou \u00ab\u00a0 a \u00e9t\u00e9 l&rsquo;occasion de souligner l&rsquo;inqui\u00e9tante similitude entre une psychiatrie am\u00e9ricaine inhumaine \u00e9voqu\u00e9e dans cette \u0153uvre de Milos Forman &hellip; <a href=\"https:\/\/www.collectifpsychiatrie.fr\/?p=390\" class=\"more-link\">Continuer la lecture de <span class=\"screen-reader-text\">&gt;Forum Vol au dessus d&#039;un nid de coucou, Actualit\u00e9 du soin psychique<\/span>  <span class=\"meta-nav\">&rarr;<\/span><\/a><\/p>\n","protected":false},"author":2,"featured_media":0,"comment_status":"open","ping_status":"open","sticky":false,"template":"","format":"standard","meta":{"footnotes":""},"categories":[22,24,25],"tags":[],"class_list":["post-390","post","type-post","status-publish","format-standard","hentry","category-articles-et-communiques-de-presse","category-entre-professionnels","category-meetings"],"_links":{"self":[{"href":"https:\/\/www.collectifpsychiatrie.fr\/index.php?rest_route=\/wp\/v2\/posts\/390","targetHints":{"allow":["GET"]}}],"collection":[{"href":"https:\/\/www.collectifpsychiatrie.fr\/index.php?rest_route=\/wp\/v2\/posts"}],"about":[{"href":"https:\/\/www.collectifpsychiatrie.fr\/index.php?rest_route=\/wp\/v2\/types\/post"}],"author":[{"embeddable":true,"href":"https:\/\/www.collectifpsychiatrie.fr\/index.php?rest_route=\/wp\/v2\/users\/2"}],"replies":[{"embeddable":true,"href":"https:\/\/www.collectifpsychiatrie.fr\/index.php?rest_route=%2Fwp%2Fv2%2Fcomments&post=390"}],"version-history":[{"count":0,"href":"https:\/\/www.collectifpsychiatrie.fr\/index.php?rest_route=\/wp\/v2\/posts\/390\/revisions"}],"wp:attachment":[{"href":"https:\/\/www.collectifpsychiatrie.fr\/index.php?rest_route=%2Fwp%2Fv2%2Fmedia&parent=390"}],"wp:term":[{"taxonomy":"category","embeddable":true,"href":"https:\/\/www.collectifpsychiatrie.fr\/index.php?rest_route=%2Fwp%2Fv2%2Fcategories&post=390"},{"taxonomy":"post_tag","embeddable":true,"href":"https:\/\/www.collectifpsychiatrie.fr\/index.php?rest_route=%2Fwp%2Fv2%2Ftags&post=390"}],"curies":[{"name":"wp","href":"https:\/\/api.w.org\/{rel}","templated":true}]}}