{"id":3919,"date":"2012-12-20T09:55:51","date_gmt":"2012-12-20T09:55:51","guid":{"rendered":"http:\/\/www.collectifpsychiatrie.fr\/?p=3919"},"modified":"2012-12-20T09:55:51","modified_gmt":"2012-12-20T09:55:51","slug":"communique-de-presse","status":"publish","type":"post","link":"https:\/\/www.collectifpsychiatrie.fr\/?p=3919","title":{"rendered":"&gt; Communiqu\u00e9 de Presse &#8211; \u00e9motion et indignation suite \u00e0 la condamnation pour homicide involontaire du Dr Canarelli."},"content":{"rendered":"<p><!--[if !mso]>\n\n\n<style>\nv:* {behavior:url(#default#VML);}\no:* {behavior:url(#default#VML);}\nw:* {behavior:url(#default#VML);}\n.shape {behavior:url(#default#VML);}\n<\/style>\n\n\n<![endif]--><!--[if gte mso 9]><xml>\n <o:DocumentProperties>\n  <o:Template>Normal<\/o:Template>\n  <o:Revision>0<\/o:Revision>\n  <o:TotalTime>0<\/o:TotalTime>\n  <o:Pages>1<\/o:Pages>\n  <o:Words>452<\/o:Words>\n  <o:Characters>2582<\/o:Characters>\n  <o:Lines>21<\/o:Lines>\n  <o:Paragraphs>5<\/o:Paragraphs>\n  <o:CharactersWithSpaces>3170<\/o:CharactersWithSpaces>\n  <o:Version>11.1539<\/o:Version>\n <\/o:DocumentProperties>\n <o:OfficeDocumentSettings>\n  <o:AllowPNG\/>\n <\/o:OfficeDocumentSettings>\n<\/xml><![endif]--><!--[if gte mso 9]><xml>\n <w:WordDocument>\n  <w:Zoom>0<\/w:Zoom>\n  <w:DoNotShowRevisions\/>\n  <w:DoNotPrintRevisions\/>\n  <w:HyphenationZone>21<\/w:HyphenationZone>\n  <w:DisplayHorizontalDrawingGridEvery>0<\/w:DisplayHorizontalDrawingGridEvery>\n  <w:DisplayVerticalDrawingGridEvery>0<\/w:DisplayVerticalDrawingGridEvery>\n  <w:UseMarginsForDrawingGridOrigin\/>\n <\/w:WordDocument>\n<\/xml><![endif]--><!--[if gte mso 9]><xml>\n <o:shapedefaults v:ext=\"edit\" spidmax=\"1027\"\/>\n<\/xml><![endif]--><!--[if gte mso 9]><xml>\n <o:shapelayout v:ext=\"edit\">\n  <o:idmap v:ext=\"edit\" data=\"1\"\/>\n <\/o:shapelayout><\/xml><![endif]--><!--StartFragment--><\/p>\n<p class=\"MsoNormal\" style=\"margin-left: 70.8pt; text-indent: 35.4pt; line-height: normal; \"><span class=\"Apple-style-span\" style=\"font-family: 'times new roman', times, serif; font-size: 16px; \">Le collectif des 39 exprime son &eacute;motion et son indignation suite &agrave; la condamnation <span style=\"color:windowtext\">pour homicide involontaire du Dr Canarelli.<\/span><\/span><\/p>\n<p class=\"MsoNormal\" style=\"text-align:justify;line-height:normal;tab-stops:35.4pt 70.8pt 106.2pt 141.6pt 177.0pt 212.4pt 247.8pt 283.2pt 318.6pt 354.0pt 389.4pt 424.8pt\"><span style=\"font-size:16px;\"><span style=\"font-family:times new roman,times,serif;\"><span style=\"color:windowtext\">S&rsquo;il est tout &agrave; fait justifi&eacute; que la famille de la victime tente de comprendre le drame que leur parent a subi, le Collectif des 39 tient &agrave; exprimer son incompr&eacute;hension face &agrave; ce jugement.<\/span><\/span><\/span><span style=\"color:windowtext\"><o:p><\/o:p><\/span><\/p>\n<p class=\"MsoNormal\" style=\"text-align:justify;line-height:normal;tab-stops:35.4pt 70.8pt 106.2pt 141.6pt 177.0pt 212.4pt 247.8pt 283.2pt 318.6pt 354.0pt 389.4pt 424.8pt\"><span style=\"font-size:16px;\"><span style=\"font-family:times new roman,times,serif;\"><span style=\"color:windowtext\">Ce proc&egrave;s, quoiqu&rsquo;en disent les magistrats de Marseille, doit &ecirc;tre consid&eacute;r&eacute; comme le proc&egrave;s de la psychiatrie toute enti&egrave;re. Ce jugement est aussi le reflet d&rsquo;une soci&eacute;t&eacute; &agrave; la recherche du risque z&eacute;ro, bien que dans une attitude conjuratoire les magistrats tentent de s&rsquo;en d&eacute;fendre. De m&ecirc;me ils affirment que &laquo;&nbsp;l&rsquo;impunit&eacute; de principe ne saurait exister, l&rsquo;opinion publique ne le supporte pas&nbsp;&raquo; comme un aveu de la recherche du coupable &agrave; tout prix, face &agrave; la d&eacute;claration d&rsquo;irresponsabilit&eacute; p&eacute;nale du malade. <\/span><\/span><\/span><span style=\"color:windowtext\"><o:p><\/o:p><\/span><\/p>\n<p class=\"MsoNormal\" style=\"text-align:justify;line-height:normal;tab-stops:35.4pt 70.8pt 106.2pt 141.6pt 177.0pt 212.4pt 247.8pt 283.2pt 318.6pt 354.0pt 389.4pt 424.8pt\"><span style=\"font-size:16px;\"><span style=\"font-family:times new roman,times,serif;\"><span style=\"color:windowtext\">Cette condamnation vient s&rsquo;ajouter &agrave; la liste d&eacute;j&agrave; longue des d&eacute;cisions politiques et autres lois de ces derni&egrave;res ann&eacute;es, tirant la psychiatrie vers une fonction r&eacute;pressive, et normative, plut&ocirc;t que facilitant sa mission de pr&eacute;vention et de soin envers les plus d&eacute;munis. Dans le m&ecirc;me temps, en contradiction avec cette orientation r&eacute;pressive, la d&eacute;nonciation des pratiques d&rsquo;enfermement, d&rsquo;isolement et de contention, qui se sont d&eacute;velopp&eacute;es au cours des derni&egrave;res ann&eacute;es, se fait de plus en plus entendre &agrave; juste titre.<\/span><\/span><\/span><span style=\"color:windowtext\"><o:p><\/o:p><\/span><\/p>\n<p class=\"MsoNormal\" style=\"text-align:justify;line-height:normal;tab-stops:35.4pt 70.8pt 106.2pt 141.6pt 177.0pt 212.4pt 247.8pt 283.2pt 318.6pt 354.0pt 389.4pt 424.8pt\"><span style=\"font-size:16px;\"><span style=\"font-family:times new roman,times,serif;\"><span style=\"color:windowtext\">Car un tel jugement, d&eacute;signant comme coupable d&rsquo;homicide involontaire un m&eacute;decin, ne peut qu&rsquo;amener les professionnels de la psychiatrie &agrave; travailler d&eacute;sormais dans la peur, dans la crainte d&rsquo;&ecirc;tre poursuivi et ainsi amplifier les pratiques r&eacute;pressives pour se prot&eacute;ger. <\/span><\/span><\/span><span style=\"color:windowtext\"><o:p><\/o:p><\/span><\/p>\n<p class=\"MsoNormal\" style=\"text-align:justify;line-height:normal;tab-stops:35.4pt 70.8pt 106.2pt 141.6pt 177.0pt 212.4pt 247.8pt 283.2pt 318.6pt 354.0pt 389.4pt 424.8pt\"><span style=\"font-size:16px;\"><span style=\"font-family:times new roman,times,serif;\"><span style=\"color:windowtext\">Ce jugement s&rsquo;est essentiellement appuy&eacute; sur l&rsquo;avis d&rsquo;un expert psychiatre faisant du diagnostic l&rsquo;alpha et l&rsquo;om&eacute;ga d&rsquo;une prise en charge th&eacute;rapeutique et mystifiant les magistrats en laissant croire qu&rsquo;&agrave; ce diagnostic correspond UN traitement unique et efficace, qui aurait emp&ecirc;ch&eacute; le passage &agrave; l&rsquo;acte tragique du patient. Tout psychiatre, tout soignant doit bien &eacute;videmment r&eacute;pondre de sa d&eacute;marche th&eacute;rapeutique. Cependant on ne peut entretenir l&rsquo;illusion que la psychiatrie soit une science exacte.<\/span><\/span><\/span><span style=\"color:windowtext\"><o:p><\/o:p><\/span><\/p>\n<p class=\"MsoNormal\" style=\"text-align:justify;line-height:normal;tab-stops:35.4pt 70.8pt 106.2pt 141.6pt 177.0pt 212.4pt 247.8pt 283.2pt 318.6pt 354.0pt 389.4pt 424.8pt\"><span style=\"font-size:16px;\"><span style=\"font-family:times new roman,times,serif;\"><span style=\"color:windowtext\">Il est trompeur de laisser entendre qu&rsquo;un certain type de traitement m&eacute;dicamenteux, d&rsquo;action retard, alli&eacute; &agrave; des modes de soin parmi les plus carc&eacute;raux, permettrait de limiter les passages &agrave; l&rsquo;acte criminels. <\/span><\/span><\/span><span style=\"color:windowtext\"><o:p><\/o:p><\/span><\/p>\n<p class=\"MsoNormal\" style=\"text-align:justify;line-height:normal;tab-stops:35.4pt 70.8pt 106.2pt 141.6pt 177.0pt 212.4pt 247.8pt 283.2pt 318.6pt 354.0pt 389.4pt 424.8pt\"><span style=\"font-size:16px;\"><span style=\"font-family:times new roman,times,serif;\"><span style=\"color:windowtext\">L&rsquo;attendu de ce jugement vient conforter tous les pr&eacute;jug&eacute;s actuels, assimilant honteusement folie et dangerosit&eacute;, enfermant ainsi les soignants en psychiatrie dans une fonction uniquement r&eacute;pressive. <\/span><\/span><\/span><span style=\"color:windowtext\"><o:p><\/o:p><\/span><\/p>\n<p class=\"MsoNormal\" style=\"text-align:justify;line-height:normal;tab-stops:35.4pt 70.8pt 106.2pt 141.6pt 177.0pt 212.4pt 247.8pt 283.2pt 318.6pt 354.0pt 389.4pt 424.8pt\"><span style=\"font-size:16px;\"><span style=\"font-family:times new roman,times,serif;\"><span style=\"color:windowtext\">La loi du 5 juillet 2011 instaurant des soins obligatoires &agrave; domicile, va exactement dans le m&ecirc;me sens et c&rsquo;est pour cela que le collectif des 39 maintient son opposition &agrave; cette loi et a lanc&eacute; un appel pour son abrogation.<\/span><\/span><\/span><span style=\"color:windowtext\"><o:p><\/o:p><\/span><\/p>\n<p class=\"MsoNormal\" style=\"text-align:justify;line-height:normal;tab-stops:35.4pt 70.8pt 106.2pt 141.6pt 177.0pt 212.4pt 247.8pt 283.2pt 318.6pt 354.0pt 389.4pt 424.8pt\"><span style=\"font-size:16px;\"><span style=\"font-family:times new roman,times,serif;\"><span style=\"color:windowtext\">La d&eacute;cision du tribunal de Marseille doit &ecirc;tre consid&eacute;r&eacute;e comme le reflet d&rsquo;une soci&eacute;t&eacute; entra&icirc;n&eacute;e dans une d&eacute;rive s&eacute;curitaire, normative et de moins en moins accueillante envers les malades les plus en souffrance.<\/span><\/span><\/span><span style=\"color:windowtext\"><o:p><\/o:p><\/span><\/p>\n<p class=\"MsoNormal\" style=\"text-align:justify;line-height:normal;tab-stops:35.4pt 70.8pt 106.2pt 141.6pt 177.0pt 212.4pt 247.8pt 283.2pt 318.6pt 354.0pt 389.4pt 424.8pt\"><span style=\"font-size:16px;\"><span style=\"font-family:times new roman,times,serif;\"><span style=\"color:windowtext\">Le dr Canarellii a d&eacute;cid&eacute; de faire appel ; Le collectif des 39 sera &agrave; ses c&ocirc;t&eacute;s<\/span><\/span><\/span><span style=\"color:windowtext\"><o:p><\/o:p><\/span><\/p>\n<p class=\"MsoNormal\" style=\"text-align:justify;line-height:normal;tab-stops:35.4pt 70.8pt 106.2pt 141.6pt 177.0pt 212.4pt 247.8pt 283.2pt 318.6pt 354.0pt 389.4pt 424.8pt\"><!--[if !supportEmptyParas]--><span style=\"font-size:10.0pt;font-family:&quot;Times New Roman&quot;;color:windowtext\">&nbsp;<!--[endif]--><\/span><span style=\"font-size:10.0pt;font-family:&quot;Times New Roman&quot;;color:windowtext\"><o:p><\/o:p><\/span><span class=\"Apple-style-span\" style=\"font-family: 'times new roman', times, serif; font-size: 16px; \">Jeudi 20 d&eacute;cembre 2012<\/span><\/p>\n<p><!--EndFragment--><\/p>\n","protected":false},"excerpt":{"rendered":"<p>Le collectif des 39 exprime son \u00e9motion et son indignation suite \u00e0 la condamnation pour homicide involontaire du Dr Canarelli.<\/p>\n","protected":false},"author":2,"featured_media":0,"comment_status":"open","ping_status":"open","sticky":false,"template":"","format":"standard","meta":{"footnotes":""},"categories":[22],"tags":[],"class_list":["post-3919","post","type-post","status-publish","format-standard","hentry","category-articles-et-communiques-de-presse"],"_links":{"self":[{"href":"https:\/\/www.collectifpsychiatrie.fr\/index.php?rest_route=\/wp\/v2\/posts\/3919","targetHints":{"allow":["GET"]}}],"collection":[{"href":"https:\/\/www.collectifpsychiatrie.fr\/index.php?rest_route=\/wp\/v2\/posts"}],"about":[{"href":"https:\/\/www.collectifpsychiatrie.fr\/index.php?rest_route=\/wp\/v2\/types\/post"}],"author":[{"embeddable":true,"href":"https:\/\/www.collectifpsychiatrie.fr\/index.php?rest_route=\/wp\/v2\/users\/2"}],"replies":[{"embeddable":true,"href":"https:\/\/www.collectifpsychiatrie.fr\/index.php?rest_route=%2Fwp%2Fv2%2Fcomments&post=3919"}],"version-history":[{"count":0,"href":"https:\/\/www.collectifpsychiatrie.fr\/index.php?rest_route=\/wp\/v2\/posts\/3919\/revisions"}],"wp:attachment":[{"href":"https:\/\/www.collectifpsychiatrie.fr\/index.php?rest_route=%2Fwp%2Fv2%2Fmedia&parent=3919"}],"wp:term":[{"taxonomy":"category","embeddable":true,"href":"https:\/\/www.collectifpsychiatrie.fr\/index.php?rest_route=%2Fwp%2Fv2%2Fcategories&post=3919"},{"taxonomy":"post_tag","embeddable":true,"href":"https:\/\/www.collectifpsychiatrie.fr\/index.php?rest_route=%2Fwp%2Fv2%2Ftags&post=3919"}],"curies":[{"name":"wp","href":"https:\/\/api.w.org\/{rel}","templated":true}]}}