{"id":6816,"date":"2013-05-13T07:05:17","date_gmt":"2013-05-13T05:05:17","guid":{"rendered":"http:\/\/www.collectifpsychiatrie.fr\/?p=6816"},"modified":"2013-05-13T07:05:17","modified_gmt":"2013-05-13T05:05:17","slug":"les-ateliers-aux-assises-citoyennes","status":"publish","type":"post","link":"https:\/\/www.collectifpsychiatrie.fr\/?p=6816","title":{"rendered":"Les Ateliers aux Assises Citoyennes"},"content":{"rendered":"<p>Ateliers<\/p>\n<p>ATELIER 1<br \/>\nPratiques de soins et d\u2019accompagnement : entre r\u00e9sistances et inventions<br \/>\navec la participation de Pierre DARDOT, philosophe<br \/>\nMod\u00e9rateurs : Dr Yacine Amhis, psychiatre, la CRIEE, Reims &#8211; Fran\u00e7oise Nielsen, psychanalyste, Utopsy,<br \/>\nParis Benjamin Royer, psychologue clinicien, association Vice&#038;Ver\u00e7a &#8211; universit\u00e9 Paris XIII, La nouvelle Forge<br \/>\nDominique Damour, Psychologue clinicienne, membre de la coordination Inter-coll\u00e8ges des psychologues<br \/>\nhospitaliers IDF, Pontoise &#8211; Dr Mathieu Bellahsen, psychiatre, Utopsy, Etampes<\/p>\n<p> \u00a0\u00bb L\u2019atelier sera l\u2019occasion d\u2019une discussion citoyenne pratique et politique. Nous tenterons d\u2019ouvrir ensemble les contradictions qui animent le champ du soin et de l\u2019accompagnement. Comment penser diff\u00e9rentes possibilit\u00e9s d\u2019accueil et de relation de soins ? Comment \u0153uvrer \u00e0 une h\u00e9t\u00e9rog\u00e9n\u00e9it\u00e9 de pratiques qui dessineraient des perspectives \u00e9mancipatrices singuli\u00e8res et collectives ?<\/p>\n<p>  Pour nourrir la discussion seront notamment pr\u00e9sents \u00e0 l\u2019atelier : Lo\u00efc Andrien, Marie Jos\u00e9 Cinq Mars, Marie Jos\u00e9 Villain, Collectif Artaud de Reims, les Psycausent, Pierre Dardot.\u00a0\u00bb<\/p>\n<p>ATELIER 2<br \/>\nEspaces partag\u00e9s : vie quotidienne et citoyennet\u00e9<br \/>\nLes clubs th\u00e9rapeutiques, les associations de secteur, les groupes d&rsquo;entraide mutuelle, sont des espaces o\u00f9 se rencontrent, d\u00e9battent, se construisent des projets en partage entre patients, soignants, voire des citoyens concern\u00e9s par le champ psychiatrique, les questions qui touchent \u00e0 la culture, l&rsquo;\u00eatre ensemble, le \u00ab\u00a0vivre ensemble\u00a0\u00bb, matrice du politique. A ce titre ce sont aussi des lieux d&rsquo;exp\u00e9rimentation de la citoyennet\u00e9. Ce sont aussi des espaces qui permettent des ouvertures des institutions vers la cit\u00e9, le champ social, et permettent ainsi une circulation \u00ab\u00a0entre le dedans et le dehors\u00a0\u00bb.<br \/>\nNous envisagerons de partager diff\u00e9rentes exp\u00e9riences, de nombreuses pratiques, qui m\u00eame si elles ne sont pas r\u00e9pandues dans la plupart des lieux de soins, ou dans la cit\u00e9, devraient se d\u00e9velopper avec l&rsquo;\u00e9mergence d&rsquo;une parole collective des patients, \u00e0 laquelle se risquent \u00e0 la confrontation des professionnels et des acteurs de la culture ( arts plastiques, th\u00e9\u00e2tre, etc).<\/p>\n<p>Atelier anim\u00e9 par Aurore Le Nail, Monique Vincent, Paul Machto et Fred\u00e9ric Niquet, auxquels se joindront notamment  Laure Wolmark, psychologue au COMEDE &#8211; accueil des exil\u00e9s-, Nausica Zaballos,doctorante en histoire de la m\u00e9decine et en anthropologie, Agn\u00e8s Faulcon, directrice du centre social intercommunal de Montfermeil-Clichy sous bois, Guy B\u00e9nisty, metteur en sc\u00e8ne directeur du Groupe d&rsquo;Intervention Th\u00e9\u00e2trale et Cin\u00e9matographique, et d&rsquo;autres &#8230;<\/p>\n<p>ATELIER 3<br \/>\nLes familles et les proches comme partenaires pour les soins et l\u2019accompagnement<br \/>\nCrise du patient , Crise de la famille, Crise de la psychiatrie : qui est envahi par les troubles ?<br \/>\nComment le \u201csyst\u00e8me de soins \u201c se doit-il de soutenir la famille pour qu\u2019elle puisse rester \u201c aidante \u201cdans ses relations avec la personne touch\u00e9e par \u201cdes troubles psychiques \u201c ? Quel accueil pour la partie silencieuse de la famille, la fratrie, les enfants, les grands parents ? Quelle place pour les familles et pour les patients?<br \/>\nL\u2019atelier sera un moment de discussion et d\u2019\u00e9changes autour du r\u00f4le et de la place de chacun par rapport \u00e0 celui ou celle qui a besoin de soins  .<br \/>\nAvec  la participation d&rsquo; Annick Ernoult, H\u00e9l\u00e9ne Davtian, Lise Gaignard, Pascale Molini\u00e9, Christine Chaise, Barbara Wallian, Mireille Battut, Victoire Mabit&#8230;<\/p>\n<p>ATELIER 4<br \/>\nArticulation du sanitaire et du m\u00e9dico-social<br \/>\nAvec la participation de Marjolaine Rauze, Maire de Morsang sur Orge, vice pr\u00e9sidente du Conseil<br \/>\nG\u00e9n\u00e9ral de l\u2019Essonne charg\u00e9e de la Sant\u00e9 et des Solidarit\u00e9s et du Dr Pascal Cr\u00e9t\u00e9, psychiatre, F\u00e9d\u00e9ration<br \/>\nInter Associations Culturelles (FIAC), Caen<br \/>\nMod\u00e9rateurs : Dr Pedro Serra, psychiatre, Utopsy, Bondy &#8211; Brigitte Voyard, psychanalyste, Paris &#8211; Serge<br \/>\nKlopp, cadre infirmier, Cem\u00e9a, Paris<\/p>\n<p>Depuis le rapport Cl\u00e9ry M\u00e9lin en 2003, le minist\u00e8re ne cesse de vouloir limiter  la mission sanitaire du Secteur au traitement de la crise, l&rsquo;hospitalisation ne releverait plus de la sectorisation (rapport Couty 2009). On passerait de la continuit\u00e9 des soins (qui serait dor\u00e9navant assur\u00e9e par le g\u00e9n\u00e9raliste) \u00e0 la continuit\u00e9 de la prise en charge \u00ab\u00a0segment\u00e9e\u00a0\u00bb, assur\u00e9e alternativement par le Secteur ou le m\u00e9dicosocial. Ce qui remet en cause toute conception psychodynamique du soin int\u00e9grant l&rsquo;histoire de la maladie et du sujet. Ce qui met en concurence le sanitaire et le m\u00e9dicosocial. Le \u00ab\u00a0plan autisme\u00a0\u00bb  qui vient d&rsquo;\u00eatre publi\u00e9 va-t-il \u00eatre le levier pour  mettre en oeuvre concr\u00e8tement ces projets? Peut-on sortir de cette impasse? Le Secteur a-t-il encore un avenir? Comment inventer de nouvelles coop\u00e9ration entre ces champs respectant l&rsquo;approche psychodynamique et articulant continuit\u00e9 des soins avec continuit\u00e9 des prises en charge?<\/p>\n<p>ATELIER 5<br \/>\nEnjeux actuels des soins psychiques pour les enfants<br \/>\nLa notion de soin psychique fait elle toujours partie de notre univers quotidien (parent,soignant,pedagogue,directeur)? Les souffrances psychiques des enfants deviennent progressivement de simples troubles neuro-d\u00e9veloppementaux excluant inexorablement la p\u00e9dopsychiatrie (cf 3\u00e8me plan autisme) tandis que le m\u00e9dico-social sera dot\u00e9 \u00e0 condition d&rsquo;utiliser des techniques comportementales. La p\u00e9dopsychiatrie a t-elle donc toujours un avenir? Comment dans ce contexte, penser une coop\u00e9ration et une continuit\u00e9 des soins entre p\u00e9dopsychiatrie et m\u00e9dico-social pour pr\u00e9server l\u00b4hospitalit\u00e9 dues aux enfants, en d\u00e9veloppant des pratiques plurielles et pluridisciplinaires orient\u00e9es par la psychanalyse et la psychoth\u00e9rapie institutionnelle.?<\/p>\n<p>Avec la participation de Dominique Amy, Pierre Suesser, Dominique Bertin, Mo\u00efse Assouline, Pierre Delion et d&rsquo;Agn\u00e8s Bachelet et Patrick Sadoun.<\/p>\n<p>ATELIER 6<br \/>\nJustice et Psychiatrie : le Droit, l\u2019Ethique et le soin. Jeunesse, m\u00e9dico-social et sanitaire<br \/>\nLa psychiatrie se trouve \u00e0 la crois\u00e9e de nombreuses disciplines et les professionnels de la psychiatrie travaillent \u00e0 la fronti\u00e8re de plusieurs institutions. La justice est de celles-l\u00e0. Pour autant, les relations entre justice et psychiatrie se situent au c\u0153ur de plusieurs contradictions. Ces liens remontent \u00e0 l&rsquo;origine m\u00eame de la psychiatrie comme discipline m\u00e9dicale. Ils constituent par l\u00e0 le p\u00each\u00e9 originel de la psychiatrie. Les rapports qu&rsquo;entretiennent l&rsquo;une et l&rsquo;autre, peuvent-ils exister dans un climat serein ? Psychiatrie et justice ne peuvent \u00e9voluer l&rsquo;une sans l&rsquo;autre. On assiste en ce point \u00e0 une alternance entre recherche d&rsquo;alliance et clivage institutionnel. Entre alt\u00e9rit\u00e9 et affinit\u00e9, les param\u00e8tres propices \u00e0 un mariage heureux de ces deux champs d&rsquo;exercice peuvent-ils \u00eatre d\u00e9crits ?<\/p>\n<p>\tUn grand nombre de questions peuvent \u00eatre abord\u00e9es. La loi du 5 juillet 2011 sur les soins sans consentement occupe de nombreux d\u00e9bats actuels. Mais le droit \u00e9volue bien vite, dans tous les domaines. Ainsi des lois sur la protection des biens, des lois sur l&rsquo;irresponsabilit\u00e9 p\u00e9nale ou de celles touchant au secret m\u00e9dicale, pour ne citer qu&rsquo;elles. La justice des mineurs \u00e9galement, n&rsquo;est pas indemne d&rsquo;\u00e9volutions nombreuses, dont certaines inqui\u00e8tent les professionnels de l&rsquo;enfance et de l&rsquo;adolescence. Comment ne pas perdre son \u00e2me de soignant, d&rsquo;\u00e9ducateur, ou d&rsquo;accompagnant, tout en gardant la pr\u00e9occupation d&rsquo;un partenariat avec la justice, et pourquoi pas, la police ? Est-il possible de maintenir une hospitalit\u00e9 pour la folie en se moulant dans les nouveaux cadres l\u00e9gislatifs ? Telles sont quelques une des questions difficiles qui se posent quotidiennement \u00e0 ceux qui travaillent dans le m\u00e9dico-social ou pour les h\u00f4pitaux psychiatriques.<\/p>\n<p>Avec la participation de Serge PORTELLI, magistrat, vice pr\u00e9sident au tribunal de Paris<br \/>\nMod\u00e9rateurs :<br \/>\nDr Thierry Najman, psychiatre des h\u00f4pitaux, chef de p\u00f4le, Moisselles &#8211; Lysia Edelstein, psychologue clinicienne<br \/>\n\u00e0 la PJJ, Seine Saint Denis &#8211; Selma Benchellah, psychologue, association culturelle de Maison<br \/>\nBlanche, Paris &#8211; Antoine Machto, psychologue clinicien, Gentilly<\/p>\n<p>ATELIER 7<br \/>\n\u00c9valuation, Qualit\u00e9&#8230; Comment nous r\u00e9approprier les mots occup\u00e9s ?<br \/>\nAvec la participation du Pr Yves Clot, chaire de psychologie du travail, CNAM, Paris et du Professeur<br \/>\nFran\u00e7ois Gonon, directeur de recherche au CNRS, neurobiologiste, Bordeaux<br \/>\nDr Bernard Odier, psychiatre, psychanalyste, chef de service, ASM 13, Paris.<br \/>\nMod\u00e9rateurs :<br \/>\n\u00c9mile Lumbroso, psychologue clinicien, association Europsy, Reims &#8211; Dr Patrice Charbit, psychiatre<br \/>\net psychanalyste, Montpellier &#8211; Dr Guy Dana, psychiatre chef de service, psychanalyste, Longjumeau &#8211;<br \/>\nDr Bruno Tournaire Bacchini, psychiatre, Utopsy, Clermont de l&rsquo;Oise<\/p>\n<p>ATELIER 8<br \/>\nFolie, Culture et Soci\u00e9te<br \/>\nDans un monde o\u00f9 domine l&rsquo;obsession de la norme, de la conduite conforme, toute recherche de fa\u00e7ons de penser nouvelles, de fa\u00e7ons d&rsquo;agir diff\u00e9rentes, d&rsquo;un ailleurs, d&rsquo;un inconnu, provoque des violentes r\u00e9sistances.<br \/>\nLa \u00ab\u00a0folie\u00a0\u00bb est toujours la tentative de trouver au-del\u00e0 de la brutalit\u00e9 du conformisme une voie singuli\u00e8re, in\u00e9dite. La \u00ab\u00a0culture\u00a0\u00bb sous toutes ses formes s&rsquo;enracine dans cette exigence, ce risque et ce courage, d&rsquo;ou la n\u00e9cessite cruciale d&rsquo;espaces sociaux qui permettent d&rsquo;accueillir la transgression, et la relance incessante de la cr\u00e9ativit\u00e9.<\/p>\n<p>Mod\u00e9rateurs: Heitor de Macedo, Alexandra de Seguin , sylvie Prieur, Jacques Mairesse et Patrick Chemla<br \/>\nPour nourrir la discussion seront notamment pr\u00e9sents \u00e0 l\u2019atelier : Sophie Sirere, R\u00e9gis Sauder, Lutia Erati, Marie-France Negrel, Lancelot Hamelin, Laure Murat, Adrien Beorchia, Patrick Franquet, Dina Joubrel, Pierre Smet, Charles Burquel<\/p>\n<p>Les mod\u00e9rateurs de l&rsquo;atelier 8<\/p>\n","protected":false},"excerpt":{"rendered":"<p>Ateliers ATELIER 1 Pratiques de soins et d\u2019accompagnement : entre r\u00e9sistances et inventions avec la participation de Pierre DARDOT, philosophe Mod\u00e9rateurs : Dr Yacine Amhis, psychiatre, la CRIEE, Reims &#8211; Fran\u00e7oise Nielsen, psychanalyste, Utopsy, Paris Benjamin Royer, psychologue clinicien, association Vice&#038;Ver\u00e7a &#8211; universit\u00e9 Paris XIII, La nouvelle Forge Dominique Damour, Psychologue clinicienne, membre de la &hellip; <a href=\"https:\/\/www.collectifpsychiatrie.fr\/?p=6816\" class=\"more-link\">Continuer la lecture de <span class=\"screen-reader-text\">Les Ateliers aux Assises Citoyennes<\/span>  <span class=\"meta-nav\">&rarr;<\/span><\/a><\/p>\n","protected":false},"author":2,"featured_media":0,"comment_status":"open","ping_status":"open","sticky":false,"template":"","format":"standard","meta":{"footnotes":""},"categories":[10],"tags":[],"class_list":["post-6816","post","type-post","status-publish","format-standard","hentry","category-pour-l-hospitalite-en-psychiatrie"],"_links":{"self":[{"href":"https:\/\/www.collectifpsychiatrie.fr\/index.php?rest_route=\/wp\/v2\/posts\/6816","targetHints":{"allow":["GET"]}}],"collection":[{"href":"https:\/\/www.collectifpsychiatrie.fr\/index.php?rest_route=\/wp\/v2\/posts"}],"about":[{"href":"https:\/\/www.collectifpsychiatrie.fr\/index.php?rest_route=\/wp\/v2\/types\/post"}],"author":[{"embeddable":true,"href":"https:\/\/www.collectifpsychiatrie.fr\/index.php?rest_route=\/wp\/v2\/users\/2"}],"replies":[{"embeddable":true,"href":"https:\/\/www.collectifpsychiatrie.fr\/index.php?rest_route=%2Fwp%2Fv2%2Fcomments&post=6816"}],"version-history":[{"count":0,"href":"https:\/\/www.collectifpsychiatrie.fr\/index.php?rest_route=\/wp\/v2\/posts\/6816\/revisions"}],"wp:attachment":[{"href":"https:\/\/www.collectifpsychiatrie.fr\/index.php?rest_route=%2Fwp%2Fv2%2Fmedia&parent=6816"}],"wp:term":[{"taxonomy":"category","embeddable":true,"href":"https:\/\/www.collectifpsychiatrie.fr\/index.php?rest_route=%2Fwp%2Fv2%2Fcategories&post=6816"},{"taxonomy":"post_tag","embeddable":true,"href":"https:\/\/www.collectifpsychiatrie.fr\/index.php?rest_route=%2Fwp%2Fv2%2Ftags&post=6816"}],"curies":[{"name":"wp","href":"https:\/\/api.w.org\/{rel}","templated":true}]}}