{"id":6869,"date":"2013-05-29T08:16:44","date_gmt":"2013-05-29T06:16:44","guid":{"rendered":"http:\/\/www.collectifpsychiatrie.fr\/?p=6869"},"modified":"2013-05-29T08:16:44","modified_gmt":"2013-05-29T06:16:44","slug":"programme-des-assises-citoyennes-le-31-mai-et-1er-juin-2013","status":"publish","type":"post","link":"https:\/\/www.collectifpsychiatrie.fr\/?p=6869","title":{"rendered":"Programme des Assises Citoyennes le 31 mai et 1er juin 2013"},"content":{"rendered":"<p>Devant la gravit\u00e9 des interventions de madame Marie-Arlette Carlotti, ministre charg\u00e9e des personnes handicap\u00e9s et de la lutte contre l\u2019exclusion, et la sortie du plan Autisme 2013, nous avons d\u00e9cid\u00e9 de modifier l\u2019organisation pr\u00e9vue des Assises.<br \/>\nNous vous transmettons donc le programme actualis\u00e9 ci dessous en signalant un changement important : les Assises se concluront samedi \u00e0 13H, et nous reprendrons \u00e0 14H par la tenue d\u2019un Meeting Unitaire pour demander le retrait du plan autisme et montrer les dangers potentiels qu\u2019il rec\u00e8le pour toute la psychiatrie \u00e0 laquelle nous aspirons, fond\u00e9e sur des valeurs de solidarit\u00e9 et d\u2019hospitalit\u00e9.<\/p>\n<p>Programme des Assises Citoyennes pour l\u2019hospitalit\u00e9 en psychiatrie et dans le m\u00e9dico-social<\/p>\n<p>Vendredi 31 mai 2013.<\/p>\n<p>8h30 \u2013 Accueil des participants<\/p>\n<p>9h \u2013 Allocution de Mme le Maire de Villejuif, Mme Claudine Cordillot<\/p>\n<p>9h15 \u2013 Ouverture \u2013 Philippe Bichon psychiatre clinique de La Borde et Benjamin Royer, psychologue clinicien, association Vice&#038;Versa &#8211; universit\u00e9 Paris XIII, La nouvelle Forge<\/p>\n<p>9H45   -Simone Molina ( psychologue clinicienne, psychanalyste)<br \/>\n\u201cLes enjeux historiques de la pr\u00e9sence des psychologues cliniciens en institution.\u201d<br \/>\n            -Leslie Kaplan     \u00e9crivain: \u201cFolie et Cr\u00e9ation\u201d<br \/>\n             -Fr\u00e9d\u00e9ric Niquet  usager: \u201dPourquoi Humapsy?\u201d<br \/>\nS\u00e9ance mod\u00e9r\u00e9e par Paul Machto<\/p>\n<p>10h30<br \/>\nMonsieur le D\u00e9put\u00e9 DENYS ROBILIARD, rapporteur de la mission parlementaire sur la sant\u00e9 mentale et l\u2019avenir de la psychiatrie , pr\u00e9sentera le pr\u00e9-rapport parlementaire qui doit \u00eatre  publi\u00e9 ce mercredi 29 Mai<br \/>\nDiscutants Mathieu Bellahsen \/ Olivia Gili \/ Annick Lair<\/p>\n<p>11h30<br \/>\n&#8211; Patrick Landman, co-fondateur du mouvement \u00ab stop DSM \u00bb, autour de la sortie du DSM 5 :  Quel impact sur les pratiques ?<br \/>\nDiscutants:  Mathieu Dissert (Humapsy), Dominique Besnard (CEMEA) , B\u00e9n\u00e9dicte Maurin \u00e9ducatrice<\/p>\n<p>12h<br \/>\n&#8211; Pierre Delion et  Elisabeth Roudinesco , au sujet du troisi\u00e8me plan autisme.<br \/>\nDiscutants Loriane Brunessaux, Patrick Chemla, Christian Guibert.<\/p>\n<p>13h repas<\/p>\n<p>14h \u00e0 17h30 Les Ateliers :<br \/>\nvoir la pr\u00e9sentation sur le site : https:\/\/www.collectifpsychiatrie.fr\/?p=6816<\/p>\n<p>Samedi 1er Juin 2013.<\/p>\n<p>9h \u00e0 12h \u2013 Les Ateliers 2e temps<\/p>\n<p>12h \u00e0 13h &#8211; Table ronde conclusive des Assises<\/p>\n<p>avec Sylvie Prieur, Monique Vincent, Herv\u00e9 Bokobza, Patrick Chemla, Fr\u00e9deric Niquet, Serge Klopp<\/p>\n<p>14h  \u00e0 17H\u2013 MEETING UNITAIRE CONTRE LE PLAN AUTISME<\/p>\n<p>Mod\u00e9r\u00e9 par Herv\u00e9 Bokobza<\/p>\n<p>Avec la pr\u00e9sence de nombreuses associations, syndicats et partis politiques dont :<br \/>\nL\u2019AFPEP-SNPP,  le SPH, l&rsquo;USP, la f\u00e9d\u00e9ration Croix Marine, les Cem\u00e9a, Humapsy,le CRPA, Advocacy France, l\u2019intercoll\u00e8ge des psychologues d&rsquo;\u00eele de France, Utopsy, SUD SANTE,  le Front de Gauche, le NPA,   la CGT, et EELV (sous r\u00e9serve), la f\u00e9d\u00e9ration des orthophonistes de France, l\u2019association de parents : \u201cla main \u00e0 l\u2019oreille\u201d, et le soutien d\u2019 associations de psychanalyse : La F\u00e9d\u00e9ration des Ateliers de Psychanalyse, le Point de Capiton, le Cercle Freudien, Espace Analytique, le Champ Freudien ,<\/p>\n<p>Interventions de<br \/>\n-Jean Oury m\u00e9decin directeur de la clinique de La Borde<br \/>\n-Pierre Dardot, philosophe, coauteur de \u201cla nouvelle raison du Monde\u201d<br \/>\n-Mireille Battut, parente, pr\u00e9sidente de l\u2019association \u201cla main \u00e0 l\u2019oreille\u201d<br \/>\n-Laure Murat, historienne auteur de \u201cL\u2019homme qui se prenait pour Napol\u00e9on\u201d<br \/>\n-Bernard Odier (SPH)<\/p>\n<p>Pr\u00e9sentation d\u2019un appel unitaire<\/p>\n<p>avec comme intervenants<br \/>\nPatrick Chemla (collectif des 39), Jean Vignes (SUD Sant\u00e9), Jean-Luc Gibelin (Front de Gauche), Dominique Besnard (Cem\u00e9a), Matthieu Dissert (Humapsy)<\/p>\n<p>propositions d&rsquo;actions.<\/p>\n<p>Conclusion du meeting<\/p>\n","protected":false},"excerpt":{"rendered":"<p>Devant la gravit\u00e9 des interventions de madame Marie-Arlette Carlotti, ministre charg\u00e9e des personnes handicap\u00e9s et de la lutte contre l\u2019exclusion, et la sortie du plan Autisme 2013, nous avons d\u00e9cid\u00e9 de modifier l\u2019organisation pr\u00e9vue des Assises. Nous vous transmettons donc le programme actualis\u00e9 ci dessous en signalant un changement important : les Assises se concluront &hellip; <a href=\"https:\/\/www.collectifpsychiatrie.fr\/?p=6869\" class=\"more-link\">Continuer la lecture de <span class=\"screen-reader-text\">Programme des Assises Citoyennes le 31 mai et 1er juin 2013<\/span>  <span class=\"meta-nav\">&rarr;<\/span><\/a><\/p>\n","protected":false},"author":2,"featured_media":0,"comment_status":"open","ping_status":"open","sticky":false,"template":"","format":"standard","meta":{"footnotes":""},"categories":[3],"tags":[],"class_list":["post-6869","post","type-post","status-publish","format-standard","hentry","category-calendrier"],"_links":{"self":[{"href":"https:\/\/www.collectifpsychiatrie.fr\/index.php?rest_route=\/wp\/v2\/posts\/6869","targetHints":{"allow":["GET"]}}],"collection":[{"href":"https:\/\/www.collectifpsychiatrie.fr\/index.php?rest_route=\/wp\/v2\/posts"}],"about":[{"href":"https:\/\/www.collectifpsychiatrie.fr\/index.php?rest_route=\/wp\/v2\/types\/post"}],"author":[{"embeddable":true,"href":"https:\/\/www.collectifpsychiatrie.fr\/index.php?rest_route=\/wp\/v2\/users\/2"}],"replies":[{"embeddable":true,"href":"https:\/\/www.collectifpsychiatrie.fr\/index.php?rest_route=%2Fwp%2Fv2%2Fcomments&post=6869"}],"version-history":[{"count":0,"href":"https:\/\/www.collectifpsychiatrie.fr\/index.php?rest_route=\/wp\/v2\/posts\/6869\/revisions"}],"wp:attachment":[{"href":"https:\/\/www.collectifpsychiatrie.fr\/index.php?rest_route=%2Fwp%2Fv2%2Fmedia&parent=6869"}],"wp:term":[{"taxonomy":"category","embeddable":true,"href":"https:\/\/www.collectifpsychiatrie.fr\/index.php?rest_route=%2Fwp%2Fv2%2Fcategories&post=6869"},{"taxonomy":"post_tag","embeddable":true,"href":"https:\/\/www.collectifpsychiatrie.fr\/index.php?rest_route=%2Fwp%2Fv2%2Ftags&post=6869"}],"curies":[{"name":"wp","href":"https:\/\/api.w.org\/{rel}","templated":true}]}}