{"id":7171,"date":"2014-03-24T16:59:34","date_gmt":"2014-03-24T15:59:34","guid":{"rendered":"http:\/\/www.collectifpsychiatrie.fr\/?p=7171"},"modified":"2015-01-17T16:29:41","modified_gmt":"2015-01-17T16:29:41","slug":"une-bande-annonce-choquante","status":"publish","type":"post","link":"https:\/\/www.collectifpsychiatrie.fr\/?p=7171","title":{"rendered":"&gt; Une bande annonce choquante"},"content":{"rendered":"<p>Communiqu\u00e9 du \u00ab\u00a0Fil conducteur\u00a0\u00bb<\/p>\n<p>Objet :<br \/>\n&#8211; la bande annonce de l\u2019\u00e9mission diffus\u00e9e sur France 5 le 18 mars 2014, \u00ab Dans la peau d\u2019un bipolaire : de l\u2019ombre \u00e0 la lumi\u00e8re \u00bb.<br \/>\n&#8211; la rediffusion cons\u00e9cutive \u00e0 cette \u00e9mission, \u00e0 21h45, d\u2019un reportage d\u00e9j\u00e0 diffus\u00e9 le 16 novembre 2010 sur les schizophr\u00e8nes, \u00ab Schizophr\u00e9nie, l\u2019ennemie intime \u00bb.<\/p>\n<p>&#8211; La bande annonce de l\u2019\u00e9mission \u00ab Dans la peau d\u2019un bipolaire : de l\u2019ombre \u00e0 la lumi\u00e8re \u00bb, largement diffus\u00e9e sur les sites des m\u00e9dias, mais \u00e9galement sur des sites tels que Dailymotion, est choquante.<br \/>\nChoquante pour plusieurs raisons :<br \/>\nPar des images choc, elle donne une vision fausse et caricaturale de personnes souffrant d\u2019une maladie psychique. Elle joue sur les ressorts de la peur fantasm\u00e9e du public, \u00e0 la mani\u00e8re d\u2019un thriller. Et par l\u00e0, contribue \u00e0 stigmatiser les personnes atteintes d\u2019un trouble bipolaire. Cette bande annonce est une insulte \u00e0 la souffrance, celle des malades, comme celle de leur entourage.<br \/>\nLa question du choix de cette bande annonce se pose, qui joue sur l\u2019attrait de \u00ab l\u2019horreur \u00bb pour attirer le spectateur \u00e0 regarder une \u00e9mission qui se veut documentaire. Non seulement elle n\u2019en est pas le reflet, mais elle va \u00e0 contre-sens du contenu de l\u2019\u00e9mission. Elle repr\u00e9sente une v\u00e9ritable trahison \u00e0 la fois de l\u2019esprit de l\u2019\u00e9mission, et du t\u00e9l\u00e9spectateur confiant.<br \/>\nEnfin, comment une cha\u00eene du service public peut-elle valider un tel message, de nature stigmatisante et discriminante pour tous les malades psychiques ?<\/p>\n<p>Apr\u00e8s cette \u00e9mission et le d\u00e9bat qui l\u2019accompagnait, \u00e0 21h45 a \u00e9t\u00e9 rediffus\u00e9 le reportage \u00ab Schizophr\u00e9nie, l\u2019ennemie intime \u00bb, d\u00e9j\u00e0 diffus\u00e9 le 16 novembre 2010 sur France 5. Et ce sans aucun commentaire l\u2019accompagnant, alors que depuis 2010 il y a eu beaucoup de changements dans la prise en charge des patients, avec la loi n\u00b02011-803 du 5 juillet 2011, ramenant le soin psychiatrique \u00e0 la simple contention, physique et m\u00e9dicamenteuse, et \u00e0 l\u2019enfermement.<br \/>\nComment se fait-il que ce reportage, datant d\u2019il y a quatre ans, n\u2019ait pas \u00e9t\u00e9 accompagn\u00e9 de commentaires ou de d\u00e9bat ? Diffuser un document sur un tel sujet sans une r\u00e9flexion sur ce qu\u2019est la maladie et la souffrance qu\u2019elle g\u00e9n\u00e8re, mettant en avant la dangerosit\u00e9 potentielle de malade souffrant de schizophr\u00e9nie, ne fait que renforcer un faux message d\u2019une dangerosit\u00e9 pr\u00e9sum\u00e9e. Et donc, l\u00e0 encore, incitant \u00e0 une discrimination de personnes en souffrance.<\/p>\n<p>Nous, Fil conducteur, sommes un collectif \u00e9manant du Collectif des 39, compos\u00e9 de professionnels (psychiatres, infirmiers, \u00e9ducateurs, psychologues, psychanalystes). Nous regroupons parents, familles, patients, soignants, tous concern\u00e9s par l&rsquo;accompagnement et la prise en charge de la maladie mentale, qui tous veulent \u0153uvrer \u00e0 une mise en place d\u2019une psychiatrie humaine.<\/p>\n<p>Nous demandons le retrait imm\u00e9diat et total de la bande annonce de l\u2019\u00e9mission \u00ab Dans la peau d\u2019un bipolaire : de l\u2019ombre \u00e0 la lumi\u00e8re \u00bb de tout site et m\u00e9dia, quel qu\u2019il soit.<\/p>\n","protected":false},"excerpt":{"rendered":"<p>Communiqu\u00e9 du \u00ab\u00a0Fil conducteur\u00a0\u00bb Objet : &#8211; la bande annonce de l\u2019\u00e9mission diffus\u00e9e sur France 5 le 18 mars 2014, \u00ab Dans la peau d\u2019un bipolaire : de l\u2019ombre \u00e0 la lumi\u00e8re \u00bb. &#8211; la rediffusion cons\u00e9cutive \u00e0 cette \u00e9mission, \u00e0 21h45, d\u2019un reportage d\u00e9j\u00e0 diffus\u00e9 le 16 novembre 2010 sur les schizophr\u00e8nes, \u00ab Schizophr\u00e9nie, &hellip; <a href=\"https:\/\/www.collectifpsychiatrie.fr\/?p=7171\" class=\"more-link\">Continuer la lecture de <span class=\"screen-reader-text\">&gt; Une bande annonce choquante<\/span>  <span class=\"meta-nav\">&rarr;<\/span><\/a><\/p>\n","protected":false},"author":2,"featured_media":0,"comment_status":"open","ping_status":"open","sticky":false,"template":"","format":"standard","meta":{"footnotes":""},"categories":[22],"tags":[],"class_list":["post-7171","post","type-post","status-publish","format-standard","hentry","category-articles-et-communiques-de-presse"],"_links":{"self":[{"href":"https:\/\/www.collectifpsychiatrie.fr\/index.php?rest_route=\/wp\/v2\/posts\/7171","targetHints":{"allow":["GET"]}}],"collection":[{"href":"https:\/\/www.collectifpsychiatrie.fr\/index.php?rest_route=\/wp\/v2\/posts"}],"about":[{"href":"https:\/\/www.collectifpsychiatrie.fr\/index.php?rest_route=\/wp\/v2\/types\/post"}],"author":[{"embeddable":true,"href":"https:\/\/www.collectifpsychiatrie.fr\/index.php?rest_route=\/wp\/v2\/users\/2"}],"replies":[{"embeddable":true,"href":"https:\/\/www.collectifpsychiatrie.fr\/index.php?rest_route=%2Fwp%2Fv2%2Fcomments&post=7171"}],"version-history":[{"count":1,"href":"https:\/\/www.collectifpsychiatrie.fr\/index.php?rest_route=\/wp\/v2\/posts\/7171\/revisions"}],"predecessor-version":[{"id":7656,"href":"https:\/\/www.collectifpsychiatrie.fr\/index.php?rest_route=\/wp\/v2\/posts\/7171\/revisions\/7656"}],"wp:attachment":[{"href":"https:\/\/www.collectifpsychiatrie.fr\/index.php?rest_route=%2Fwp%2Fv2%2Fmedia&parent=7171"}],"wp:term":[{"taxonomy":"category","embeddable":true,"href":"https:\/\/www.collectifpsychiatrie.fr\/index.php?rest_route=%2Fwp%2Fv2%2Fcategories&post=7171"},{"taxonomy":"post_tag","embeddable":true,"href":"https:\/\/www.collectifpsychiatrie.fr\/index.php?rest_route=%2Fwp%2Fv2%2Ftags&post=7171"}],"curies":[{"name":"wp","href":"https:\/\/api.w.org\/{rel}","templated":true}]}}