{"id":7175,"date":"2014-04-04T19:05:43","date_gmt":"2014-04-04T17:05:43","guid":{"rendered":"http:\/\/www.collectifpsychiatrie.fr\/?p=7175"},"modified":"2014-04-04T19:05:43","modified_gmt":"2014-04-04T17:05:43","slug":"soutien-au-secteur-de-psychiatrie-de-blois-41","status":"publish","type":"post","link":"https:\/\/www.collectifpsychiatrie.fr\/?p=7175","title":{"rendered":"&gt; Soutien au secteur de psychiatrie de Blois (41)"},"content":{"rendered":"<p>Les psychiatres du secteur de Psychiatrie g\u00e9n\u00e9rale rattach\u00e9 \u00e0 l\u2019h\u00f4pital de Blois sont en grande difficult\u00e9s .<br \/>\nNous vous transmettons cet appel \u00e0 soutien qui met une nouvelle fois en \u00e9vidence les effets d\u00e9vastateurs<br \/>\nde la loi HPST.<\/p>\n<p>Soutenez-nous<\/p>\n<p>Merci \u00e0 ceux qui ont sign\u00e9 notre p\u00e9tition qui regroupe \u00e0 ce jour 137 signatures de professionnels de la sant\u00e9, famille et patients\u2026  R\u00e9sultats, un fr\u00e9missement de l\u2019ARS et de la direction qui ont horreur de la m\u00e9diatisation. Pour enfoncer le clou, je mets ci-apr\u00e8s l\u2019historique du conflit pour ceux qui h\u00e9sitaient et je vous rappelle les diverses adresses internet, la page Facebook : https:\/\/www.facebook.com\/CD2PB, la p\u00e9tition : http:\/\/goo.gl\/reNvWs et nouveaut\u00e9s, un blog : http:\/\/cd2pb.over-blog.com et une adresse mail cd2pb@orkal.net\u2026<br \/>\nPar ailleurs, les secteurs de Poissy sont aussi en difficult\u00e9 et ont mis en ligne une p\u00e9tition ici : http:\/\/www.petitionpublique.fr\/PeticaoAssinar.aspx?pi=P2014N46151<br \/>\nTransf\u00e9rez ce message \u00e0 vos r\u00e9seaux habituels et continuez \u00e0 faire boule de neige !<br \/>\nHistorique :<br \/>\nLes dysfonctionnements du p\u00f4le de Psychiatrie g\u00e9n\u00e9rale de l\u2019h\u00f4pital de Blois sont \u00e0 inscrire dans un contexte national de d\u00e9sint\u00e9r\u00eat qui ne cesse toujours de cro\u00eetre depuis des d\u00e9cennies (quels que soient les gouvernements en place) pour la psychiatrie publique, du non-respect des budgets allou\u00e9s \u00e0 ce secteur, de la difficult\u00e9 \u00e0 recruter des psychiatres du fait de la p\u00e9nurie, de la fin de la sp\u00e9cialisation au m\u00e9tier de l\u2019infirmier psychiatrique et localement, dans une politique de recrutement men\u00e9e par certains encadrants issus des services de soins somatiques donc non form\u00e9s eux-m\u00eames \u00e0 la sp\u00e9cificit\u00e9 des soins psychiatriques et, ne pouvant alors soutenir le travail des soignants, et enfin, dans l\u2019absence de mise en place du tutorat entre infirmiers alors que des professionnels y avaient \u00e9t\u00e9 form\u00e9s.<\/p>\n<p>Depuis dix-huit mois, le p\u00f4le de psychiatrie a \u00e9t\u00e9 le th\u00e9\u00e2tre de nombreux conflits en intra-hospitalier. Ceux-ci ont entra\u00een\u00e9 un probl\u00e8me de sous-effectif dans les \u00e9quipes soignantes, encadrantes et m\u00e9dicales.<br \/>\nTrois psychiatres sur les cinq du service ont \u00e9t\u00e9 mis en arr\u00eat maladie suite \u00e0 un \u00e9puisement professionnel. Ce qui a provoqu\u00e9 la fermeture de 25 lits sur les 85 pour un secteur de 136 000 habitants, un red\u00e9ploiement du personnel soignant et une gr\u00e8ve de ce dernier d\u00e9courag\u00e9 et mis \u00e0 mal.<\/p>\n<p>Des difficult\u00e9s de communication avec la direction et la politique manag\u00e9riale ont aussi \u00e9t\u00e9  \u00e0 l\u2019origine de la disparition progressive de la coh\u00e9sion entre les diff\u00e9rents professionnels. En effet, l\u2019\u00e9quipe de direction de notre h\u00f4pital (qui est un h\u00f4pital g\u00e9n\u00e9ral) appr\u00e9hende mal le fonctionnement et les sp\u00e9cificit\u00e9s des soins en psychiatrie et propose des solutions inadapt\u00e9es ou qui viennent raviver les dissensions comme le laisse pr\u00e9sager une note d\u2019information r\u00e9cente.<\/p>\n<p>De plus, il semblerait que la volont\u00e9 de la direction serait d\u2019int\u00e9grer le secteur de Psychiatrie \u00e0 un p\u00f4le de M\u00e9decine somatique, ce qui rendrait encore plus opaque, (si cette organisation est possible) l\u2019utilisation de la dotation annuelle de fonctionnement.<\/p>\n<p>Cette situation illustre les difficult\u00e9s actuelles de la Psychiatrie et, en particulier, la volont\u00e9 qui semble effective de la consid\u00e9rer comme une sous-sp\u00e9cialit\u00e9 m\u00e9dicale.<br \/>\nNotre situation est d\u2019autant plus parlante qu\u2019elle survient sur la circonscription de Ma\u00eetre Denys ROBILIARD, d\u00e9put\u00e9 de la 1e circonscription du LOIR-ET-CHER qui vient de rendre un rapport sur la psychiatrie.<\/p>\n<p>Actuellement l\u2019ensemble du personnel puise dans ses r\u00e9serves pour continuer, au mieux, \u00e0 \u00eatre aupr\u00e8s des patients, des familles et des intervenants m\u00e9dico-sociaux.<br \/>\nLa collaboration, la coh\u00e9sion, la s\u00e9r\u00e9nit\u00e9, l\u2019\u00e9change  et la confiance n\u00e9cessaires \u00e0 l\u2019exercice de nos missions sont \u00e0 retrouver.<\/p>\n<p>Ce sont les raisons pour lesquelles, nous avons d\u00e9cid\u00e9  de cr\u00e9er un Collectif pour la D\u00e9fense de la Psychiatrie publique bl\u00e9soise car l\u2019h\u00f4pital appartient \u00e0 nous tous, citoyens.<\/p>\n<p>\u00ab Penser globalement, agir localement \u00bb disait Ren\u00e9 DUBOS<\/p>\n<p>Les psychiatres du secteur de Psychiatrie g\u00e9n\u00e9rale rattach\u00e9 \u00e0 l\u2019h\u00f4pital de Blois.<\/p>\n","protected":false},"excerpt":{"rendered":"<p>Les psychiatres du secteur de Psychiatrie g\u00e9n\u00e9rale rattach\u00e9 \u00e0 l\u2019h\u00f4pital de Blois sont en grande difficult\u00e9s . Nous vous transmettons cet appel \u00e0 soutien qui met une nouvelle fois en \u00e9vidence les effets d\u00e9vastateurs de la loi HPST. Soutenez-nous Merci \u00e0 ceux qui ont sign\u00e9 notre p\u00e9tition qui regroupe \u00e0 ce jour 137 signatures de &hellip; <a href=\"https:\/\/www.collectifpsychiatrie.fr\/?p=7175\" class=\"more-link\">Continuer la lecture de <span class=\"screen-reader-text\">&gt; Soutien au secteur de psychiatrie de Blois (41)<\/span>  <span class=\"meta-nav\">&rarr;<\/span><\/a><\/p>\n","protected":false},"author":2,"featured_media":0,"comment_status":"open","ping_status":"open","sticky":false,"template":"","format":"standard","meta":{"footnotes":""},"categories":[15],"tags":[],"class_list":["post-7175","post","type-post","status-publish","format-standard","hentry","category-resistance"],"_links":{"self":[{"href":"https:\/\/www.collectifpsychiatrie.fr\/index.php?rest_route=\/wp\/v2\/posts\/7175","targetHints":{"allow":["GET"]}}],"collection":[{"href":"https:\/\/www.collectifpsychiatrie.fr\/index.php?rest_route=\/wp\/v2\/posts"}],"about":[{"href":"https:\/\/www.collectifpsychiatrie.fr\/index.php?rest_route=\/wp\/v2\/types\/post"}],"author":[{"embeddable":true,"href":"https:\/\/www.collectifpsychiatrie.fr\/index.php?rest_route=\/wp\/v2\/users\/2"}],"replies":[{"embeddable":true,"href":"https:\/\/www.collectifpsychiatrie.fr\/index.php?rest_route=%2Fwp%2Fv2%2Fcomments&post=7175"}],"version-history":[{"count":0,"href":"https:\/\/www.collectifpsychiatrie.fr\/index.php?rest_route=\/wp\/v2\/posts\/7175\/revisions"}],"wp:attachment":[{"href":"https:\/\/www.collectifpsychiatrie.fr\/index.php?rest_route=%2Fwp%2Fv2%2Fmedia&parent=7175"}],"wp:term":[{"taxonomy":"category","embeddable":true,"href":"https:\/\/www.collectifpsychiatrie.fr\/index.php?rest_route=%2Fwp%2Fv2%2Fcategories&post=7175"},{"taxonomy":"post_tag","embeddable":true,"href":"https:\/\/www.collectifpsychiatrie.fr\/index.php?rest_route=%2Fwp%2Fv2%2Ftags&post=7175"}],"curies":[{"name":"wp","href":"https:\/\/api.w.org\/{rel}","templated":true}]}}