{"id":7200,"date":"2014-05-19T06:54:11","date_gmt":"2014-05-19T04:54:11","guid":{"rendered":"http:\/\/www.collectifpsychiatrie.fr\/?p=7200"},"modified":"2014-05-19T06:54:11","modified_gmt":"2014-05-19T04:54:11","slug":"devant-la-disparition-brutale-du-docteur-oury","status":"publish","type":"post","link":"https:\/\/www.collectifpsychiatrie.fr\/?p=7200","title":{"rendered":"&gt; Devant La disparition brutale du Docteur Oury"},"content":{"rendered":"<p>Forum des 39, Reims, Mai 2014<\/p>\n<p>Devant La disparition brutale du Docteur Oury j\u2019ai choisi sans h\u00e9siter de retourner \u00e0 La Borde afin de soutenir sa famille, les patients, les moniteurs et mes coll\u00e8gues m\u00e9decins dans ce moment de deuil collectif. Au-del\u00e0 de toutes ses \u00e9laborations th\u00e9oriques Oury a eu un engagement constant pendant plus de 60 ans aupr\u00e8s des patients hospitalis\u00e9s. Je remercie donc Patrick Chemla de m\u2019avoir propos\u00e9 de lire mon intervention, que j\u2019ai r\u00e9\u00e9crit pour tenir compte de cette disparition<\/p>\n<p>C\u2019est difficile de parler du collectif des 39 sans repenser \u00e0 Oury et \u00e0 ses propos lors de notre premier meeting en f\u00e9vrier 2009 \u00e0 la maison de l\u2019arbre \u00e0 Montreuil.<\/p>\n<p>Sa m\u00e9taphore de la puce qui nous a piqu\u00e9 pour nous r\u00e9veiller ne doit pas nous faire   oublier qu\u2019il ajoute qu\u2019une piq\u00fbre de puce cela donne aussi la peste.<\/p>\n<p>Que voulait-il nous dire ce combattant, ce r\u00e9sitant de toujours qui pour d\u00e9fendre une hospitalit\u00e9 pour la folie a mis en place des dispositifs de soins hyper feuillet\u00e9s (comit\u00e9 hospitalier, Club, grille, association culturelle..). Il a toujours insist\u00e9 sur la distinction entre ali\u00e9nation sociale et ali\u00e9nation psychopathologique et sur la n\u00e9cessit\u00e9 d\u2019une analyse institutionnelle permanente afin de tenir compte de la dimension politique de la clinique  indispensable \u00e0 la cr\u00e9ation d\u2019 espaces du dire.<\/p>\n<p>Il affirme aussi que cela fait cinquante ans que cela dure ce processus de destruction de la psychiatrie et pas seulement du fait de la pression gestionnaire hyper bureaucratique mais aussi de notre complaisance et de notre complicit\u00e9 \u00e0 tous.<\/p>\n<p>Il n\u2019a pas c\u00e9d\u00e9 sur son d\u00e9sir, une semaine avant sa mort, il a tenu \u00e0 participer au stage de formation annuelle organis\u00e9 par l\u2019association culturelle de La Borde avec le peu de force qui lui restait. Il est venu aussi \u00e0 l\u2019assembl\u00e9e g\u00e9n\u00e9rale hebdomadaire du club du vendredi de 16h \u00e0 17h rappelant une nouvelle fois la n\u00e9cessit\u00e9 de faire vivre cette association de patient : Le club comme outil subversif de d\u00e9sali\u00e9nation sociale et d\u2019investissement concret des patients dans la vie quotidienne.<\/p>\n<p>Il n\u2019y avait pas pour lui de soignants et de soign\u00e9s mais des payants et des pay\u00e9s. Rappelant sans cesse que la fonction soignante est partag\u00e9e<br \/>\npar tous, du jardinier  au psychiatre, en passant par les cuisiniers, les administratifs, les infirmiers, les psychologues et sans oublier les patients eux-m\u00eames. Mani\u00e8re engag\u00e9e de lutter contre l\u2019hyper division du travail qui \u00e9crase l\u2019humain qui est en chacun de nous en se laissant s\u00e9duire par ces statuts socioprofessionnels et tous ces attributs de pouvoir d\u2019emprise sur les patients infantilis\u00e9s, maltrait\u00e9s, alt\u00e9ris\u00e9s.<\/p>\n<p>Ne marche pas sur mes plates-bandes ! Les clefs, les portes ferm\u00e9es, les chambres d\u2019isolement, la contention, l\u2019interdit \u00e0 la libre circulation<br \/>\net tous ces nouveaux protocoles. Protocoles qui accept\u00e9s parfois avec une complaisance d\u00e9concertante offrent des pr\u00eats \u00e0 porter d\u00e9fensifs :<br \/>\nL\u2019interdit de la rencontre, de l\u2019\u00eatre-avec, de l\u2019inventivit\u00e9 et de la disponibilit\u00e9 avec mise \u00e0 distance de l\u2019autre, objectiv\u00e9, r\u00e9ifi\u00e9, d\u00e9sincarn\u00e9 quasiment robotis\u00e9.<\/p>\n<p>Ne pas c\u00e9der sur son d\u00e9sir c\u2019est ne pas c\u00e9der \u00e0 la normativit\u00e9 et r\u00e9sister individuellement et collectivement au niveau micro-politique et macro-politique.<\/p>\n<p>C\u2019est cette conception \u00e9thique qui nous a amen\u00e9s \u00e0 multiplier les initiatives (meetings, manifestations, colloques au S\u00e9nat et \u00e0 l\u2019Assembl\u00e9e nationale etc.) pour combattre cette politique s\u00e9curitaire et de normalisation.<\/p>\n<p>Nous avons organis\u00e9 avec les Cem\u00e9a (Centres d\u2019entra\u00eenement aux m\u00e9thodes d&rsquo;\u00e9ducation active), en juin 2013, les \u00ab Assises citoyennes pour l\u2019hospitalit\u00e9 dans la psychiatrie et le m\u00e9dicosocial \u00bb dans le but d\u2019engager un travail de r\u00e9flexion clinique et politique pour commencer ce mouvement de refondation de la psychiatrie. Plus de<br \/>\n1000 participants, rassemblant toutes les cat\u00e9gories socioprofessionnelles du sanitaire et du m\u00e9dicosocial, des m\u00e8res, des p\u00e8res, des fr\u00e8res et s\u0153urs, des patients, des enfants de patients, des \u00e9lus, des gens de la culture et du spectacle, des citoyens se sentant concern\u00e9s, sont venus pour t\u00e9moigner ensemble de leurs v\u00e9cus et de leur vision de l\u2019hospitalit\u00e9 pour la folie, et de ses impasses dans le sanitaire et le m\u00e9dicosocial. Des groupes de travail et d&rsquo;\u00e9changes, le Fil conducteur, le Collectif alternatif Formation  issus de ces assises continuent de se rencontrer.<\/p>\n<p>Un mouvement pour la psychiatrie se d\u00e9ploie, soutenu par ces nombreux meetings et forums o\u00f9 nous avons tent\u00e9 d\u2019analyser les sous jacences \u00e0 de telles d\u00e9rives pour se forger des outils conceptuels n\u00e9cessaires \u00e0 la r\u00e9sistance.<\/p>\n<p>Le Collectif des 39 a fait au cours de ces nombreux meetings et forums une analyse de cette d\u00e9rive s\u00e9curitaire, de ce nouveau gouvernement des populations.<\/p>\n<p>La d\u00e9rive normative avec les protocoles, les certifications, les \u00e9valuations ne nous laissent plus de r\u00e9pit. Ils sont cens\u00e9s prot\u00e9ger \u00ab\u00a0l&rsquo;usager\u00a0\u00bb et guider les  professionnels dans leurs actes vers le risque z\u00e9ro, z\u00e9ro pens\u00e9e, z\u00e9ro cr\u00e9ativit\u00e9, z\u00e9ro libert\u00e9.<\/p>\n<p>La fonction de la norme, c\u2019est de r\u00e9guler les conduites afin d\u2019obtenir que les individus r\u00e9forment leurs comportements.<\/p>\n<p>Le savoir scientiste qui l\u00e9gitime ces nouvelles normes , en r\u00e9duisant la conception de la folie \u00e0 une maladie c\u00e9r\u00e9brale ou \u00e0 un trouble neurobiologique s\u2019appuie sur des fausses d\u00e9couvertes m\u00e9diatis\u00e9es \u00e0 outrance autant par les revues internationales que par les grands m\u00e9dias. Nos chers coll\u00e8gues qui soutiennent ces th\u00e8ses sont complices de l\u2019\u00e9crasement de l\u2019humanit\u00e9 de l\u2019homme en niant toutes les sous-jacences et toute narrativit\u00e9 de l\u2019historial de chacun.<\/p>\n<p>Le cerveau, les connexions neuronales se construisent en interaction permanente avec le langage dans les \u00e9changes avec ceux qui portent et accompagnent le petit d\u2019homme. Celui-ci \u00e0 la particularit\u00e9 dans le r\u00e8gne animal de na\u00eetre pas fini du tout.<\/p>\n<p>L\u2019homme neuronal, la phr\u00e9nologie des temps modernes veut r\u00e9duire la folie \u00e0 des troubles cerveau-localisables. Cela va dans le m\u00eame sens que les d\u00e9rives du DSM qui effacent  toute distinctivit\u00e9 dans les maladies psychiatriques r\u00e9duites \u00e0 des troubles mentaux. Cela participe \u00e0 la dissolution de la psychiatrie et de la folie dans la sant\u00e9 mentale des populations et le bien-\u00eatre pour tous.<\/p>\n<p>Les maladies psychiatriques en devenant des maladies c\u00e9r\u00e9brales provoquent un changement radical des pratiques puisque l\u2019homme neuronal n\u2019a pas d\u2019inconscient et la dynamique pulsionnelle n\u2019est m\u00eame plus envisageable.<\/p>\n<p>Nous avons tous \u00e0 partir de cette r\u00e9flexion \u00e0 tenir compte de notre propre ennemi int\u00e9rieur, de notre complicit\u00e9 dans l\u2019application de tels protocoles et de cette conception d\u00e9shumanisante de l\u2019Homme.<br \/>\nBeaucoup sont tent\u00e9s de se saisir de ces pr\u00eats \u00e0 porter d\u00e9fensifs offerts par  cette conception r\u00e9ductrice de l\u2019homme et de la folie mettant \u00e0 distance le risque de cette rencontre et de ce compagnonnage n\u00e9cessaire \u00e0 une reconstruction apr\u00e8s la catastrophe existentielle de la d\u00e9compensation.<\/p>\n<p>Le collectif des 39  soutient la n\u00e9cessit\u00e9 dans ce contexte de destruction de la psychiatrie d\u2019une action au niveau micro-politique et au niveau macro-politique ;<\/p>\n<p>Au niveau micro-politique :<\/p>\n<p>-Pour transformer l\u2019ambiance dans nos \u00e9tablissements de soins (sanitaire ou m\u00e9dicosocial) et favoriser une hospitalit\u00e9 suffisamment bonne ou les patients au sein de structures associatives tels les Clubs peuvent faire entendre leur voix et subvertir ces processus d\u2019ali\u00e9nation sociales mortif\u00e8res et d\u00e9shumanisants.<\/p>\n<p>-Pour soutenir une formation artisanale au plus proche de la r\u00e9alit\u00e9 de terrain et ne pas se laisser normaliser par les formations industrielles propos\u00e9es par le DPC infiltr\u00e9 par la HAS, Patrick Estrade vous pr\u00e9sentera les avanc\u00e9es du Collectif Alternatif Formation issue des assises de juin 2013<\/p>\n<p>Nous continuons d\u2019affirmer que ceux qui souffrent de pathologie mentale ont  et auront besoin \u00e0 des moments de leur existence de recourir \u00e0 des lieux d\u2019asile : lieux o\u00f9 l\u2019accueil de la souffrance est possible, lieux o\u00f9 les rencontres n\u00e9cessaires \u00e0 tout soin qui se r\u00e9clame \u00ab humain \u00bb ne sont pas dict\u00e9es par des protocoles ali\u00e9nants.<\/p>\n<p>Nous avons aussi un travail au niveau macro-politique<\/p>\n<p>-Pour f\u00e9d\u00e9rer les lieux de r\u00e9sistance \u00e0 ces pressions normatives et les soutenir   quand ils sont attaqu\u00e9s (CMP du 14\u00e9me, CMP d\u2019Orly, Service du Docteur Berger etc.\u2026)<\/p>\n<p>-Pour favoriser le rassemblement des diff\u00e9rents mouvements engag\u00e9s dans la r\u00e9sistance \u00e0 cette destruction syst\u00e9matis\u00e9e.<\/p>\n<p>-Pour continuer d\u2019entretenir le d\u00e9bat et la dispute lors de Forums et de Meetings dans le but d\u2019une refondation de la psychiatrie.<\/p>\n<p>-Pour infl\u00e9chir les d\u00e9cisions de nos politiques qui ne pensent qu\u2019en termes de gestion de populations et mettent en place des \u00ab usines \u00e0 gaz \u00bb qui ne tiennent pas compte de la singularit\u00e9 des patients, de leurs amis et de leurs familles. \u00c0 ce sujet :<br \/>\n         -Serge Klopp vous pr\u00e9sentera les actions en cours<br \/>\n         -Annick Lair et Victoire Mabit vous pr\u00e9senterons le travail du Fil conducteur.<\/p>\n<p>Avec le m\u00e9morandum des 39, le manifeste du Fil conducteur, et les prises de position du Collectif alternatif Formation, nous pr\u00e9parons une action collective  \u00e0 l\u2019automne prochain afin de marquer notre d\u00e9termination \u00e0 d\u00e9fendre une hospitalit\u00e9 pour la folie et d\u2019\u00eatre force de propositions dans ce contexte politique de consensus mou.<\/p>\n<p>Il s\u2019agit aussi de transformer la plainte pleureuse et molle en une v\u00e9ritable posture de combat.<\/p>\n<p>La biopolitique d\u00e9crite par michel Foucault est mise en acte par nos politiques au pouvoir qu\u2019ils soient  de droite ou de gauche, nous ne sommes pas oblig\u00e9s d\u2019\u00eatre complice, nous devons, au sens de d\u00fcrfen ( s\u2019autoriser de soi-m\u00eame), r\u00e9sister comme Oury par un v\u00e9ritable engagement aupr\u00e8s et avec les patients, les familles, et tous les travailleurs, reconnus en tant que sujet de leur parole et de leurs pulsions.<\/p>\n<p>Alors chacun de nous ici, nous avons \u00e0 prendre de la graine au c\u00f4t\u00e9 de cet engagement sans faille d\u2019Oury pour ce combat infini n\u00e9cessaire pour d\u00e9fendre l\u2019humanit\u00e9 de l\u2019homme en chacun de nous.<\/p>\n<p>Fou par moments, fou pour longtemps ou pas fou c\u2019est le m\u00eame combat.<\/p>\n<p>Pour conclure sur une phrase r\u00e9cente d\u2019Oury \u00e0 propos de La Borde :<\/p>\n<p>\u00ab Cela fait 60 ans que cela dure mais cela ne fait que commencer. \u00bb<\/p>\n<p>Philippe Bichon, Reims<\/p>\n","protected":false},"excerpt":{"rendered":"<p>Forum des 39, Reims, Mai 2014 Devant La disparition brutale du Docteur Oury j\u2019ai choisi sans h\u00e9siter de retourner \u00e0 La Borde afin de soutenir sa famille, les patients, les moniteurs et mes coll\u00e8gues m\u00e9decins dans ce moment de deuil collectif. Au-del\u00e0 de toutes ses \u00e9laborations th\u00e9oriques Oury a eu un engagement constant pendant plus &hellip; <a href=\"https:\/\/www.collectifpsychiatrie.fr\/?p=7200\" class=\"more-link\">Continuer la lecture de <span class=\"screen-reader-text\">&gt; Devant La disparition brutale du Docteur Oury<\/span>  <span class=\"meta-nav\">&rarr;<\/span><\/a><\/p>\n","protected":false},"author":2,"featured_media":0,"comment_status":"open","ping_status":"open","sticky":false,"template":"","format":"standard","meta":{"footnotes":""},"categories":[25,11],"tags":[],"class_list":["post-7200","post","type-post","status-publish","format-standard","hentry","category-meetings","category-pratique-clinique"],"_links":{"self":[{"href":"https:\/\/www.collectifpsychiatrie.fr\/index.php?rest_route=\/wp\/v2\/posts\/7200","targetHints":{"allow":["GET"]}}],"collection":[{"href":"https:\/\/www.collectifpsychiatrie.fr\/index.php?rest_route=\/wp\/v2\/posts"}],"about":[{"href":"https:\/\/www.collectifpsychiatrie.fr\/index.php?rest_route=\/wp\/v2\/types\/post"}],"author":[{"embeddable":true,"href":"https:\/\/www.collectifpsychiatrie.fr\/index.php?rest_route=\/wp\/v2\/users\/2"}],"replies":[{"embeddable":true,"href":"https:\/\/www.collectifpsychiatrie.fr\/index.php?rest_route=%2Fwp%2Fv2%2Fcomments&post=7200"}],"version-history":[{"count":0,"href":"https:\/\/www.collectifpsychiatrie.fr\/index.php?rest_route=\/wp\/v2\/posts\/7200\/revisions"}],"wp:attachment":[{"href":"https:\/\/www.collectifpsychiatrie.fr\/index.php?rest_route=%2Fwp%2Fv2%2Fmedia&parent=7200"}],"wp:term":[{"taxonomy":"category","embeddable":true,"href":"https:\/\/www.collectifpsychiatrie.fr\/index.php?rest_route=%2Fwp%2Fv2%2Fcategories&post=7200"},{"taxonomy":"post_tag","embeddable":true,"href":"https:\/\/www.collectifpsychiatrie.fr\/index.php?rest_route=%2Fwp%2Fv2%2Ftags&post=7200"}],"curies":[{"name":"wp","href":"https:\/\/api.w.org\/{rel}","templated":true}]}}