{"id":7203,"date":"2014-05-19T11:52:05","date_gmt":"2014-05-19T09:52:05","guid":{"rendered":"http:\/\/www.collectifpsychiatrie.fr\/?p=7203"},"modified":"2014-05-19T11:52:05","modified_gmt":"2014-05-19T09:52:05","slug":"disparition-de-jean-oury","status":"publish","type":"post","link":"https:\/\/www.collectifpsychiatrie.fr\/?p=7203","title":{"rendered":"&gt; Disparition de Jean Oury"},"content":{"rendered":"<p>Disparition de Jean Oury<br \/>\nCommuniqu\u00e9 des Cem\u00e9a<\/p>\n<p>Il \u00e9tait l\u00e0 depuis tellement longtemps que nous pouvions penser qu\u2019il serait toujours pr\u00e9sent. Jean Oury, 90 ans, est mort. Fondateur de la clinique de La Borde en 1953, il ne l\u2019a jamais quitt\u00e9, comme il n\u2019a jamais quitt\u00e9 les malades, les pensionnaires comme on les nomme en ce beau lieu d\u2019accueil de la folie, lieu de r\u00e9f\u00e9rence de la psychoth\u00e9rapie institutionnelle.<\/p>\n<p>Ce grand monsieur \u00e0 la voix si douce et au regard malicieux, d\u2019une \u00e9rudition encyclop\u00e9dique, clinicien hors pair et toujours soucieux de la transmission, a sans cesse port\u00e9 sur la place publique une conception de l\u2019attention aux grandes souffrances psychiques bas\u00e9e sur ce qu\u2019il a d\u00e9fini comme une double ali\u00e9nation, mentale et sociale. D\u2019o\u00f9 l\u2019indispensable recours au travail collectif et \u00e0 la fonction soignante de chacun, malades comme professionnels. D\u2019o\u00f9 l\u2019imp\u00e9rieuse obligation de soigner l\u2019h\u00f4pital pour mieux soigner les malades. C\u2019est lui qui d\u00e8s les premiers stages du secteur des \u00ab\u00a0\u00e9quipes de sant\u00e9 mentale\u00a0\u00bb (ESM) des CEMEA, dans les ann\u00e9es 50, secteur que dirigeait Germaine Le Guillant, a d\u00e9fendu le savoir infirmier et la fonction th\u00e9rapeutique de leur action au quotidien. Position qui lui a valu des d\u00e9saccords forts de la part de psychiatres qui voyaient d\u2019un mauvais oeil cette perte de pouvoir. Il a toujours pens\u00e9 que les premiers stages des CEMEA ont \u00e9t\u00e9 des lieux fondamentaux de l\u2019expression de la parole infirmi\u00e8re qui ont contribu\u00e9 \u00e0 la cr\u00e9ation du dipl\u00f4me d\u2019infirmiers de secteur psychiatrique. Et il parlait encore aujourd\u2019hui avec beaucoup de respect et de connaissance du travail des CEMEA ; d\u2019ailleurs les soignants \u00e0 La Borde sont des \u00ab\u00a0moniteurs\u00a0\u00bb. Les militants des CEMEA lui sont redevables de ses apports, de ses \u00e9crits nombreux et importants. Si aujourd\u2019hui notre association agit encore dans la formation des soignants en psychiatrie et des travailleurs sociaux, si nous pouvons affirmer des prises de position r\u00e9f\u00e9r\u00e9es \u00e0 l\u2019Education Nouvelle dans le champ du soin, c\u2019est aussi par les travaux de Jean Oury et ses th\u00e9orisations sur la question du \u00ab\u00a0Collectif\u00a0\u00bb et de l\u2019analyse institutionnelle ou de la fonction soignante, pour ne prendre que ces trois exemples.<\/p>\n<p>Jean Oury est et reste un point de r\u00e9f\u00e9rence pour un mouvement comme les CEMEA, d\u2019autant plus actuel dans ces temps troubl\u00e9s. Nous continuons \u00e0 oeuvrer pour cet id\u00e9al commun de l\u2019hospitalit\u00e9 en psychiatrie.<\/p>\n<p>Un prochain num\u00e9ro de Vie Sociale et Traitements (VST) lui sera consacr\u00e9.<\/p>\n","protected":false},"excerpt":{"rendered":"<p>Disparition de Jean Oury Communiqu\u00e9 des Cem\u00e9a Il \u00e9tait l\u00e0 depuis tellement longtemps que nous pouvions penser qu\u2019il serait toujours pr\u00e9sent. Jean Oury, 90 ans, est mort. Fondateur de la clinique de La Borde en 1953, il ne l\u2019a jamais quitt\u00e9, comme il n\u2019a jamais quitt\u00e9 les malades, les pensionnaires comme on les nomme en &hellip; <a href=\"https:\/\/www.collectifpsychiatrie.fr\/?p=7203\" class=\"more-link\">Continuer la lecture de <span class=\"screen-reader-text\">&gt; Disparition de Jean Oury<\/span>  <span class=\"meta-nav\">&rarr;<\/span><\/a><\/p>\n","protected":false},"author":2,"featured_media":0,"comment_status":"open","ping_status":"open","sticky":false,"template":"","format":"standard","meta":{"footnotes":""},"categories":[22,10],"tags":[],"class_list":["post-7203","post","type-post","status-publish","format-standard","hentry","category-articles-et-communiques-de-presse","category-pour-l-hospitalite-en-psychiatrie"],"_links":{"self":[{"href":"https:\/\/www.collectifpsychiatrie.fr\/index.php?rest_route=\/wp\/v2\/posts\/7203","targetHints":{"allow":["GET"]}}],"collection":[{"href":"https:\/\/www.collectifpsychiatrie.fr\/index.php?rest_route=\/wp\/v2\/posts"}],"about":[{"href":"https:\/\/www.collectifpsychiatrie.fr\/index.php?rest_route=\/wp\/v2\/types\/post"}],"author":[{"embeddable":true,"href":"https:\/\/www.collectifpsychiatrie.fr\/index.php?rest_route=\/wp\/v2\/users\/2"}],"replies":[{"embeddable":true,"href":"https:\/\/www.collectifpsychiatrie.fr\/index.php?rest_route=%2Fwp%2Fv2%2Fcomments&post=7203"}],"version-history":[{"count":0,"href":"https:\/\/www.collectifpsychiatrie.fr\/index.php?rest_route=\/wp\/v2\/posts\/7203\/revisions"}],"wp:attachment":[{"href":"https:\/\/www.collectifpsychiatrie.fr\/index.php?rest_route=%2Fwp%2Fv2%2Fmedia&parent=7203"}],"wp:term":[{"taxonomy":"category","embeddable":true,"href":"https:\/\/www.collectifpsychiatrie.fr\/index.php?rest_route=%2Fwp%2Fv2%2Fcategories&post=7203"},{"taxonomy":"post_tag","embeddable":true,"href":"https:\/\/www.collectifpsychiatrie.fr\/index.php?rest_route=%2Fwp%2Fv2%2Ftags&post=7203"}],"curies":[{"name":"wp","href":"https:\/\/api.w.org\/{rel}","templated":true}]}}