{"id":7214,"date":"2014-05-21T14:15:50","date_gmt":"2014-05-21T12:15:50","guid":{"rendered":"http:\/\/www.collectifpsychiatrie.fr\/?p=7214"},"modified":"2014-05-21T14:15:50","modified_gmt":"2014-05-21T12:15:50","slug":"communique-de-presse-jean-oury-1924-2014","status":"publish","type":"post","link":"https:\/\/www.collectifpsychiatrie.fr\/?p=7214","title":{"rendered":"Communiqu\u00e9 de presse &#8211; Jean Oury 1924 &#8211; 2014"},"content":{"rendered":"<p>Communiqu\u00e9 du 19 Mai 2014.<\/p>\n<p>&#8211;       Jean Oury \u2013<\/p>\n<p>Jean Oury, ce grand Monsieur aura laiss\u00e9 une empreinte d\u00e9cisive sur la psychiatrie fran\u00e7aise depuis plus de 60 ans.<\/p>\n<p>Il vient de dispara\u00eetre brutalement dans la nuit du 15 mai.<\/p>\n<p>Il nous laisse une \u0153uvre immense et la marque d\u2019un penseur infatigable. Au-del\u00e0 de toutes ses \u00e9laborations th\u00e9oriques, il a manifest\u00e9 un engagement constant aupr\u00e8s des patients.<\/p>\n<p>Profond\u00e9ment humain dans l\u2019approche de la folie, il a su transmettre inlassablement un enseignement refusant le simplisme et articulant la complexit\u00e9 avec la tranquille fermet\u00e9 d\u2019un discours articul\u00e9 autour de fondamentaux, tels notamment, la rencontre, la diff\u00e9renciation statut-r\u00f4le-fonction, la libert\u00e9 de circulation, la n\u00e9cessaire distinction entre l\u2019ali\u00e9nation psychopathologique et l\u2019ali\u00e9nation sociale, l\u2019analyse institutionnelle permanente, l\u2019accueil et l\u2019ambiance, le Club, le collectif, et surtout la n\u00e9cessit\u00e9 de lieux d\u2019hospitalit\u00e9.<\/p>\n<p>Il rappelait sans cesse que la fonction soignante est partag\u00e9e par tous dans une institution, du jardinier  au psychiatre, en passant par les cuisiniers, les administratifs, les infirmiers, les psychologues et sans oublier les patients eux-m\u00eames.<\/p>\n<p>R\u00e9sistant de toujours, il s\u2019insurgeait contre l\u2019entreprise de destruction de la psychiatrie, du soin, avec la logique manag\u00e9riale, la gestion envahissante et deshumanisante, une \u00e9valuation ab\u00eatissante d\u00e9connect\u00e9e des pratiques, les protocoles, les proc\u00e9dures et autres certifications st\u00e9rilisantes, l\u2019enfermement.<\/p>\n<p>Il savait ce que l\u2019engagement voulait dire, l\u2019importance du politique. Il nous l\u2019a montr\u00e9.<\/p>\n<p>Il a apport\u00e9 imm\u00e9diatement son soutien \u00e0 la cr\u00e9ation du Collectif des 39, participant \u00e0 de nombreux meetings et initiatives.<\/p>\n<p>Prenant la parole d\u00e8s le premier meeting des 39 \u00e0 Montreuil en f\u00e9vrier 2009, apr\u00e8s le discours insultant du pr\u00e9sident de la R\u00e9publique de l\u2019\u00e9poque, il filait la m\u00e9taphore avec humour, \u00e0 propos de la puce qui r\u00e9veille, mais&#8230; qui peut aussi apporter la peste. Et de nous inviter tous \u00e0 \u00ab nous regrouper, et nous mettre en position de r\u00e9fl\u00e9chir collectivement \u00bb.<\/p>\n<p>Outre son \u0153uvre, ses r\u00e9f\u00e9rences \u00e9thiques et politiques, il nous laisse en h\u00e9ritage, la poursuite du combat pour une hospitalit\u00e9 pour la folie.<\/p>\n<p>Comme il le disait \u00e0 propos de La Borde, \u00ab Cela fait 60 ans que cela dure, mais cela ne fait que commencer. \u00bb<\/p>\n","protected":false},"excerpt":{"rendered":"<p>Communiqu\u00e9 du 19 Mai 2014. &#8211; Jean Oury \u2013 Jean Oury, ce grand Monsieur aura laiss\u00e9 une empreinte d\u00e9cisive sur la psychiatrie fran\u00e7aise depuis plus de 60 ans. Il vient de dispara\u00eetre brutalement dans la nuit du 15 mai. Il nous laisse une \u0153uvre immense et la marque d\u2019un penseur infatigable. Au-del\u00e0 de toutes ses &hellip; <a href=\"https:\/\/www.collectifpsychiatrie.fr\/?p=7214\" class=\"more-link\">Continuer la lecture de <span class=\"screen-reader-text\">Communiqu\u00e9 de presse &#8211; Jean Oury 1924 &#8211; 2014<\/span>  <span class=\"meta-nav\">&rarr;<\/span><\/a><\/p>\n","protected":false},"author":2,"featured_media":0,"comment_status":"open","ping_status":"open","sticky":false,"template":"","format":"standard","meta":{"footnotes":""},"categories":[22],"tags":[],"class_list":["post-7214","post","type-post","status-publish","format-standard","hentry","category-articles-et-communiques-de-presse"],"_links":{"self":[{"href":"https:\/\/www.collectifpsychiatrie.fr\/index.php?rest_route=\/wp\/v2\/posts\/7214","targetHints":{"allow":["GET"]}}],"collection":[{"href":"https:\/\/www.collectifpsychiatrie.fr\/index.php?rest_route=\/wp\/v2\/posts"}],"about":[{"href":"https:\/\/www.collectifpsychiatrie.fr\/index.php?rest_route=\/wp\/v2\/types\/post"}],"author":[{"embeddable":true,"href":"https:\/\/www.collectifpsychiatrie.fr\/index.php?rest_route=\/wp\/v2\/users\/2"}],"replies":[{"embeddable":true,"href":"https:\/\/www.collectifpsychiatrie.fr\/index.php?rest_route=%2Fwp%2Fv2%2Fcomments&post=7214"}],"version-history":[{"count":0,"href":"https:\/\/www.collectifpsychiatrie.fr\/index.php?rest_route=\/wp\/v2\/posts\/7214\/revisions"}],"wp:attachment":[{"href":"https:\/\/www.collectifpsychiatrie.fr\/index.php?rest_route=%2Fwp%2Fv2%2Fmedia&parent=7214"}],"wp:term":[{"taxonomy":"category","embeddable":true,"href":"https:\/\/www.collectifpsychiatrie.fr\/index.php?rest_route=%2Fwp%2Fv2%2Fcategories&post=7214"},{"taxonomy":"post_tag","embeddable":true,"href":"https:\/\/www.collectifpsychiatrie.fr\/index.php?rest_route=%2Fwp%2Fv2%2Ftags&post=7214"}],"curies":[{"name":"wp","href":"https:\/\/api.w.org\/{rel}","templated":true}]}}