{"id":7231,"date":"2014-06-05T17:14:03","date_gmt":"2014-06-05T15:14:03","guid":{"rendered":"http:\/\/www.collectifpsychiatrie.fr\/?p=7231"},"modified":"2014-06-05T17:14:03","modified_gmt":"2014-06-05T15:14:03","slug":"le-forum-des-39-a-reims","status":"publish","type":"post","link":"https:\/\/www.collectifpsychiatrie.fr\/?p=7231","title":{"rendered":"Le forum des 39 \u00e0 REIMS"},"content":{"rendered":"<p>Le forum  citoyen des 39  qui s\u2019est d\u00e9roul\u00e9 le 17 mai dans le cadre des journ\u00e9es de la Cri\u00e9e \u00e0 Reims, a \u00e9t\u00e9 enregistr\u00e9 : vous pouvez l\u2019\u00e9couter en suivant le lien :<br \/>\n<!--[if lt IE 9]><script>document.createElement('audio');<\/script><![endif]-->\n<audio class=\"wp-audio-shortcode\" id=\"audio-7231-1\" preload=\"none\" style=\"width: 100%;\" controls=\"controls\"><source type=\"audio\/mpeg\" src=\"https:\/\/www.dropbox.com\/s\/ndgtr9x0r4nxn8t\/Transmettre%20-%20XIV%20%C3%A8mes%20rencontres%20de%20la%20CRIEE%20-%2017%20mai%202014%20%28matin%29%20-%20Forum%20Citoyen.MP3?_=1\" \/><a href=\"https:\/\/www.dropbox.com\/s\/ndgtr9x0r4nxn8t\/Transmettre%20-%20XIV%20%C3%A8mes%20rencontres%20de%20la%20CRIEE%20-%2017%20mai%202014%20%28matin%29%20-%20Forum%20Citoyen.MP3\">https:\/\/www.dropbox.com\/s\/ndgtr9x0r4nxn8t\/Transmettre%20-%20XIV%20%C3%A8mes%20rencontres%20de%20la%20CRIEE%20-%2017%20mai%202014%20%28matin%29%20-%20Forum%20Citoyen.MP3<\/a><\/audio><\/p>\n<p>La plupart des interventions sont sur le blog de la Cri\u00e9e<\/p>\n<p>http:\/\/lacriee51.blogspot.fr<\/p>\n","protected":false},"excerpt":{"rendered":"<p>Le forum citoyen des 39 qui s\u2019est d\u00e9roul\u00e9 le 17 mai dans le cadre des journ\u00e9es de la Cri\u00e9e \u00e0 Reims, a \u00e9t\u00e9 enregistr\u00e9 : vous pouvez l\u2019\u00e9couter en suivant le lien : https:\/\/www.dropbox.com\/s\/ndgtr9x0r4nxn8t\/Transmettre%20-%20XIV%20%C3%A8mes%20rencontres%20de%20la%20CRIEE%20-%2017%20mai%202014%20%28matin%29%20-%20Forum%20Citoyen.MP3 La plupart des interventions sont sur le blog de la Cri\u00e9e http:\/\/lacriee51.blogspot.fr<\/p>\n","protected":false},"author":2,"featured_media":0,"comment_status":"open","ping_status":"open","sticky":false,"template":"","format":"standard","meta":{"footnotes":""},"categories":[7,25],"tags":[],"class_list":["post-7231","post","type-post","status-publish","format-standard","hentry","category-expressions","category-meetings"],"_links":{"self":[{"href":"https:\/\/www.collectifpsychiatrie.fr\/index.php?rest_route=\/wp\/v2\/posts\/7231","targetHints":{"allow":["GET"]}}],"collection":[{"href":"https:\/\/www.collectifpsychiatrie.fr\/index.php?rest_route=\/wp\/v2\/posts"}],"about":[{"href":"https:\/\/www.collectifpsychiatrie.fr\/index.php?rest_route=\/wp\/v2\/types\/post"}],"author":[{"embeddable":true,"href":"https:\/\/www.collectifpsychiatrie.fr\/index.php?rest_route=\/wp\/v2\/users\/2"}],"replies":[{"embeddable":true,"href":"https:\/\/www.collectifpsychiatrie.fr\/index.php?rest_route=%2Fwp%2Fv2%2Fcomments&post=7231"}],"version-history":[{"count":0,"href":"https:\/\/www.collectifpsychiatrie.fr\/index.php?rest_route=\/wp\/v2\/posts\/7231\/revisions"}],"wp:attachment":[{"href":"https:\/\/www.collectifpsychiatrie.fr\/index.php?rest_route=%2Fwp%2Fv2%2Fmedia&parent=7231"}],"wp:term":[{"taxonomy":"category","embeddable":true,"href":"https:\/\/www.collectifpsychiatrie.fr\/index.php?rest_route=%2Fwp%2Fv2%2Fcategories&post=7231"},{"taxonomy":"post_tag","embeddable":true,"href":"https:\/\/www.collectifpsychiatrie.fr\/index.php?rest_route=%2Fwp%2Fv2%2Ftags&post=7231"}],"curies":[{"name":"wp","href":"https:\/\/api.w.org\/{rel}","templated":true}]}}