{"id":7244,"date":"2014-07-01T11:44:05","date_gmt":"2014-07-01T09:44:05","guid":{"rendered":"http:\/\/www.collectifpsychiatrie.fr\/?p=7244"},"modified":"2015-01-17T16:26:41","modified_gmt":"2015-01-17T16:26:41","slug":"les-39-a-jazz-in-marciac","status":"publish","type":"post","link":"https:\/\/www.collectifpsychiatrie.fr\/?p=7244","title":{"rendered":"&gt; Les 39 \u00e0 Jazz in Marciac"},"content":{"rendered":"<p>Le Collectif des 39<br \/>\nAvec le soutien de la Ligue d\u2019enseignement du Gers<br \/>\nProposent :<\/p>\n<p>Samedi 2 Ao\u00fbt 2014<br \/>\n\u00ab A ciel ouvert \u00bb<br \/>\nFilm de Mariana Otero, 2014.<\/p>\n<p>Ce film tourn\u00e9 au Courtil en Belgique, nous fait d\u00e9couvrir un lieu hors du commun, o\u00f9 des enfants en difficult\u00e9 psychique et sociale sont accueillis. Jour apr\u00e8s jour, les adultes essaient de comprendre l\u2019\u00e9nigme que repr\u00e9sente chacun d\u2019eux et inventent, au cas par cas, sans jamais rien leur imposer, des solutions qui les aideront \u00e0 vivre apais\u00e9s. Ils oeuvrent \u00e0 proposer un environnement qui leur permettent de s\u2019\u00e9panouir.<\/p>\n<p>Au fil de leurs histoires, \u00ab A ciel ouvert \u00bb nous ouvre \u00e0 leur vision singuli\u00e8re du monde et permet de poser la question de l\u2019accueil et de l\u2019\u00e9coute de ces enfants.<br \/>\nLe film sera suivi d\u2019un d\u00e9bat anim\u00e9 par Simone Molina, psychologue clinicienne et psychanalyste (Avignon) et Philippe Rassat, p\u00e9dopsychiatre et psychanalyste (Cognac), en pr\u00e9sence de la r\u00e9alisatrice, Mariana Ot\u00e9ro.<\/p>\n<p>Dimanche 3 Ao\u00fbt 2014<br \/>\n\u00ab Un homme comme vous,<br \/>\nEssai sur l\u2019humanit\u00e9 de la folie \u00bb<br \/>\nPatrick Coupechoux, \u00e9crivain, journaliste. 2014.<\/p>\n<p>Cet ouvrage explore les sources th\u00e9oriques et cliniques, politiques et po\u00e9tiques d\u2019une psychiatrie \u00ab d\u00e9sali\u00e9niste \u00bb. Il montre comment le concept actuel de \u00ab sant\u00e9 mentale \u00bb d\u00e9laisse l\u2019humanit\u00e9 de la folie au profit d\u2019une conception scientiste et gestionnaire de l\u2019individu. Alors que la psychiatrie est aujourd&rsquo;hui r\u00e9duite \u00e0 un protocole d&rsquo;actes m\u00e9dicaux, o\u00f9 la dimension relationnelle dans le soin est n\u00e9glig\u00e9e, cet ambitieux essai fait l&rsquo;\u00e9loge d&rsquo;une autre conception du soin psychique, qui consid\u00e8re le fou comme un sujet \u00e0 part enti\u00e8re et la folie comme part irr\u00e9ductible de l&rsquo;humaine condition.<\/p>\n<p>Le d\u00e9bat avec l\u2019auteur sera anim\u00e9 par Monique Thizon et Paul Machto, psychiatres et psychanalystes (Paris).<\/p>\n<p>Lundi 4 ao\u00fbt :<br \/>\nChet Baker, l&rsquo;Ange dissident<br \/>\nPatrice Charbit, psychiatre, psychanalyste.<\/p>\n<p>Un jazzman blanc, un look \u00e0 la James Dean, un parfum d&rsquo;innocence et de fragilit\u00e9, un grand s\u00e9ducteur, une jeunesse insolente, une voix envoutante, Hollywood aurait volontiers fait de lui une ic\u00f4ne.<br \/>\nMais voil\u00e0, le diable en personne n&rsquo;aurait pas mieux sonn\u00e9, et seuls la musique, l&rsquo;amour et &#8230; quelques exp\u00e9dients comptaient pour Chet.<br \/>\nCharlie Parker en personne, apr\u00e8s avoir auditionn\u00e9 le m\u00f4me, t\u00e9l\u00e9phona illico \u00e0 Dizzy Gillespie et Miles Davis pour leur signifier qu&rsquo;ils avaient du mouron \u00e0 se faire. Ce fut le d\u00e9but du mythe mais pas exactement celui du r\u00eave am\u00e9ricain&#8230;<\/p>\n","protected":false},"excerpt":{"rendered":"<p>Le Collectif des 39 Avec le soutien de la Ligue d\u2019enseignement du Gers Proposent : Samedi 2 Ao\u00fbt 2014 \u00ab A ciel ouvert \u00bb Film de Mariana Otero, 2014. Ce film tourn\u00e9 au Courtil en Belgique, nous fait d\u00e9couvrir un lieu hors du commun, o\u00f9 des enfants en difficult\u00e9 psychique et sociale sont accueillis. Jour &hellip; <a href=\"https:\/\/www.collectifpsychiatrie.fr\/?p=7244\" class=\"more-link\">Continuer la lecture de <span class=\"screen-reader-text\">&gt; Les 39 \u00e0 Jazz in Marciac<\/span>  <span class=\"meta-nav\">&rarr;<\/span><\/a><\/p>\n","protected":false},"author":2,"featured_media":0,"comment_status":"open","ping_status":"open","sticky":false,"template":"","format":"standard","meta":{"footnotes":""},"categories":[5],"tags":[],"class_list":["post-7244","post","type-post","status-publish","format-standard","hentry","category-culture"],"_links":{"self":[{"href":"https:\/\/www.collectifpsychiatrie.fr\/index.php?rest_route=\/wp\/v2\/posts\/7244","targetHints":{"allow":["GET"]}}],"collection":[{"href":"https:\/\/www.collectifpsychiatrie.fr\/index.php?rest_route=\/wp\/v2\/posts"}],"about":[{"href":"https:\/\/www.collectifpsychiatrie.fr\/index.php?rest_route=\/wp\/v2\/types\/post"}],"author":[{"embeddable":true,"href":"https:\/\/www.collectifpsychiatrie.fr\/index.php?rest_route=\/wp\/v2\/users\/2"}],"replies":[{"embeddable":true,"href":"https:\/\/www.collectifpsychiatrie.fr\/index.php?rest_route=%2Fwp%2Fv2%2Fcomments&post=7244"}],"version-history":[{"count":1,"href":"https:\/\/www.collectifpsychiatrie.fr\/index.php?rest_route=\/wp\/v2\/posts\/7244\/revisions"}],"predecessor-version":[{"id":7654,"href":"https:\/\/www.collectifpsychiatrie.fr\/index.php?rest_route=\/wp\/v2\/posts\/7244\/revisions\/7654"}],"wp:attachment":[{"href":"https:\/\/www.collectifpsychiatrie.fr\/index.php?rest_route=%2Fwp%2Fv2%2Fmedia&parent=7244"}],"wp:term":[{"taxonomy":"category","embeddable":true,"href":"https:\/\/www.collectifpsychiatrie.fr\/index.php?rest_route=%2Fwp%2Fv2%2Fcategories&post=7244"},{"taxonomy":"post_tag","embeddable":true,"href":"https:\/\/www.collectifpsychiatrie.fr\/index.php?rest_route=%2Fwp%2Fv2%2Ftags&post=7244"}],"curies":[{"name":"wp","href":"https:\/\/api.w.org\/{rel}","templated":true}]}}