{"id":7248,"date":"2014-07-07T11:14:35","date_gmt":"2014-07-07T09:14:35","guid":{"rendered":"http:\/\/www.collectifpsychiatrie.fr\/?p=7248"},"modified":"2014-07-07T11:14:35","modified_gmt":"2014-07-07T09:14:35","slug":"soutien-aux-mouvements-de-greve-dans-les-hopitaux","status":"publish","type":"post","link":"https:\/\/www.collectifpsychiatrie.fr\/?p=7248","title":{"rendered":"&gt; soutien aux mouvements de gr\u00e8ve dans les h\u00f4pitaux."},"content":{"rendered":"<p>Communiqu\u00e9 de soutien aux mouvements de gr\u00e8ve dans les h\u00f4pitaux.<br \/>\nSoutien \u00e0 la gr\u00e8ve de Paul Guiraud Villejuif\u2028<br \/>\nLe collectif des 39 s\u2019est r\u00e9uni le vendredi 4 juillet, apr\u00e8s avoir pris connaissance de la situation en particulier de Paul Guiraud Villejuif, du Bon Sauveur de Caen et de l\u2019H\u00f4pital Sud Francilien. L\u2019\u00e9tat poursuit sa politique d\u2019\u00e9conomies dans le domaine du soin, ce qui se traduit par la suppression de postes et par la r\u00e9organisation des amplitudes de travail par les directions de tous les h\u00f4pitaux. Nous d\u00e9non\u00e7ons cette attaque des espaces de travail.<br \/>\nNous soutenons sans r\u00e9serve le mouvement de gr\u00e8ve engag\u00e9 depuis 5 semaines par le personnel soignant de l\u2019h\u00f4pital Paul Guiraud Villejuif. Soutien pour les frais engag\u00e9s dans les proc\u00e8s que la direction de cet \u00e9tablissement engage contre eux, soutien aux pertes de salaires des salari\u00e9s acteurs de ce conflit. Ce mouvement lutte contre la volont\u00e9 de r\u00e9duire la journ\u00e9e de 8h \u00e0 7h36, ce qui aurait pour cons\u00e9quence de r\u00e9duire le temps de travail au moment du chevauchement des \u00e9quipes ou de rendre ce temps de travail &#8211; que les \u00e9quipes continueraient d\u2019assurer &#8211; gratuit. Les personnels se d\u00e9fendent contre cette d\u00e9gradation croissante des conditions de soins et du climat social au sein des \u00e9tablissements, contre le manque de concertation des directions avec les communaut\u00e9s m\u00e9dicales et soignantes, contre l&rsquo;absence de consid\u00e9ration \u00e0 l&rsquo;\u00e9gard des soignants et professionnels, des patients et des familles.\u2028<br \/>\nNous apportons un soutien particulier, \u00e0 toutes ces luttes \u00e0 partir de notre question  \u00ab  Quelle hospitalit\u00e9 pour la folie ? \u00bb<br \/>\nParis le 7 juillet 2014<br \/>\nPour apporter un soutien financier (l\u2019argent sera revers\u00e9 \u00e0 l\u2019intersyndicale de PGV) : ci-joint le RIB de l&rsquo;association, cr\u00e9dit mutuel, notez pour le destinataire \u00a0\u00bb soutien \u00e0 PGV\u00a0\u00bb. Le virement \u00e9lectronique est \u00e0 privil\u00e9gier, sinon vous pouvez adresser votre ch\u00e8que libell\u00e9 au nom de l&rsquo;association :<br \/>\n\u00ab\u00a0Quelle hospitalit\u00e9 pour la folie ?\u00a0\u00bb \u00e0 l&rsquo;adresse:<br \/>\nCollectif des 39 &#8211; 10 rue Jules Joffrin 94800 Villejuif.<br \/>\nIdentifiant national de compte bancaire &#8211; RIB<br \/>\nBanque : 10278   Guichet : 06066 N\u00b0 compte : 00020271801 Cl\u00e9 69<br \/>\nIdentifiant international de compte bancaire IBAN (International Bank Account Number) FR76 1027 8060 6600 0202 7180 169<br \/>\nBIC (Bank Identifier Code)<br \/>\nCMCIFR2A<br \/>\nTitulaire du compte (Account Owner)<br \/>\nQUELLE HOSPITALITE POUR LA FOLIE ? -10 RUE JULES JOFFRIN 94800 VILLEJUIF<\/p>\n","protected":false},"excerpt":{"rendered":"<p>Communiqu\u00e9 de soutien aux mouvements de gr\u00e8ve dans les h\u00f4pitaux. Soutien \u00e0 la gr\u00e8ve de Paul Guiraud Villejuif\u2028 Le collectif des 39 s\u2019est r\u00e9uni le vendredi 4 juillet, apr\u00e8s avoir pris connaissance de la situation en particulier de Paul Guiraud Villejuif, du Bon Sauveur de Caen et de l\u2019H\u00f4pital Sud Francilien. L\u2019\u00e9tat poursuit sa politique &hellip; <a href=\"https:\/\/www.collectifpsychiatrie.fr\/?p=7248\" class=\"more-link\">Continuer la lecture de <span class=\"screen-reader-text\">&gt; soutien aux mouvements de gr\u00e8ve dans les h\u00f4pitaux.<\/span>  <span class=\"meta-nav\">&rarr;<\/span><\/a><\/p>\n","protected":false},"author":2,"featured_media":0,"comment_status":"open","ping_status":"open","sticky":false,"template":"","format":"standard","meta":{"footnotes":""},"categories":[22],"tags":[],"class_list":["post-7248","post","type-post","status-publish","format-standard","hentry","category-articles-et-communiques-de-presse"],"_links":{"self":[{"href":"https:\/\/www.collectifpsychiatrie.fr\/index.php?rest_route=\/wp\/v2\/posts\/7248","targetHints":{"allow":["GET"]}}],"collection":[{"href":"https:\/\/www.collectifpsychiatrie.fr\/index.php?rest_route=\/wp\/v2\/posts"}],"about":[{"href":"https:\/\/www.collectifpsychiatrie.fr\/index.php?rest_route=\/wp\/v2\/types\/post"}],"author":[{"embeddable":true,"href":"https:\/\/www.collectifpsychiatrie.fr\/index.php?rest_route=\/wp\/v2\/users\/2"}],"replies":[{"embeddable":true,"href":"https:\/\/www.collectifpsychiatrie.fr\/index.php?rest_route=%2Fwp%2Fv2%2Fcomments&post=7248"}],"version-history":[{"count":0,"href":"https:\/\/www.collectifpsychiatrie.fr\/index.php?rest_route=\/wp\/v2\/posts\/7248\/revisions"}],"wp:attachment":[{"href":"https:\/\/www.collectifpsychiatrie.fr\/index.php?rest_route=%2Fwp%2Fv2%2Fmedia&parent=7248"}],"wp:term":[{"taxonomy":"category","embeddable":true,"href":"https:\/\/www.collectifpsychiatrie.fr\/index.php?rest_route=%2Fwp%2Fv2%2Fcategories&post=7248"},{"taxonomy":"post_tag","embeddable":true,"href":"https:\/\/www.collectifpsychiatrie.fr\/index.php?rest_route=%2Fwp%2Fv2%2Ftags&post=7248"}],"curies":[{"name":"wp","href":"https:\/\/api.w.org\/{rel}","templated":true}]}}