{"id":7388,"date":"2014-10-25T11:25:14","date_gmt":"2014-10-25T09:25:14","guid":{"rendered":"http:\/\/www.collectifpsychiatrie.fr\/?p=7388"},"modified":"2020-11-29T15:31:33","modified_gmt":"2020-11-29T15:31:33","slug":"continuite-des-soins-et-de-la-relation-articulee-avec-le-sanitaire-et-le-medico-social-au-meeting-du-1er-novembre","status":"publish","type":"post","link":"https:\/\/www.collectifpsychiatrie.fr\/?p=7388","title":{"rendered":"\u00ab Continuit\u00e9 des soins et de la relation,  articul\u00e9e avec le sanitaire et le m\u00e9dico-social \u00bb au Meeting du 1er Novembre"},"content":{"rendered":"<p>Nous, \u00ab le Fil conducteur \u00bb*, collectif de r\u00e9flexion et de propositions sur la prise en charge\u00a0de la maladie psychique, invitons \u00e0 participer au meeting organis\u00e9 \u00e0 l\u2019initiative du Collectif des 39\u00a0le 1 er novembre 2014 \u00e0 Montreuil.<br \/>\nExtr\u00eamement pr\u00e9occup\u00e9s, inquiets, voire m\u00eame r\u00e9volt\u00e9s par l\u2019\u00e9volution actuelle de la prise en charge de la maladie psychique, nous consid\u00e9rons qu\u2019\u00e0 c\u00f4t\u00e9 des professionnels, des repr\u00e9sentants institutionnels ou institutionnalis\u00e9s, une autre voix doit se faire entendre (cf. le Manifeste du Fil conducteur).<br \/>\nLe constat actuel du fonctionnement de la prise en charge des malades psychiques est plus qu\u2019inqui\u00e9tant.<br \/>\nLes familles, plong\u00e9es brutalement dans l\u2019univers de la psychiatrie lors d\u2019une hospitalisation pour le moins traumatisante d\u2019un enfant ou d\u2019un \u00eatre cher, ne trouvent le plus souvent ni soutien ni interlocuteur. Tenues \u00e0 l\u2019\u00e9cart, sans explications aucune sur ce qu\u2019est une maladie psychique, ses cons\u00e9quences, qui le plus souvent sont lourdes, sur l\u2019\u00e9volution possible, sur la mani\u00e8re dont elles peuvent accompagner la personne malade, elles se trouvent isol\u00e9es, \u00e9cart\u00e9es, alors que leur proche vit une souffrance incompr\u00e9hensible, insupportable. Leurs questions restent sans r\u00e9ponses, un diagnostic peut tomber brutalement, ou n\u2019est pas donn\u00e9, l\u2019absence d\u2019accompagnement ou d\u2019\u00e9coute accro\u00eet leur angoisse l\u00e9gitime. Elles assistent, impuissantes, \u00e0 l\u2019enfermement et \u00e0 l\u2019isolement de leur proche, puis au parcours d\u00e9cousu et chaotique de soins multipliant les soignants dans les structures diverses (h\u00f4pital, h\u00f4pital de jour, foyer de nuit, maison de postcure, CMP\u2026). Un lien th\u00e9rapeutique, n\u00e9cessaire pour soigner, ne peut \u00eatre construit dans de telles conditions alors que la relation devrait \u00eatre au centre du soin.<br \/>\nLe renvoi vers un statut d\u2019aidant familial est paradoxal dans un contexte de d\u00e9ni de la souffrance de la famille, et des fratries, le plus souvent oubli\u00e9es. Le statut d\u2019aidant familial, qui voudrait donner aux familles l\u2019illusion de devenir \u00ab tout \u00e0 coup \u00bb comp\u00e9tentes alors que leurs difficult\u00e9s ne sont toujours pas reconnues par la soci\u00e9t\u00e9 et par un certain nombre de professionnels, est un leurre propos\u00e9 au service des restrictions budg\u00e9taires qui affectent le champ du soin.<br \/>\nLes personnes malades vivent dans une absence de structures coordonn\u00e9es des soins, qui rel\u00e8vent d\u2019un secteur psychiatrique d\u00e9muni ou d\u00e9motiv\u00e9. Elles se plaignent aussi de ne pas \u00eatre \u00e9cout\u00e9es, ni entendues par les \u00e9quipes soignantes.<!--more-->On ne peut que s\u2019\u00e9tonner, dans ce contexte o\u00f9 l\u2019obligation de soins est inscrite dans la loi, que l\u2019absence de reconnaissance de la fonction th\u00e9rapeutique pr\u00e9ventive et curative de la relation, de l\u2019\u00e9coute et la parole, soit absente des projets actuels de la future loi Sant\u00e9.<br \/>\nLa volont\u00e9 de normalisation de la maladie psychique, pr\u00e9sent\u00e9e essentiellement comme une maladie organique dans une conception exclusivement biologique ou g\u00e9n\u00e9tique qui reste plus que sp\u00e9culative, nous inqui\u00e8te par ce qu\u2019elle pourrait entra\u00eener de perte d\u2019humanit\u00e9 dans la prise en charge. Nous maintenons la n\u00e9cessit\u00e9 d\u2019une compl\u00e9mentarit\u00e9 des approches dans les soins, utilisant ainsi tous les moyens possibles pour lutter contre une souffrance insens\u00e9e. Nous ne voulons pas d\u2019un parcours de soins exclusivement r\u00e9duit au trio contention-isolement-m\u00e9dication.<br \/>\nLe recours \u00e0 la contention, qui est un v\u00e9ritable traumatisme pour les patients, devient une pratique courante non questionn\u00e9e et banalis\u00e9e. Pire, protocolis\u00e9e. Une r\u00e9flexion sur le d\u00e9sarroi des personnels peu ou pas form\u00e9s face \u00e0 la maladie psychique et les situations difficiles serait probablement au moins aussi n\u00e9cessaire.<br \/>\nDans le contexte social actuel le manque de structures adapt\u00e9es d\u2019accueil et de soins revient \u00e0 une non-assistance \u00e0 personnes en danger av\u00e9r\u00e9e vis-\u00e0-vis de personnes fragiles.<br \/>\nLes difficult\u00e9s sociales des patients et l\u2019absence de r\u00e9ponse \u00e0 leurs demandes, telles que le d\u00e9sir d\u2019un lieu d\u2019accueil, d\u2019un logement, ou encore d\u2019un travail, mettent les professionnels en difficult\u00e9 et peut avoir des cons\u00e9quences dramatiques pour les personnes malades et leur famille. Pour les malades au long cours, le manque de lieux de soins de longue dur\u00e9e se fait cruellement sentir.<br \/>\nPour d\u00e9battre de toutes ces questions, nous vous invitons \u00e0 participer au forum \u00ab Continuit\u00e9 des soins et de la relation, articul\u00e9e avec le sanitaire et le m\u00e9dico-social \u00bb.<\/p>\n<p>*Le Fil conducteur associe des familles et proches de malades psychiques, des patients et des professionnels de sant\u00e9, tous concern\u00e9s par la place des familles dans l\u2019accompagnement et la prise en charge de la personne malade. C\u2019est un espace de parole \u00e9manant de l\u2019atelier \u00ab familles \u00bb des Assises citoyennes, ou l\u2019Hospitalit\u00e9 en psychiatrie et dans le m\u00e9dicosocial, qui ont eu lieu \u00e0 Villejuif les 31 mai et 1er juin 2013.<br \/>\nAdresse mail : lefilconducteur.collectif39@gmail.com<\/p>\n<p style=\"margin-bottom: 0cm; line-height: 0.41cm; background-position: initial initial; background-repeat: initial initial;\">le programme &#8211; pdf : \u00a0<a href=\"http:\/\/collectimp.cluster011.ovh.net\/wp-content\/uploads\/2014\/10\/2014-11-01-meeting-39-V41.pdf\">2014-11-01 meeting 39 V4<\/a><\/p>\n<p style=\"margin-bottom: 0cm; line-height: 0.41cm; background-position: initial initial; background-repeat: initial initial;\">\n","protected":false},"excerpt":{"rendered":"<p>Nous, \u00ab le Fil conducteur \u00bb*, collectif de r\u00e9flexion et de propositions sur la prise en charge\u00a0de la maladie psychique, invitons \u00e0 participer au meeting organis\u00e9 \u00e0 l\u2019initiative du Collectif des 39\u00a0le 1 er novembre 2014 \u00e0 Montreuil. Extr\u00eamement pr\u00e9occup\u00e9s, inquiets, voire m\u00eame r\u00e9volt\u00e9s par l\u2019\u00e9volution actuelle de la prise en charge de la maladie &hellip; <a href=\"https:\/\/www.collectifpsychiatrie.fr\/?p=7388\" class=\"more-link\">Continuer la lecture de <span class=\"screen-reader-text\">\u00ab Continuit\u00e9 des soins et de la relation,  articul\u00e9e avec le sanitaire et le m\u00e9dico-social \u00bb au Meeting du 1er Novembre<\/span>  <span class=\"meta-nav\">&rarr;<\/span><\/a><\/p>\n","protected":false},"author":2,"featured_media":0,"comment_status":"open","ping_status":"open","sticky":false,"template":"","format":"standard","meta":{"footnotes":""},"categories":[3,25],"tags":[],"class_list":["post-7388","post","type-post","status-publish","format-standard","hentry","category-calendrier","category-meetings"],"_links":{"self":[{"href":"https:\/\/www.collectifpsychiatrie.fr\/index.php?rest_route=\/wp\/v2\/posts\/7388","targetHints":{"allow":["GET"]}}],"collection":[{"href":"https:\/\/www.collectifpsychiatrie.fr\/index.php?rest_route=\/wp\/v2\/posts"}],"about":[{"href":"https:\/\/www.collectifpsychiatrie.fr\/index.php?rest_route=\/wp\/v2\/types\/post"}],"author":[{"embeddable":true,"href":"https:\/\/www.collectifpsychiatrie.fr\/index.php?rest_route=\/wp\/v2\/users\/2"}],"replies":[{"embeddable":true,"href":"https:\/\/www.collectifpsychiatrie.fr\/index.php?rest_route=%2Fwp%2Fv2%2Fcomments&post=7388"}],"version-history":[{"count":1,"href":"https:\/\/www.collectifpsychiatrie.fr\/index.php?rest_route=\/wp\/v2\/posts\/7388\/revisions"}],"predecessor-version":[{"id":9053,"href":"https:\/\/www.collectifpsychiatrie.fr\/index.php?rest_route=\/wp\/v2\/posts\/7388\/revisions\/9053"}],"wp:attachment":[{"href":"https:\/\/www.collectifpsychiatrie.fr\/index.php?rest_route=%2Fwp%2Fv2%2Fmedia&parent=7388"}],"wp:term":[{"taxonomy":"category","embeddable":true,"href":"https:\/\/www.collectifpsychiatrie.fr\/index.php?rest_route=%2Fwp%2Fv2%2Fcategories&post=7388"},{"taxonomy":"post_tag","embeddable":true,"href":"https:\/\/www.collectifpsychiatrie.fr\/index.php?rest_route=%2Fwp%2Fv2%2Ftags&post=7388"}],"curies":[{"name":"wp","href":"https:\/\/api.w.org\/{rel}","templated":true}]}}