{"id":7446,"date":"2014-12-22T01:37:18","date_gmt":"2014-12-22T00:37:18","guid":{"rendered":"http:\/\/www.collectifpsychiatrie.fr\/?p=7446"},"modified":"2017-01-31T15:39:52","modified_gmt":"2017-01-31T15:39:52","slug":"appel-du-meeting-du-1er-novembre-2014","status":"publish","type":"post","link":"https:\/\/www.collectifpsychiatrie.fr\/?p=7446","title":{"rendered":"Signez l&rsquo;appel du meeting du 1er Novembre 2014, \u00c7A SUFFIT !"},"content":{"rendered":"<p><span style=\"font-family: arial, helvetica, sans-serif; font-size: 16px; letter-spacing: 0px; line-height: normal;\">Les faits sont l\u00e0, t\u00eatus et implacables\u00a0.\u00a0<\/span><\/p>\n<p style=\"text-align: justify;\"><span style=\"letter-spacing: 0px; font-size: 16px; font-family: arial, helvetica, sans-serif; line-height: normal;\">Tandis que la demande de soins cro\u00eet &#8211; notamment pour les enfants -, les moyens humains se rar\u00e9fient\u00a0: diminution des postes d\u2019infirmiers, marginalisation scandaleuse des psychologues,\u00a0 rar\u00e9faction\u00a0 des psychiatres (publics et priv\u00e9s).<\/span><\/p>\n<div style=\"text-align: justify;\"><span style=\"font-size: 16px; color: #222222; line-height: normal; text-align: justify; font-family: arial, helvetica, sans-serif;\">La formation est manifestement insuffisante pour les infirmiers. Elle est r\u00e9ductrice, affadie et trompeuse pour les internes en psychiatrie, car la complexit\u00e9 de la discipline n\u2019est que trop rarement prise en compte. Elle ne leur permet que trop rarement de choisir leurs options th\u00e9oriques, de d\u00e9velopper une pens\u00e9e critique indispensable. Tous les \u00e9tudiants subissent un formatage o\u00f9 r\u00e8gne la dimension binaire et r\u00e9ductrice du soin\u00a0: aider le patient \u00e0 comprendre ce qui lui arrive ne serait plus \u00e0 l\u2019ordre du jour. <\/span><\/div>\n<div><span style=\"font-size: 16px; color: #222222; line-height: normal; text-align: justify; font-family: arial, helvetica, sans-serif;\"><strong>Lire la suite et signer en cliquant sur ce lien<\/strong>\u00a0<\/span><span style=\"font-family: inherit; font-style: inherit; font-variant: inherit; color: #222222; font-size: 20px; line-height: 1.5;\">\u00a0<\/span><span style=\"font-family: inherit; font-size: 13px; font-style: inherit; font-variant: inherit; color: #222222; line-height: 19px;\"><span style=\"font-size: medium;\">\u00a0<\/span><\/span><a style=\"font-size: 13px; line-height: 1.6em;\" href=\"http:\/\/www.hospitalite-collectif39.org\/?CA-SUFFIT\">http:\/\/www.hospitalite-collectif39.org\/?CA-SUFFIT<\/a><\/div>\n<div class=\"cartouche\" style=\"margin: 0px 0px 1.5em; padding: 0px; border: 0px; font-family: Arial, Helvetica, sans-serif; vertical-align: baseline; color: #222222;\">\n<div class=\"texte surlignable\" style=\"font-size: 16px; line-height: normal; margin: 0px; padding: 0px; border: 0px; font-family: Arial, Helvetica, sans-serif; vertical-align: baseline; text-align: justify; color: #222222;\">\n<p>&nbsp;<\/p>\n<p>&nbsp;<\/p>\n<\/div>\n<\/div>\n","protected":false},"excerpt":{"rendered":"<p>Les faits sont l\u00e0, t\u00eatus et implacables\u00a0.\u00a0 Tandis que la demande de soins cro\u00eet &#8211; notamment pour les enfants -, les moyens humains se rar\u00e9fient\u00a0: diminution des postes d\u2019infirmiers, marginalisation scandaleuse des psychologues,\u00a0 rar\u00e9faction\u00a0 des psychiatres (publics et priv\u00e9s). La formation est manifestement insuffisante pour les infirmiers. Elle est r\u00e9ductrice, affadie et trompeuse pour les &hellip; <a href=\"https:\/\/www.collectifpsychiatrie.fr\/?p=7446\" class=\"more-link\">Continuer la lecture de <span class=\"screen-reader-text\">Signez l&rsquo;appel du meeting du 1er Novembre 2014, \u00c7A SUFFIT !<\/span>  <span class=\"meta-nav\">&rarr;<\/span><\/a><\/p>\n","protected":false},"author":78,"featured_media":0,"comment_status":"open","ping_status":"open","sticky":false,"template":"","format":"image","meta":{"footnotes":""},"categories":[4],"tags":[],"class_list":["post-7446","post","type-post","status-publish","format-image","hentry","category-communiques-des-39","post_format-post-format-image"],"_links":{"self":[{"href":"https:\/\/www.collectifpsychiatrie.fr\/index.php?rest_route=\/wp\/v2\/posts\/7446","targetHints":{"allow":["GET"]}}],"collection":[{"href":"https:\/\/www.collectifpsychiatrie.fr\/index.php?rest_route=\/wp\/v2\/posts"}],"about":[{"href":"https:\/\/www.collectifpsychiatrie.fr\/index.php?rest_route=\/wp\/v2\/types\/post"}],"author":[{"embeddable":true,"href":"https:\/\/www.collectifpsychiatrie.fr\/index.php?rest_route=\/wp\/v2\/users\/78"}],"replies":[{"embeddable":true,"href":"https:\/\/www.collectifpsychiatrie.fr\/index.php?rest_route=%2Fwp%2Fv2%2Fcomments&post=7446"}],"version-history":[{"count":1,"href":"https:\/\/www.collectifpsychiatrie.fr\/index.php?rest_route=\/wp\/v2\/posts\/7446\/revisions"}],"predecessor-version":[{"id":8530,"href":"https:\/\/www.collectifpsychiatrie.fr\/index.php?rest_route=\/wp\/v2\/posts\/7446\/revisions\/8530"}],"wp:attachment":[{"href":"https:\/\/www.collectifpsychiatrie.fr\/index.php?rest_route=%2Fwp%2Fv2%2Fmedia&parent=7446"}],"wp:term":[{"taxonomy":"category","embeddable":true,"href":"https:\/\/www.collectifpsychiatrie.fr\/index.php?rest_route=%2Fwp%2Fv2%2Fcategories&post=7446"},{"taxonomy":"post_tag","embeddable":true,"href":"https:\/\/www.collectifpsychiatrie.fr\/index.php?rest_route=%2Fwp%2Fv2%2Ftags&post=7446"}],"curies":[{"name":"wp","href":"https:\/\/api.w.org\/{rel}","templated":true}]}}