{"id":7521,"date":"2015-01-09T23:46:42","date_gmt":"2015-01-09T22:46:42","guid":{"rendered":"http:\/\/www.collectifpsychiatrie.fr\/?p=7521"},"modified":"2015-02-16T22:39:05","modified_gmt":"2015-02-16T22:39:05","slug":"nous-sommes-charlie","status":"publish","type":"post","link":"https:\/\/www.collectifpsychiatrie.fr\/?p=7521","title":{"rendered":"Nous sommes Charlie !"},"content":{"rendered":"<p>Communiqu\u00e9 de presse \u00a0 \u00a0 \u00a0\u00a0<span style=\"line-height: 1.6em;\">Vendredi 9 janvier 2015.\u00a0<\/span><\/p>\n<p><span style=\"line-height: 1.6em;\">La r\u00e9daction de Charlie Hebdo toujours vaillante dans la d\u00e9fense de la libert\u00e9 quelle qu\u2019elle soit, s&rsquo;\u00e9tait engag\u00e9e d\u00e8s 2010 en soutien \u00e0 notre combat pour une \u00ab\u00a0Hospitalit\u00e9 pour la folie\u00a0\u00bb, notre lutte contre le renfermement et la stigmatisation des fous.\u00a0<\/span><\/p>\n<p>Cet attentat ignoble a d\u00e9cim\u00e9 une partie de la r\u00e9daction de Charlie Hebdo et tu\u00e9 des policiers, un livreur, un gardien. Elsa Cayat, psychiatre et psychanalyste qui \u00e9tait chroniqueuse \u00e0 Charlie est aussi d\u00e9c\u00e9d\u00e9e.<\/p>\n<p>Ces meurtres nous atteignent profond\u00e9ment.<\/p>\n<p>Le Collectif des 39, regroupant des professionnels en psychiatrie et dans le m\u00e9dico-social, des patients, des familles, appelle tous les citoyens \u00e0 se mobiliser et \u00e0 participer aux rassemblements qui se tiendront dimanche partout en France et notamment \u00a0place de la R\u00e9publique \u00e0 15 h \u00e0 Paris.<\/p>\n<p>Mais au del\u00e0 de ce grand rassemblement il nous faut nous engager dans le long terme dans cette lutte d\u00e9termin\u00e9e pour la libre pens\u00e9e, la libre parole, l&rsquo;hospitalit\u00e9 de l&rsquo;autre.<\/p>\n<p>Le d\u00e9veloppement des haines identitaires et le rejet de l&rsquo;alt\u00e9rit\u00e9, dont les faits tragiques r\u00e9cents sont le prolongement, implique une\u00a0r\u00e9flexion collective essentielle. Les d\u00e9bats les plus larges sont d\u00e9sormais incontournables pour faire vivre une \u00e9thique, une humanit\u00e9, une solidarit\u00e9 profond\u00e9ment attaqu\u00e9es depuis de trop nombreuses ann\u00e9es.<\/p>\n","protected":false},"excerpt":{"rendered":"<p>Communiqu\u00e9 de presse \u00a0 \u00a0 \u00a0\u00a0Vendredi 9 janvier 2015.\u00a0 La r\u00e9daction de Charlie Hebdo toujours vaillante dans la d\u00e9fense de la libert\u00e9 quelle qu\u2019elle soit, s&rsquo;\u00e9tait engag\u00e9e d\u00e8s 2010 en soutien \u00e0 notre combat pour une \u00ab\u00a0Hospitalit\u00e9 pour la folie\u00a0\u00bb, notre lutte contre le renfermement et la stigmatisation des fous.\u00a0 Cet attentat ignoble a d\u00e9cim\u00e9 &hellip; <a href=\"https:\/\/www.collectifpsychiatrie.fr\/?p=7521\" class=\"more-link\">Continuer la lecture de <span class=\"screen-reader-text\">Nous sommes Charlie !<\/span>  <span class=\"meta-nav\">&rarr;<\/span><\/a><\/p>\n","protected":false},"author":78,"featured_media":0,"comment_status":"open","ping_status":"open","sticky":false,"template":"","format":"standard","meta":{"footnotes":""},"categories":[4],"tags":[],"class_list":["post-7521","post","type-post","status-publish","format-standard","hentry","category-communiques-des-39"],"_links":{"self":[{"href":"https:\/\/www.collectifpsychiatrie.fr\/index.php?rest_route=\/wp\/v2\/posts\/7521","targetHints":{"allow":["GET"]}}],"collection":[{"href":"https:\/\/www.collectifpsychiatrie.fr\/index.php?rest_route=\/wp\/v2\/posts"}],"about":[{"href":"https:\/\/www.collectifpsychiatrie.fr\/index.php?rest_route=\/wp\/v2\/types\/post"}],"author":[{"embeddable":true,"href":"https:\/\/www.collectifpsychiatrie.fr\/index.php?rest_route=\/wp\/v2\/users\/78"}],"replies":[{"embeddable":true,"href":"https:\/\/www.collectifpsychiatrie.fr\/index.php?rest_route=%2Fwp%2Fv2%2Fcomments&post=7521"}],"version-history":[{"count":0,"href":"https:\/\/www.collectifpsychiatrie.fr\/index.php?rest_route=\/wp\/v2\/posts\/7521\/revisions"}],"wp:attachment":[{"href":"https:\/\/www.collectifpsychiatrie.fr\/index.php?rest_route=%2Fwp%2Fv2%2Fmedia&parent=7521"}],"wp:term":[{"taxonomy":"category","embeddable":true,"href":"https:\/\/www.collectifpsychiatrie.fr\/index.php?rest_route=%2Fwp%2Fv2%2Fcategories&post=7521"},{"taxonomy":"post_tag","embeddable":true,"href":"https:\/\/www.collectifpsychiatrie.fr\/index.php?rest_route=%2Fwp%2Fv2%2Ftags&post=7521"}],"curies":[{"name":"wp","href":"https:\/\/api.w.org\/{rel}","templated":true}]}}