{"id":7756,"date":"2015-05-14T11:38:48","date_gmt":"2015-05-14T11:38:48","guid":{"rendered":"http:\/\/www.collectifpsychiatrie.fr\/?p=7756"},"modified":"2015-05-14T22:49:27","modified_gmt":"2015-05-14T22:49:27","slug":"le-cattp-trait-dunion-en-danger-de-fermeture","status":"publish","type":"post","link":"https:\/\/www.collectifpsychiatrie.fr\/?p=7756","title":{"rendered":"OFFENSIVE CONTRE L&rsquo;ASSOCIATION TRAIT D\u2019UNION"},"content":{"rendered":"<div><strong>L&rsquo;association Le Trait d&rsquo;Union, li\u00e9 au Centre psychoth\u00e9rapique de St Martin de Vignogoul, voit sa subvention de fonctionnement supprim\u00e9e par l&rsquo;ARS Languedoc Roussillon d&rsquo;ici la fin de l&rsquo;ann\u00e9e.<\/strong><\/div>\n<div><\/div>\n<div>Cette association cr\u00e9\u00e9e en 1981,\u00a0<span class=\"Apple-style-span\">\u00a0<\/span><span class=\"Apple-style-span\">g\u00e8re 2 appartements communautaires, 3 studios et un CATTP et emploie 5 salari\u00e9s. Le CATTP a un file active de 90 patients, et il y a 11 places en appartements.\u00a0<\/span><\/div>\n<div><span class=\"Apple-style-span\">\u00a0<\/span><span class=\"Apple-style-span\">Les appartements sont appel\u00e9s \u00e0 \u00eatre transform\u00e9s en SAMSAH rattach\u00e9s \u00e0 une autre structure. Le CATTP est purement ferm\u00e9 et 90 personnes en demande d\u2019accompagnement et d\u2019aide psychiques se retrouvent \u00e0 la rue, l\u2019ARS leur proposant les GEM comme solution alternative.\u00a0<\/span><\/div>\n<div><span class=\"Apple-style-span\">Quant aux salari\u00e9s, ceux du CATTP sont licenci\u00e9s, les autres restent dans l\u2019incertitude de leur avenir.<\/span><\/div>\n<div>\u00a0<span class=\"Apple-style-span\">Ces d\u00e9cisions scandaleuses de l&rsquo;ARS Languedoc Roussillon, vient :<br \/>\n-1 Mettre en p\u00e9ril le suivi th\u00e9rapeutique et l&rsquo;accompagnement soignant de tr\u00e8s nombreuses personnes en grande difficult\u00e9 psychique et qui sont dans une am\u00e9lioration et une stabilisation de leurs difficult\u00e9s<br \/>\n&#8211; 2 renforcer l&rsquo;opposition entre une structure de soin et une association de type GEM, alors que leurs projets sont diff\u00e9rents et compl\u00e9mentaires<\/span><\/div>\n<div><strong><em><span class=\"Apple-style-span\">\u00a0Pour\u00a0<\/span><\/em><\/strong><b>signer la p\u00e9tition il faut cliquer sur le lien ci-dessous<\/b><\/div>\n<div><a href=\"http:\/\/www.petitionduweb.com\/Petition-le-cattp-trait-d-union-en-danger-de-fermeture-1003060.html\">http:\/\/www.petitionduweb.com\/Petition-le-cattp-trait-d-union-en-danger-de-fermeture-1003060.html<\/a><\/div>\n","protected":false},"excerpt":{"rendered":"<p>L&rsquo;association Le Trait d&rsquo;Union, li\u00e9 au Centre psychoth\u00e9rapique de St Martin de Vignogoul, voit sa subvention de fonctionnement supprim\u00e9e par l&rsquo;ARS Languedoc Roussillon d&rsquo;ici la fin de l&rsquo;ann\u00e9e. Cette association cr\u00e9\u00e9e en 1981,\u00a0\u00a0g\u00e8re 2 appartements communautaires, 3 studios et un CATTP et emploie 5 salari\u00e9s. Le CATTP a un file active de 90 patients, et &hellip; <a href=\"https:\/\/www.collectifpsychiatrie.fr\/?p=7756\" class=\"more-link\">Continuer la lecture de <span class=\"screen-reader-text\">OFFENSIVE CONTRE L&rsquo;ASSOCIATION TRAIT D\u2019UNION<\/span>  <span class=\"meta-nav\">&rarr;<\/span><\/a><\/p>\n","protected":false},"author":78,"featured_media":0,"comment_status":"closed","ping_status":"open","sticky":false,"template":"","format":"standard","meta":{"footnotes":""},"categories":[1],"tags":[],"class_list":["post-7756","post","type-post","status-publish","format-standard","hentry","category-non-classe"],"_links":{"self":[{"href":"https:\/\/www.collectifpsychiatrie.fr\/index.php?rest_route=\/wp\/v2\/posts\/7756","targetHints":{"allow":["GET"]}}],"collection":[{"href":"https:\/\/www.collectifpsychiatrie.fr\/index.php?rest_route=\/wp\/v2\/posts"}],"about":[{"href":"https:\/\/www.collectifpsychiatrie.fr\/index.php?rest_route=\/wp\/v2\/types\/post"}],"author":[{"embeddable":true,"href":"https:\/\/www.collectifpsychiatrie.fr\/index.php?rest_route=\/wp\/v2\/users\/78"}],"replies":[{"embeddable":true,"href":"https:\/\/www.collectifpsychiatrie.fr\/index.php?rest_route=%2Fwp%2Fv2%2Fcomments&post=7756"}],"version-history":[{"count":5,"href":"https:\/\/www.collectifpsychiatrie.fr\/index.php?rest_route=\/wp\/v2\/posts\/7756\/revisions"}],"predecessor-version":[{"id":7762,"href":"https:\/\/www.collectifpsychiatrie.fr\/index.php?rest_route=\/wp\/v2\/posts\/7756\/revisions\/7762"}],"wp:attachment":[{"href":"https:\/\/www.collectifpsychiatrie.fr\/index.php?rest_route=%2Fwp%2Fv2%2Fmedia&parent=7756"}],"wp:term":[{"taxonomy":"category","embeddable":true,"href":"https:\/\/www.collectifpsychiatrie.fr\/index.php?rest_route=%2Fwp%2Fv2%2Fcategories&post=7756"},{"taxonomy":"post_tag","embeddable":true,"href":"https:\/\/www.collectifpsychiatrie.fr\/index.php?rest_route=%2Fwp%2Fv2%2Ftags&post=7756"}],"curies":[{"name":"wp","href":"https:\/\/api.w.org\/{rel}","templated":true}]}}