{"id":7782,"date":"2015-06-16T10:04:58","date_gmt":"2015-06-16T10:04:58","guid":{"rendered":"http:\/\/www.collectifpsychiatrie.fr\/?p=7782"},"modified":"2015-06-16T10:09:43","modified_gmt":"2015-06-16T10:09:43","slug":"30emes-rencontres-de-saint-alban","status":"publish","type":"post","link":"https:\/\/www.collectifpsychiatrie.fr\/?p=7782","title":{"rendered":"30\u00e8mes Rencontres DE SAINT ALBAN"},"content":{"rendered":"<p><strong>O\u00f9\u00a0commence et o\u00f9 finit la clinique ?<\/strong><\/p>\n<p><strong>Vendredi 19 et samedi 20 juin 2015<\/strong><\/p>\n<p>Le programme de ces 2 journ\u00e9es en dessous<\/p>\n<p><strong><a href=\"https:\/\/www.collectifpsychiatrie.fr\/wp-content\/uploads\/2015\/06\/d\u00e9pliantSaintAlban2015.pdf\">d\u00e9pliantSaintAlban2015<\/a><\/strong><\/p>\n","protected":false},"excerpt":{"rendered":"<p>O\u00f9\u00a0commence et o\u00f9 finit la clinique ? Vendredi 19 et samedi 20 juin 2015 Le programme de ces 2 journ\u00e9es en dessous d\u00e9pliantSaintAlban2015<\/p>\n","protected":false},"author":78,"featured_media":0,"comment_status":"closed","ping_status":"open","sticky":false,"template":"","format":"standard","meta":{"footnotes":""},"categories":[2],"tags":[],"class_list":["post-7782","post","type-post","status-publish","format-standard","hentry","category-agenda"],"_links":{"self":[{"href":"https:\/\/www.collectifpsychiatrie.fr\/index.php?rest_route=\/wp\/v2\/posts\/7782","targetHints":{"allow":["GET"]}}],"collection":[{"href":"https:\/\/www.collectifpsychiatrie.fr\/index.php?rest_route=\/wp\/v2\/posts"}],"about":[{"href":"https:\/\/www.collectifpsychiatrie.fr\/index.php?rest_route=\/wp\/v2\/types\/post"}],"author":[{"embeddable":true,"href":"https:\/\/www.collectifpsychiatrie.fr\/index.php?rest_route=\/wp\/v2\/users\/78"}],"replies":[{"embeddable":true,"href":"https:\/\/www.collectifpsychiatrie.fr\/index.php?rest_route=%2Fwp%2Fv2%2Fcomments&post=7782"}],"version-history":[{"count":4,"href":"https:\/\/www.collectifpsychiatrie.fr\/index.php?rest_route=\/wp\/v2\/posts\/7782\/revisions"}],"predecessor-version":[{"id":7788,"href":"https:\/\/www.collectifpsychiatrie.fr\/index.php?rest_route=\/wp\/v2\/posts\/7782\/revisions\/7788"}],"wp:attachment":[{"href":"https:\/\/www.collectifpsychiatrie.fr\/index.php?rest_route=%2Fwp%2Fv2%2Fmedia&parent=7782"}],"wp:term":[{"taxonomy":"category","embeddable":true,"href":"https:\/\/www.collectifpsychiatrie.fr\/index.php?rest_route=%2Fwp%2Fv2%2Fcategories&post=7782"},{"taxonomy":"post_tag","embeddable":true,"href":"https:\/\/www.collectifpsychiatrie.fr\/index.php?rest_route=%2Fwp%2Fv2%2Ftags&post=7782"}],"curies":[{"name":"wp","href":"https:\/\/api.w.org\/{rel}","templated":true}]}}