{"id":7791,"date":"2015-06-20T05:02:08","date_gmt":"2015-06-20T05:02:08","guid":{"rendered":"http:\/\/www.collectifpsychiatrie.fr\/?p=7791"},"modified":"2015-06-20T05:02:08","modified_gmt":"2015-06-20T05:02:08","slug":"communique-du-cnpp","status":"publish","type":"post","link":"https:\/\/www.collectifpsychiatrie.fr\/?p=7791","title":{"rendered":"> Communiqu\u00e9 du CNPP"},"content":{"rendered":"<p>Le Conseil national professionnel de psychiatrie (CNPP), regroupant les principaux syndicats et soci\u00e9t\u00e9s savantes de la psychiatrie fran\u00e7aise*, alerte ce 18 juin\u00a0par la voix de son pr\u00e9sident, le\u00a0Dr Maurice Bensoussan, sur les derni\u00e8res directives minist\u00e9rielles sur les actions de formation relatives \u00e0 l&rsquo;autisme (lire ci-dessous). Une alerte qui sonne comme une\u00a0nouvelle manifestation de l&rsquo;inqui\u00e9tude des professionnels de la psychiatrie, que soit privil\u00e9gi\u00e9 le champ m\u00e9dico-social pour l&rsquo;orientation des prises en charge\u00a0du trouble autistique, au d\u00e9triment du champ sanitaire&#8230;<\/p>\n<p><strong>COMMUNIQUE DU CONSEIL NATIONAL PROFESSIONNEL DE PSYCHIATRIE CONCERNANT LES DIRECTIVES MINISTERIELLES SUR LES ACTIONS DE FORMATION RELATIVES A L\u2019AUTISME<\/strong><\/p>\n<p><strong>Un dispositif de r\u00e9f\u00e9rence est fix\u00e9 par voie l\u00e9gislative pour le d\u00e9veloppement professionnel continu (DPC) des m\u00e9decins. Il s\u2019applique quelles que soient les sp\u00e9cialit\u00e9s m\u00e9dicales et\u00a0 les pathologies.<\/strong><\/p>\n<p><strong>Les directives minist\u00e9rielles \u00e9nonc\u00e9es lors du Conseil National de l\u2019Autisme du 16 avril 2015 apparaissent au Conseil National Professionnel de Psychiatrie (CNPP) de nature \u00e0 remettre en cause les principes de ce dispositif. La \u00a0secr\u00e9taire d&rsquo;Etat charg\u00e9e du handicap envisage, dans le cadre des troubles du spectre autistique, de restreindre les possibilit\u00e9s de DPC aux seuls programmes s\u00e9lectionn\u00e9s par un jury dans le cadre d\u2019un appel d\u2019offre. Le CNPP, dont la r\u00e9gulation du DPC est une des missions essentielles, tient \u00e0 alerter sur les risques que constituerait cette voie parall\u00e8le de contr\u00f4le et de choix. Il convient de pr\u00e9server de l\u2019immixtion de directives politiques ou d\u2019options id\u00e9ologiques le champ sensible de la formation \u00e0 l\u2019\u00e9laboration des diagnostics et des th\u00e9rapeutiques, qui appartient au domaine scientifique.<\/strong><\/p>\n<p><strong>Le CNPP rappelle que le dispositif de DPC, cr\u00e9\u00e9 depuis fin 2011, associe une Commission Scientifique Ind\u00e9pendante, un Organisme gestionnaire et un Conseil National Professionnel dans chaque sp\u00e9cialit\u00e9. Ces instances sont\u00a0 charg\u00e9es de valider les programmes et\u00a0 de donner des orientations. La proposition minist\u00e9rielle discr\u00e9dite la comp\u00e9tence des professionnels et des organismes en charge d\u2019\u00e9laborer des programmes mais aussi le dispositif construit par voie l\u00e9gislative. Il convient aussi de veiller au respect de la libert\u00e9 acad\u00e9mique reconnue aux universitaires, notamment en ce qui concerne le contenu de leur enseignement.<\/strong><\/p>\n<p><strong>\u00a0<\/strong><strong>Le CNPP soutient la n\u00e9cessit\u00e9 de formations ouvertes, diversifi\u00e9es, issues d\u2019une m\u00e9thodologie de recherche rigoureuse, d\u00e9finies par des professionnels qualifi\u00e9s, agr\u00e9\u00e9s et demeurant ind\u00e9pendants, et ce quel que soit le domaine des soins psychiques concern\u00e9.<\/strong><\/p>\n<p><strong>Dr Maurice BENSOUSSAN, pr\u00e9sident du Conseil national professionnel de psychiatrie<\/strong><\/p>\n<p>Le Conseil national de psychiatrie (CNPP) regroupe l\u2019ensemble des syndicats et soci\u00e9t\u00e9s savantes de la psychiatrie fran\u00e7aise :<\/p>\n<p>Coll\u00e8ge national pour la qualit\u00e9 des soins en psychiatrie (CNQSP)<\/p>\n<p>Coll\u00e8ge national des universitaires de psychiatrie (CNUP)<\/p>\n<p>F\u00e9d\u00e9ration fran\u00e7aise de psychiatrie (FFP)<\/p>\n<p>Intersyndicale de d\u00e9fense de la psychiatrie publique (IDEPP)<\/p>\n<p>Syndicat national des psychiatres priv\u00e9s (SNPP)<\/p>\n<p>Syndicat des psychiatres d\u2019exercice public (SPEP)<\/p>\n<p>Syndicat des psychiatres fran\u00e7ais (SPF)<\/p>\n<p>Syndicat des psychiatres des h\u00f4pitaux (SPH)<\/p>\n<p>Syndicat des psychiatres salari\u00e9s de la\u00a0 Conf\u00e9d\u00e9ration fran\u00e7aise de\u00a0 l\u2019encadrement (SPSCFE-CGC)<\/p>\n<p>Syndicat universitaire de psychiatrie (SUP)<\/p>\n<p>Union syndicale de la psychiatrie (USP)<\/p>\n<p>&nbsp;<\/p>\n","protected":false},"excerpt":{"rendered":"<p>Le Conseil national professionnel de psychiatrie (CNPP), regroupant les principaux syndicats et soci\u00e9t\u00e9s savantes de la psychiatrie fran\u00e7aise*, alerte ce 18 juin\u00a0par la voix de son pr\u00e9sident, le\u00a0Dr Maurice Bensoussan, sur les derni\u00e8res directives minist\u00e9rielles sur les actions de formation relatives \u00e0 l&rsquo;autisme (lire ci-dessous). Une alerte qui sonne comme une\u00a0nouvelle manifestation de l&rsquo;inqui\u00e9tude des &hellip; <a href=\"https:\/\/www.collectifpsychiatrie.fr\/?p=7791\" class=\"more-link\">Continuer la lecture de <span class=\"screen-reader-text\">> Communiqu\u00e9 du CNPP<\/span>  <span class=\"meta-nav\">&rarr;<\/span><\/a><\/p>\n","protected":false},"author":8,"featured_media":0,"comment_status":"closed","ping_status":"open","sticky":false,"template":"","format":"standard","meta":{"footnotes":""},"categories":[22],"tags":[],"class_list":["post-7791","post","type-post","status-publish","format-standard","hentry","category-articles-et-communiques-de-presse"],"_links":{"self":[{"href":"https:\/\/www.collectifpsychiatrie.fr\/index.php?rest_route=\/wp\/v2\/posts\/7791","targetHints":{"allow":["GET"]}}],"collection":[{"href":"https:\/\/www.collectifpsychiatrie.fr\/index.php?rest_route=\/wp\/v2\/posts"}],"about":[{"href":"https:\/\/www.collectifpsychiatrie.fr\/index.php?rest_route=\/wp\/v2\/types\/post"}],"author":[{"embeddable":true,"href":"https:\/\/www.collectifpsychiatrie.fr\/index.php?rest_route=\/wp\/v2\/users\/8"}],"replies":[{"embeddable":true,"href":"https:\/\/www.collectifpsychiatrie.fr\/index.php?rest_route=%2Fwp%2Fv2%2Fcomments&post=7791"}],"version-history":[{"count":1,"href":"https:\/\/www.collectifpsychiatrie.fr\/index.php?rest_route=\/wp\/v2\/posts\/7791\/revisions"}],"predecessor-version":[{"id":7792,"href":"https:\/\/www.collectifpsychiatrie.fr\/index.php?rest_route=\/wp\/v2\/posts\/7791\/revisions\/7792"}],"wp:attachment":[{"href":"https:\/\/www.collectifpsychiatrie.fr\/index.php?rest_route=%2Fwp%2Fv2%2Fmedia&parent=7791"}],"wp:term":[{"taxonomy":"category","embeddable":true,"href":"https:\/\/www.collectifpsychiatrie.fr\/index.php?rest_route=%2Fwp%2Fv2%2Fcategories&post=7791"},{"taxonomy":"post_tag","embeddable":true,"href":"https:\/\/www.collectifpsychiatrie.fr\/index.php?rest_route=%2Fwp%2Fv2%2Ftags&post=7791"}],"curies":[{"name":"wp","href":"https:\/\/api.w.org\/{rel}","templated":true}]}}