{"id":7807,"date":"2015-07-02T10:07:15","date_gmt":"2015-07-02T10:07:15","guid":{"rendered":"http:\/\/www.collectifpsychiatrie.fr\/?p=7807"},"modified":"2015-07-02T10:07:15","modified_gmt":"2015-07-02T10:07:15","slug":"les-39-a-jazz-in-marciac-2015","status":"publish","type":"post","link":"https:\/\/www.collectifpsychiatrie.fr\/?p=7807","title":{"rendered":"> Les 39 \u00e0 Jazz in Marciac 2015"},"content":{"rendered":"<p><a href=\"https:\/\/www.collectifpsychiatrie.fr\/wp-content\/uploads\/2015\/07\/Unknown1.jpeg\"><img loading=\"lazy\" decoding=\"async\" class=\"aligncenter size-full wp-image-7806\" src=\"https:\/\/www.collectifpsychiatrie.fr\/wp-content\/uploads\/2015\/07\/Unknown1.jpeg\" alt=\"Unknown\" width=\"183\" height=\"275\" \/><\/a><\/p>\n<p><strong>Samedi 1<sup>er<\/sup>\u00a0Ao\u00fbt 2015, 14h30 Salle des f\u00eates.<\/strong><\/p>\n<p><strong>\u00ab\u00a0Charles Mingus, la col\u00e8re cr\u00e9ative&#8230;\u00a0\u00bb<\/strong><\/p>\n<p>Conf\u00e9rence \u2013 d\u00e9bat avec Patrice Charbit, psychiatre\u2026 et musicien, et anim\u00e9 par Philippe Rassat psychiatre, du Collectif des 39.<\/p>\n<p>\u00ab\u00a0Ba coo pah chi pa doup la ca singala coupa la caah\u00a0!\u00a0\u00bb un, deux, et un, deux, trois, quatre. POW\u00a0!<\/p>\n<p>La pr\u00e9sence de Mingus, toujours massive, n\u2019est-elle pas le reflet du poids de l\u2019adversit\u00e9\u00a0? Sa basse n\u2019\u00e9tait-elle pas l\u2019instrument de noir qui lui permit de jouer \u00ab\u00a0slap\u00a0\u00bb et de gagner ainsi un peu d\u2019argent\u00a0? Il ne ferait jamais claquer un violoncelle, y avait de quoi se mettre en col\u00e8re, le classique, c\u2019\u00e9tait pour les blancs.<\/p>\n<p>L\u2019inventivit\u00e9 fut au rendez-vous mais serait-ce au prix de l\u2019amour\u00a0? Le destin des jazzmen \u00e9tait-il de se prostituer\u00a0? Fallait-il devenir souteneur pour rester pur\u00a0musicien? Mingus n\u2019a pas c\u00e9d\u00e9, au m\u00e9pris du syst\u00e8me et de ses oncles Tom. L\u2019amour, son diamant.<\/p>\n<p>Col\u00e8re, cr\u00e9ation, \u00ab\u00a0big band\u00a0\u00bb, grossi\u00e8ret\u00e9 quasi mystique, d\u00e9sespoir, \u00e9clats, puissance\u00a0: Mingus, un autre g\u00e9nie du jazz.<\/p>\n<p><strong>\u00a0Dimanche 2 ao\u00fbt\u00a0\u00a0\u00e0 14h30, salle Emir Kusturica, Cin\u00e9 JIM<\/strong><\/p>\n<p><strong>\u00ab\u00a0Chacun a son r\u00f4le\u00a0\u00bb, cr\u00e9ation th\u00e9\u00e2trale et psychiatrie.<\/strong><\/p>\n<p><strong>\u00a0Documentaire de Dominique C\u0153ur.\u00a0<\/strong><\/p>\n<p>Projection suivie d\u2019un d\u00e9bat anim\u00e9 par Monique Thizon psychiatre et Marie Cathelineau du Collectif des 39, \u00a0en pr\u00e9sence du r\u00e9alisateur, Dominique Coeur, et de Paul Machto, psychiatre.<\/p>\n<p>\u00ab\u00a0Chacun a son r\u00f4le\u00a0\u00bb, documentaire de Dominique C\u0153ur. Chronique d\u2019une cr\u00e9ation th\u00e9\u00e2trale singuli\u00e8re, cadre d\u2019une rencontre in\u00e9dite entre des personnes en difficult\u00e9 psychique fr\u00e9quentant un centre de jour en banlieue parisienne, des jeunes et des femmes en formation et en alphab\u00e9tisation d\u2019une cit\u00e9, et des com\u00e9diens professionnels, r\u00e9unis dans une adaptation improbable du retour d\u2019Ulysse.<\/p>\n<p>Cr\u00e9ativit\u00e9, engagement, th\u00e9\u00e2tre, culture, th\u00e9rapeutique m\u00eal\u00e9s\u00a0?<\/p>\n<p>&nbsp;<\/p>\n<p><strong>\u00a0<\/strong><strong>Lundi 3 ao\u00fbt 2015 \u00e0 14h30 Salle des f\u00eates.<\/strong><\/p>\n<p><strong>\u00ab\u00a0De l\u2019\u00e9coute\u00a0! \u00bb<\/strong><\/p>\n<p>Projection-d\u00e9bat du film de Philippe Letty en pr\u00e9sence du r\u00e9alisateur et d\u2019un membre de l\u2019association de patients \u00ab\u00a0HumaPsy\u00a0\u00bb. D\u00e9bat anim\u00e9 par Simone Molina, psychologue, Anne Rosenberg, psychiatre, du Collectif des 39.<\/p>\n<p>&nbsp;<\/p>\n<p>Directement concern\u00e9s par les maladies psychiques, ils ont cr\u00e9\u00e9 une association, \u00ab\u00a0HumaPsy\u00a0\u00bb, pour que le soin qui reconnait une place \u00e0 leur parole, ne disparaisse pas. Ce film est n\u00e9 de leur envie de participer au d\u00e9bat public.<\/p>\n<p>Voix dissonante parmi les associations d&rsquo;usagers agr\u00e9\u00e9es qui semblent toutes adh\u00e9rer \u00e0 la d\u00e9finition exclusivement neurobiologique des troubles mentaux, conception des maladies qui les inqui\u00e8te car elle retire toute l\u00e9gitimit\u00e9 \u00e0 l&rsquo;expression de la souffrance ou de la r\u00e9volte, et a pour seule ambition la normalisation des comportements. R\u00e9solument engag\u00e9s, non d\u00e9nu\u00e9s d\u2019humour, ils invitent les citoyens \u00e0 d\u00e9battre de cette question essentielle et complexe, comment (se) soigner\u00a0?<\/p>\n<p>&nbsp;<\/p>\n","protected":false},"excerpt":{"rendered":"<p>Samedi 1er\u00a0Ao\u00fbt 2015, 14h30 Salle des f\u00eates. \u00ab\u00a0Charles Mingus, la col\u00e8re cr\u00e9ative&#8230;\u00a0\u00bb Conf\u00e9rence \u2013 d\u00e9bat avec Patrice Charbit, psychiatre\u2026 et musicien, et anim\u00e9 par Philippe Rassat psychiatre, du Collectif des 39. \u00ab\u00a0Ba coo pah chi pa doup la ca singala coupa la caah\u00a0!\u00a0\u00bb un, deux, et un, deux, trois, quatre. POW\u00a0! La pr\u00e9sence de Mingus, &hellip; <a href=\"https:\/\/www.collectifpsychiatrie.fr\/?p=7807\" class=\"more-link\">Continuer la lecture de <span class=\"screen-reader-text\">> Les 39 \u00e0 Jazz in Marciac 2015<\/span>  <span class=\"meta-nav\">&rarr;<\/span><\/a><\/p>\n","protected":false},"author":8,"featured_media":0,"comment_status":"closed","ping_status":"open","sticky":false,"template":"","format":"standard","meta":{"footnotes":""},"categories":[3],"tags":[],"class_list":["post-7807","post","type-post","status-publish","format-standard","hentry","category-calendrier"],"_links":{"self":[{"href":"https:\/\/www.collectifpsychiatrie.fr\/index.php?rest_route=\/wp\/v2\/posts\/7807","targetHints":{"allow":["GET"]}}],"collection":[{"href":"https:\/\/www.collectifpsychiatrie.fr\/index.php?rest_route=\/wp\/v2\/posts"}],"about":[{"href":"https:\/\/www.collectifpsychiatrie.fr\/index.php?rest_route=\/wp\/v2\/types\/post"}],"author":[{"embeddable":true,"href":"https:\/\/www.collectifpsychiatrie.fr\/index.php?rest_route=\/wp\/v2\/users\/8"}],"replies":[{"embeddable":true,"href":"https:\/\/www.collectifpsychiatrie.fr\/index.php?rest_route=%2Fwp%2Fv2%2Fcomments&post=7807"}],"version-history":[{"count":1,"href":"https:\/\/www.collectifpsychiatrie.fr\/index.php?rest_route=\/wp\/v2\/posts\/7807\/revisions"}],"predecessor-version":[{"id":7808,"href":"https:\/\/www.collectifpsychiatrie.fr\/index.php?rest_route=\/wp\/v2\/posts\/7807\/revisions\/7808"}],"wp:attachment":[{"href":"https:\/\/www.collectifpsychiatrie.fr\/index.php?rest_route=%2Fwp%2Fv2%2Fmedia&parent=7807"}],"wp:term":[{"taxonomy":"category","embeddable":true,"href":"https:\/\/www.collectifpsychiatrie.fr\/index.php?rest_route=%2Fwp%2Fv2%2Fcategories&post=7807"},{"taxonomy":"post_tag","embeddable":true,"href":"https:\/\/www.collectifpsychiatrie.fr\/index.php?rest_route=%2Fwp%2Fv2%2Ftags&post=7807"}],"curies":[{"name":"wp","href":"https:\/\/api.w.org\/{rel}","templated":true}]}}