{"id":7812,"date":"2015-08-06T08:07:45","date_gmt":"2015-08-06T08:07:45","guid":{"rendered":"http:\/\/www.collectifpsychiatrie.fr\/?p=7812"},"modified":"2015-08-07T04:58:51","modified_gmt":"2015-08-07T04:58:51","slug":"colloque-des-39-au-senat-le-9-septembre-2015","status":"publish","type":"post","link":"https:\/\/www.collectifpsychiatrie.fr\/?p=7812","title":{"rendered":"> Colloque des 39 au S\u00e9nat le 9 septembre 2015"},"content":{"rendered":"<p><a href=\"https:\/\/www.collectifpsychiatrie.fr\/wp-content\/uploads\/2014\/07\/P10704771.jpg\"><img loading=\"lazy\" decoding=\"async\" class=\"aligncenter size-medium wp-image-7249\" src=\"https:\/\/www.collectifpsychiatrie.fr\/wp-content\/uploads\/2014\/07\/P10704771-296x300.jpg\" alt=\"39\" width=\"296\" height=\"300\" \/><\/a><strong>NEWSLETTER DES 39 <\/strong><\/p>\n<p><strong>Colloque des 39 au S\u00e9nat (premi\u00e8re annonce)<\/strong><\/p>\n<p><strong>le 09 septembre \u00a02015<br \/>\nde 13h30 \u00e0 18h00. <\/strong><\/p>\n<p>Dans le cadre de l\u2019examen du projet de modernisation de la loi de sant\u00e9 par le S\u00e9nat en septembre, projet adopt\u00e9 en premi\u00e8re lecture \u00e0 l\u2019assembl\u00e9e nationale et apr\u00e8s l\u2019audition du 06 juillet au S\u00e9nat d\u2019une d\u00e9l\u00e9gation compos\u00e9e de membres des 39, du Fil Conducteur et de patients, ainsi que des actions et contributions aupr\u00e8s des commissions parlementaires depuis le meeting du 01 novembre 2014,<\/p>\n<p><em>le collectif des 39 organise et anime le 09 septembre apr\u00e8s-midi au S\u00e9nat un colloque \u00e0 notre demande, colloque parrain\u00e9 par la s\u00e9natrice Aline Archimbaud afin de pr\u00e9senter les arguments critiques dans cette loi relatifs \u00e0 la psychiatrie, au m\u00e9dico-social, \u00e0 la prise en compte des patients et faire part de propositions pour continuer de d\u00e9fendre une hospitalit\u00e9 pour la folie aupr\u00e8s des parlementaires et des journalistes qui r\u00e9pondront \u00e0 notre invitation.<\/em><\/p>\n<p>Dans ce qui se dessine l\u2019hospitalit\u00e9 pour la folie n\u2019est plus de mise, la souffrance humaine est annul\u00e9e. C\u2019est la dignit\u00e9 de chacun qui est bafou\u00e9e et la d\u00e9mocratie touch\u00e9e et amoindrie une fois de plus.<\/p>\n<p>Ce projet de loi sous couvert de modernisation et de meilleure gestion a r\u00e9ussi \u00e0 faire unit\u00e9 de d\u00e9saccord \u00e0 la fois des professionnels et de leurs organisations, ainsi que de bon nombre d\u2019associations de patients lors des auditions pr\u00e9alables dans les mois pr\u00e9c\u00e9dents.<\/p>\n<p>Quand les r\u00e9alit\u00e9s de travail des \u00e9quipes se vivent au quotidien des postes non remplac\u00e9s, des ateliers d\u2019expressions culturelles qui sont ferm\u00e9s, des listes d\u2019attentes pour un premier rendez-vous possible souvent plusieurs mois apr\u00e8s en p\u00e9dopsychiatrie notamment, des contentions qui se multiplient (alors qu\u2019elles sont d\u00e9nonc\u00e9es) dans les chambres d\u2019isolement d\u00e9sormais renomm\u00e9es \u00ab\u00a0chambre de soins intensifs \u00bb\u00a0;<\/p>\n<p>Ce projet de loi fait fi de l\u2019histoire de la clinique psychiatrique, de ses acquis et de ses recherches et d\u00e9nie la dimension du sujet dans l\u2019expression de ses souffrances. La modernisation est au tempo de la biopsychiatrie, de l\u2019\u00e9radication des sympt\u00f4mes et de la rentabilit\u00e9 \u00e9conomique.<\/p>\n<p>Le secteur du m\u00e9dico-social prend le m\u00eame chemin et les r\u00e9formes annonc\u00e9es des m\u00e9tiers du social sont pens\u00e9es et construites sur les m\u00eames approches.<\/p>\n<p><strong>Ce colloque de quatre heures s\u2019organisera autour de trois tables rondes <\/strong><\/p>\n<p>Dont les th\u00e8mes ont \u00e9t\u00e9 d\u00e9cid\u00e9s lors de la r\u00e9union mensuelle du collectif du 04 juillet dernier. Chaque table ronde d\u2019une heure trente environ permettra de pr\u00e9senter pendant quarante cinq minutes les \u00e9l\u00e9ments essentiels de nos propositions et d\u2019\u00e9changer avec les parlementaires pr\u00e9sents ainsi que les journalistes et les participants. Les th\u00e9matiques des trois tables rondes retenues\u00a0sont celles-ci\u00a0:<\/p>\n<p>&#8211; <strong>Pour l\u2019hospitalit\u00e9 de la folie, non \u00e0 la contention<\/strong><strong>.<\/strong><\/p>\n<p>&#8211; <strong>La p\u00e9dopsychiatrie<\/strong> <em>(titre \u00e0 pr\u00e9ciser)<\/em><\/p>\n<p>&#8211; <strong>Espaces citoyens pour les patients<\/strong> (clubs, assos\u2026) <em>(titre \u00e0 pr\u00e9ciser)<\/em><\/p>\n<p><strong>\u00a0<\/strong>Chaque table ronde est pr\u00e9par\u00e9e par un petit groupe et l\u2019organisation globale du colloque est assur\u00e9e par quelques-uns d\u2019entre nous.<\/p>\n<p>Si parmi vous qui lisez cette lettre, certains ont des contacts avec des parlementaires, d\u00e9put\u00e9s ou s\u00e9nateurs, n\u2019h\u00e9sitez pas \u00e0 leur en parler et \u00e0 nous communiquer leurs coordonn\u00e9es \u00e0 cette adresse (<a href=\"mailto:dodam22@orange.fr\">dodam22@orange.fr<\/a>) avant le 31\/08\/15 si vous pensez que leur pr\u00e9sence peut \u00eatre importante. D\u00e9j\u00e0 Denys Robiliard nous a confirm\u00e9 sa pr\u00e9sence.<\/p>\n<p>Pour plus de renseignements, le programme d\u00e9finitif de ce colloque sera consultable sur le site des 39 \u00e0 la fin du mois d\u2019ao\u00fbt.<\/p>\n<p>&nbsp;<\/p>\n<p>&nbsp;<\/p>\n<p>&nbsp;<\/p>\n<p>&nbsp;<\/p>\n<p>&nbsp;<\/p>\n<p><strong><em>\u00a0<\/em><\/strong><\/p>\n<p><strong>\u00a0<\/strong><\/p>\n<p>&nbsp;<\/p>\n","protected":false},"excerpt":{"rendered":"<p>NEWSLETTER DES 39 Colloque des 39 au S\u00e9nat (premi\u00e8re annonce) le 09 septembre \u00a02015 de 13h30 \u00e0 18h00. Dans le cadre de l\u2019examen du projet de modernisation de la loi de sant\u00e9 par le S\u00e9nat en septembre, projet adopt\u00e9 en premi\u00e8re lecture \u00e0 l\u2019assembl\u00e9e nationale et apr\u00e8s l\u2019audition du 06 juillet au S\u00e9nat d\u2019une d\u00e9l\u00e9gation &hellip; <a href=\"https:\/\/www.collectifpsychiatrie.fr\/?p=7812\" class=\"more-link\">Continuer la lecture de <span class=\"screen-reader-text\">> Colloque des 39 au S\u00e9nat le 9 septembre 2015<\/span>  <span class=\"meta-nav\">&rarr;<\/span><\/a><\/p>\n","protected":false},"author":8,"featured_media":0,"comment_status":"closed","ping_status":"open","sticky":false,"template":"","format":"standard","meta":{"footnotes":""},"categories":[3],"tags":[],"class_list":["post-7812","post","type-post","status-publish","format-standard","hentry","category-calendrier"],"_links":{"self":[{"href":"https:\/\/www.collectifpsychiatrie.fr\/index.php?rest_route=\/wp\/v2\/posts\/7812","targetHints":{"allow":["GET"]}}],"collection":[{"href":"https:\/\/www.collectifpsychiatrie.fr\/index.php?rest_route=\/wp\/v2\/posts"}],"about":[{"href":"https:\/\/www.collectifpsychiatrie.fr\/index.php?rest_route=\/wp\/v2\/types\/post"}],"author":[{"embeddable":true,"href":"https:\/\/www.collectifpsychiatrie.fr\/index.php?rest_route=\/wp\/v2\/users\/8"}],"replies":[{"embeddable":true,"href":"https:\/\/www.collectifpsychiatrie.fr\/index.php?rest_route=%2Fwp%2Fv2%2Fcomments&post=7812"}],"version-history":[{"count":4,"href":"https:\/\/www.collectifpsychiatrie.fr\/index.php?rest_route=\/wp\/v2\/posts\/7812\/revisions"}],"predecessor-version":[{"id":7816,"href":"https:\/\/www.collectifpsychiatrie.fr\/index.php?rest_route=\/wp\/v2\/posts\/7812\/revisions\/7816"}],"wp:attachment":[{"href":"https:\/\/www.collectifpsychiatrie.fr\/index.php?rest_route=%2Fwp%2Fv2%2Fmedia&parent=7812"}],"wp:term":[{"taxonomy":"category","embeddable":true,"href":"https:\/\/www.collectifpsychiatrie.fr\/index.php?rest_route=%2Fwp%2Fv2%2Fcategories&post=7812"},{"taxonomy":"post_tag","embeddable":true,"href":"https:\/\/www.collectifpsychiatrie.fr\/index.php?rest_route=%2Fwp%2Fv2%2Ftags&post=7812"}],"curies":[{"name":"wp","href":"https:\/\/api.w.org\/{rel}","templated":true}]}}