{"id":7835,"date":"2015-09-02T12:57:33","date_gmt":"2015-09-02T12:57:33","guid":{"rendered":"http:\/\/www.collectifpsychiatrie.fr\/?p=7835"},"modified":"2020-11-29T15:43:37","modified_gmt":"2020-11-29T15:43:37","slug":"colloque-au-senat-9092015","status":"publish","type":"post","link":"https:\/\/www.collectifpsychiatrie.fr\/?p=7835","title":{"rendered":"COLLOQUE AU SENAT 9\/09\/2015"},"content":{"rendered":"<p><strong>Il n&rsquo;y a pas de places pour cet apr\u00e8s-midi. C&rsquo;est une rencontre pour s&rsquo;adresser aux s\u00e9nateurs et parlementaires dans le cadre de la loi qui est discut\u00e9e. Ce n&rsquo;est pas un meeting. \u00a0Nous rendrons compte au plus vite et des textes des interventions seront mis sur le site , vous pourrez ainsi en prendre connaissance.<\/strong><\/p>\n<p><strong>COLLOQUE AU SENAT<\/strong><strong>\u00a0&#8211; \u00a0\u00bb 39 ALERTE\u00a0\u00bb<\/strong>\u00a0<\/p>\n<p>Salle Gaston Monnerville,<strong>\u00a0 Mercredi 9 septembre 2015<\/strong><\/p>\n<p>\u00a0organis\u00e9 par Le Collectif des 39,\u00a0en collaboration avec l&rsquo;association HUMAPSY et le Collectif LE FIL CONDUCTEUR,\u00a0sous le parrainage de Madame Aline ARCHIMBAUD,\u00a0S\u00e9natrice de Seine Saint Denis.<\/p>\n<p>Programme :<!--more--><\/p>\n<p><strong>13h30 \u00a0&#8211; <\/strong><em>Accueil<\/em><\/p>\n<p><strong>13H45\u00a0 &#8211; <\/strong><em>Introduction<\/em><strong> :\u00a0Philippe Bichon<\/strong>, Psychiatre, (Cour-Cheverny)<\/p>\n<p><strong>14H &#8211; Alerte : un enfant risque de ne plus \u00eatre soign\u00e9 ? \u00a0<\/strong><\/p>\n<p>Nous voulons alerter les \u00e9lus sur la d\u00e9gradation progressive de l\u2019accueil et de la prise en charge de la souffrance psychique des enfants. Comment et pourquoi la sur-m\u00e9dication croissante ? Comment et pourquoi la g\u00e9n\u00e9ralisation du handicap ? Comment et pourquoi la destruction des structures de soin ? Comment et pourquoi la sur-administration des m\u00e9thodes de soins elles-m\u00eames ?<\/p>\n<p>Anim\u00e9 par <strong>Philippe Rassat<\/strong>, P\u00e9dopsychiatre, (Cognac 16-Mussidan 24) avec <strong>Sandrine Deloche<\/strong>, P\u00e9dopsychiatre, (Paris), <strong>Carlos Parada<\/strong>, P\u00e9dopsychiatre (Fontenay sous bois),\u00a0\u00a0<strong>Fran\u00e7ois Gonon<\/strong>,\u00a0Neurobiologiste, directeur de recherche \u00e9m\u00e9rite CNRS (Bordeaux)<strong>,\u00a0Mireille Battut<\/strong>, Pr\u00e9sidente de l&rsquo;association\u00a0La main \u00e0 l\u2019oreille (Paris)<\/p>\n<p><strong>15H15 <\/strong>&#8211; <strong>Pour l\u2019hospitalit\u00e9 de la folie, non \u00e0 la contention !<\/strong><\/p>\n<p>Comment lutter contre la banalisation des pratiques de contention ? De quoi sont-elles le signe ? Quelles propositions et quelles alternatives sont \u00e0 soutenir en solidarit\u00e9 avec les \u00e9quipes soignantes pour construire une autre psychiatrie accueillante pour la folie ?<\/p>\n<p>Anim\u00e9 par <strong>Alexandra de Seguin<\/strong>, Psychiatre ( Longjumeau 91), avec <strong>Herv\u00e9 Bokobza<\/strong>, Psychiatre ( Montpellier ) <strong>Christian Lamotte<\/strong>, membre du Collectif Le Fil Conducteur, <strong>Thierry Najman<\/strong>, Psychiatre, chef de p\u00f4le (Moisselles 95), \u00a0<strong>Guy Dana<\/strong>, Psychiatre- Psychanalyste, chef de service (Longjumeau 91), <strong>Serge Klopp<\/strong>, Cadre de sant\u00e9 (Neuilly sur Marne 93), <strong>Yves Gigou<\/strong>, Cadre Infirmier, 94, <strong>Jacques Mairesse<\/strong>,Psychiatre (Paris), <strong>Dominique Besnard<\/strong>, Psychologue Clinicien, (Quimper), Un membre \u00a0de <strong>l&rsquo;association HumaPsy<\/strong><\/p>\n<p><strong>16H30 \u00a0 \u00a0 Quels espaces citoyens pour les patients dans les \u00e9tablissements\u00a0du sanitaire et du m\u00e9dicosocial ?<\/strong><\/p>\n<p>La discontinuit\u00e9 des soins et des accompagnements, la rupture de l\u2019alliance th\u00e9rapeutique sont-elles les causes de la contrainte et de la contention abusive ? D\u2019autres alternatives sont possibles si on garde des secteurs de taille humaine avec une place possible pour les associations ouvertes \u00e0 la parole des patients et des soignants.<\/p>\n<p>Anim\u00e9 par <strong>Paul Machto<\/strong> Psychiatre &#8211; Psychanalyste (Montfermeil 93), avec\u00a0<strong>Victoire Mabit<\/strong>, Membre du Collectif Le Fil Conducteur, <strong>Jean-Michel de Chaise Martin<\/strong>, Psychiatre, Chef de service (Landerneau 29), <strong>Matthieu Dissert<\/strong>, Pr\u00e9sident de l&rsquo;association HumaPsy, \u00a0<strong>Patrick Chemla<\/strong>, Psychiatre &#8211; Psychanalyste, Chef de service, (Reims)<\/p>\n<p><strong>\u00a0<\/strong><strong>17H45\u00a0&#8211; Conclusion :\u00a0\u00a0Herv\u00e9 Bokobza<\/strong>, Psychiatre (Montpellier)<\/p>\n<p>\u00a0<\/p>\n\n\n<figure class=\"wp-block-image is-resized\"><img loading=\"lazy\" decoding=\"async\" src=\"https:\/\/www.collectifpsychiatrie.fr\/wp-content\/uploads\/2015\/09\/logo39BleuRond.png\" alt=\"\" class=\"wp-image-9031\" width=\"100\" height=\"101\" srcset=\"https:\/\/www.collectifpsychiatrie.fr\/wp-content\/uploads\/2015\/09\/logo39BleuRond.png 398w, https:\/\/www.collectifpsychiatrie.fr\/wp-content\/uploads\/2015\/09\/logo39BleuRond-150x150.png 150w, https:\/\/www.collectifpsychiatrie.fr\/wp-content\/uploads\/2015\/09\/logo39BleuRond-296x300.png 296w\" sizes=\"auto, (max-width: 100px) 100vw, 100px\" \/><\/figure>\n","protected":false},"excerpt":{"rendered":"<p>Il n&rsquo;y a pas de places pour cet apr\u00e8s-midi. C&rsquo;est une rencontre pour s&rsquo;adresser aux s\u00e9nateurs et parlementaires dans le cadre de la loi qui est discut\u00e9e. Ce n&rsquo;est pas un meeting. \u00a0Nous rendrons compte au plus vite et des textes des interventions seront mis sur le site , vous pourrez ainsi en prendre connaissance. &hellip; <a href=\"https:\/\/www.collectifpsychiatrie.fr\/?p=7835\" class=\"more-link\">Continuer la lecture de <span class=\"screen-reader-text\">COLLOQUE AU SENAT 9\/09\/2015<\/span>  <span class=\"meta-nav\">&rarr;<\/span><\/a><\/p>\n","protected":false},"author":8,"featured_media":0,"comment_status":"closed","ping_status":"open","sticky":false,"template":"","format":"standard","meta":{"footnotes":""},"categories":[6,25],"tags":[],"class_list":["post-7835","post","type-post","status-publish","format-standard","hentry","category-evenements","category-meetings"],"_links":{"self":[{"href":"https:\/\/www.collectifpsychiatrie.fr\/index.php?rest_route=\/wp\/v2\/posts\/7835","targetHints":{"allow":["GET"]}}],"collection":[{"href":"https:\/\/www.collectifpsychiatrie.fr\/index.php?rest_route=\/wp\/v2\/posts"}],"about":[{"href":"https:\/\/www.collectifpsychiatrie.fr\/index.php?rest_route=\/wp\/v2\/types\/post"}],"author":[{"embeddable":true,"href":"https:\/\/www.collectifpsychiatrie.fr\/index.php?rest_route=\/wp\/v2\/users\/8"}],"replies":[{"embeddable":true,"href":"https:\/\/www.collectifpsychiatrie.fr\/index.php?rest_route=%2Fwp%2Fv2%2Fcomments&post=7835"}],"version-history":[{"count":9,"href":"https:\/\/www.collectifpsychiatrie.fr\/index.php?rest_route=\/wp\/v2\/posts\/7835\/revisions"}],"predecessor-version":[{"id":9058,"href":"https:\/\/www.collectifpsychiatrie.fr\/index.php?rest_route=\/wp\/v2\/posts\/7835\/revisions\/9058"}],"wp:attachment":[{"href":"https:\/\/www.collectifpsychiatrie.fr\/index.php?rest_route=%2Fwp%2Fv2%2Fmedia&parent=7835"}],"wp:term":[{"taxonomy":"category","embeddable":true,"href":"https:\/\/www.collectifpsychiatrie.fr\/index.php?rest_route=%2Fwp%2Fv2%2Fcategories&post=7835"},{"taxonomy":"post_tag","embeddable":true,"href":"https:\/\/www.collectifpsychiatrie.fr\/index.php?rest_route=%2Fwp%2Fv2%2Ftags&post=7835"}],"curies":[{"name":"wp","href":"https:\/\/api.w.org\/{rel}","templated":true}]}}