{"id":8037,"date":"2015-10-24T15:29:23","date_gmt":"2015-10-24T15:29:23","guid":{"rendered":"http:\/\/www.collectifpsychiatrie.fr\/?p=8037"},"modified":"2015-10-25T19:18:30","modified_gmt":"2015-10-25T19:18:30","slug":"deranger-creation-theatrale","status":"publish","type":"post","link":"https:\/\/www.collectifpsychiatrie.fr\/?p=8037","title":{"rendered":"> D\u00e9ranger, cr\u00e9ation th\u00e9\u00e2trale"},"content":{"rendered":"<p>&nbsp;<\/p>\n<p><a href=\"https:\/\/www.collectifpsychiatrie.fr\/wp-content\/uploads\/2015\/10\/Flyer_DRG_recto__-_copie.jpg\">\u00c9dition : Contes de la folie ordinaire &#8211; M\u00e9diapart<br \/>\nCar un homme qui crie n&rsquo;est pas un ours qui danse<br \/>\nPAR PAUL MACHTO<img loading=\"lazy\" decoding=\"async\" class=\"aligncenter size-medium wp-image-8040\" src=\"https:\/\/www.collectifpsychiatrie.fr\/wp-content\/uploads\/2015\/10\/Flyer_DRG_recto__-_copie-214x300.jpg\" alt=\"Flyer_DRG_recto__-_copie\" width=\"214\" height=\"300\" srcset=\"https:\/\/www.collectifpsychiatrie.fr\/wp-content\/uploads\/2015\/10\/Flyer_DRG_recto__-_copie-214x300.jpg 214w, https:\/\/www.collectifpsychiatrie.fr\/wp-content\/uploads\/2015\/10\/Flyer_DRG_recto__-_copie.jpg 424w\" sizes=\"auto, (max-width: 214px) 100vw, 214px\" \/><\/a><\/p>\n<p>\u00ab D\u00e9ranger \u00bb. Un spectacle fou, litt\u00e9raire, populaire\u2026 et curatif \u00e0 la fois ! Une plong\u00e9e dans l\u2019ordinaire folie d\u2019une unit\u00e9 de soins psychiatriques, un jour comme tant d\u2019autres. Enfin pas tout \u00e0 fait : les alertes attentats se r\u00e9pandent sur les ondes et le service organise son gala de charit\u00e9. Salle Jacques Brel \u00e0 Pantin les 6, 7 et 8 novembre 2015.<\/p>\n<p>Voir l&rsquo;article: <a href=\"http:\/\/blogs.mediapart.fr\/edition\/contes-de-la-folie-ordinaire\/article\/161015\/car-un-homme-qui-crie-nest-pas-un-ours-qui-danse\">ICI<\/a><\/p>\n<p>&nbsp;<\/p>\n<p><a href=\"https:\/\/www.collectifpsychiatrie.fr\/wp-content\/uploads\/2015\/10\/DSC057994.jpg\">Communiqu\u00e9 de presse 22 octobre 2015<\/a><\/p>\n<p><a href=\"https:\/\/www.collectifpsychiatrie.fr\/wp-content\/uploads\/2015\/10\/DSC057994.jpg\"> Bureau de presse Sabine Arman \u2013 info@sabinearman.com<br \/>\n01 44 52 80 80 \u2013 06 15 15 22 24<br \/>\nCREATION D\u00c9RANGER car un homme qui crie n\u2019est pas un ours qui danse de Guy Benisty &#8211; Cie Le GITHEC<br \/>\nVendredi 6, samedi 7 novembre, 20h30 Dimanche 8 novembre, 16h Salle Jacques Brel 42 avenue \u00c9douard Vaillant Ligne 7 &#8211; M\u00b0 Aubervilliers \u2013 Pantin \u2013 Quatre Chemins Tarif A : de 3 \u00e0 18\u20ac \/<br \/>\nDur\u00e9e : 2h \/<br \/>\n01 49 15 41 70<br \/>\nLe th\u00e9\u00e2tre en plein coeur Le GITHEC, Groupe d\u02bcIntervention \u00a0Th\u00e9\u00e2tral et Cin\u00e9matographique, cr\u00e9\u00e9 en 1993 et bas\u00e9 \u00e0 la Maison de quartier des Courtilli\u00e8res \u00e0 Pantin, r\u00e9unit professionnels et amateurs en vue de r\u00e9aliser des oeuvres th\u00e9\u00e2trales originales avec et en direction d\u02bcun public souvent absent des salles de spectacles. La saison culturelle de la ville de Pantin soutient cette compagnie qui partage le m\u00eame combat culturel qu\u2019elle, \u00e0 savoir, d\u00e9cloisonner la culture afin de la rendre accessible \u00e0 tous. Elle programme la nouvelle cr\u00e9ation du Githec D\u00e9ranger les 6, 7 et 8 novembre 2015 \u00e0 la salle Jacques Brel. Au coeur de ce que l\u2019on nomme pudiquement \u00ab exclusion sociale \u00bb, le travail de Guy Benisty envisage un th\u00e9\u00e2tre puissant qui garde serr\u00e9 dans une m\u00eame force son app\u00e9tit esth\u00e9tique et ses aspirations populaires. Au rythme du quotidien, ancr\u00e9 dans la r\u00e9alit\u00e9 de la ville, le th\u00e9\u00e2tre du GITHEC se place dans un lieu favorable \u00e0 la cr\u00e9ation : \u00e0 l\u2019\u00e9coute du monde. D\u00e9ranger est une cr\u00e9ation ambitieuse qui nous plonge dans l\u2019ordinaire folie d\u2019une unit\u00e9 de soins psychiatriques. Des patients des centres psychiatriques du 93, des jeunes du quartier des Courtilli\u00e8res, des musiciens, et des com\u00e9diens de la Compagnie partagent le plateau transform\u00e9, dans un dispositif bi-frontal, en couloir hospitalier. Les urgences se multiplient, les vies et les d\u00e9lires s\u2019entrechoquent. Comme au PMU, les spectateurs doivent parier sur une course, course de rats, ici, organis\u00e9e en direct sur sc\u00e8ne, et avec chaque soir une tablette num\u00e9rique \u00e0 gagner. Depuis huit ans, Guy Benisty a collect\u00e9 de nombreuses histoires de vies lors des ateliers r\u00e9alis\u00e9s avec l\u2019\u00c9tablissement Public de Sant\u00e9 de la Ville-Evrard et Le Centre de jour de Clichy-sous-Bois-Montfermeil. Ces rencontres l\u2019ont men\u00e9 \u00e0 \u00e9crire D\u00e9ranger. Un th\u00e9\u00e2tre, en plein coeur des quartiers populaires, participatif et vivant, en hommage \u00e0 la folie du monde et des \u00eatres. Retrouvez toute la saison culturelle de la ville de Pantin sur www.ville-pantin.fr<img loading=\"lazy\" decoding=\"async\" class=\"alignleft size-medium wp-image-8036\" src=\"https:\/\/www.collectifpsychiatrie.fr\/wp-content\/uploads\/2015\/10\/DSC057994-300x199.jpg\" alt=\"DSC05799\" width=\"300\" height=\"199\" srcset=\"https:\/\/www.collectifpsychiatrie.fr\/wp-content\/uploads\/2015\/10\/DSC057994-300x199.jpg 300w, https:\/\/www.collectifpsychiatrie.fr\/wp-content\/uploads\/2015\/10\/DSC057994.jpg 640w\" sizes=\"auto, (max-width: 300px) 100vw, 300px\" \/><\/a><\/p>\n","protected":false},"excerpt":{"rendered":"<p>&nbsp; \u00c9dition : Contes de la folie ordinaire &#8211; M\u00e9diapart Car un homme qui crie n&rsquo;est pas un ours qui danse PAR PAUL MACHTO \u00ab D\u00e9ranger \u00bb. Un spectacle fou, litt\u00e9raire, populaire\u2026 et curatif \u00e0 la fois ! Une plong\u00e9e dans l\u2019ordinaire folie d\u2019une unit\u00e9 de soins psychiatriques, un jour comme tant d\u2019autres. Enfin pas &hellip; <a href=\"https:\/\/www.collectifpsychiatrie.fr\/?p=8037\" class=\"more-link\">Continuer la lecture de <span class=\"screen-reader-text\">> D\u00e9ranger, cr\u00e9ation th\u00e9\u00e2trale<\/span>  <span class=\"meta-nav\">&rarr;<\/span><\/a><\/p>\n","protected":false},"author":8,"featured_media":0,"comment_status":"closed","ping_status":"open","sticky":false,"template":"","format":"standard","meta":{"footnotes":""},"categories":[22,5],"tags":[],"class_list":["post-8037","post","type-post","status-publish","format-standard","hentry","category-articles-et-communiques-de-presse","category-culture"],"_links":{"self":[{"href":"https:\/\/www.collectifpsychiatrie.fr\/index.php?rest_route=\/wp\/v2\/posts\/8037","targetHints":{"allow":["GET"]}}],"collection":[{"href":"https:\/\/www.collectifpsychiatrie.fr\/index.php?rest_route=\/wp\/v2\/posts"}],"about":[{"href":"https:\/\/www.collectifpsychiatrie.fr\/index.php?rest_route=\/wp\/v2\/types\/post"}],"author":[{"embeddable":true,"href":"https:\/\/www.collectifpsychiatrie.fr\/index.php?rest_route=\/wp\/v2\/users\/8"}],"replies":[{"embeddable":true,"href":"https:\/\/www.collectifpsychiatrie.fr\/index.php?rest_route=%2Fwp%2Fv2%2Fcomments&post=8037"}],"version-history":[{"count":4,"href":"https:\/\/www.collectifpsychiatrie.fr\/index.php?rest_route=\/wp\/v2\/posts\/8037\/revisions"}],"predecessor-version":[{"id":8042,"href":"https:\/\/www.collectifpsychiatrie.fr\/index.php?rest_route=\/wp\/v2\/posts\/8037\/revisions\/8042"}],"wp:attachment":[{"href":"https:\/\/www.collectifpsychiatrie.fr\/index.php?rest_route=%2Fwp%2Fv2%2Fmedia&parent=8037"}],"wp:term":[{"taxonomy":"category","embeddable":true,"href":"https:\/\/www.collectifpsychiatrie.fr\/index.php?rest_route=%2Fwp%2Fv2%2Fcategories&post=8037"},{"taxonomy":"post_tag","embeddable":true,"href":"https:\/\/www.collectifpsychiatrie.fr\/index.php?rest_route=%2Fwp%2Fv2%2Ftags&post=8037"}],"curies":[{"name":"wp","href":"https:\/\/api.w.org\/{rel}","templated":true}]}}