{"id":8046,"date":"2015-11-16T13:53:36","date_gmt":"2015-11-16T13:53:36","guid":{"rendered":"http:\/\/www.collectifpsychiatrie.fr\/?p=8046"},"modified":"2015-11-16T13:54:25","modified_gmt":"2015-11-16T13:54:25","slug":"communique-de-lappel-des-appels","status":"publish","type":"post","link":"https:\/\/www.collectifpsychiatrie.fr\/?p=8046","title":{"rendered":"> Communiqu\u00e9 de l\u2019Appel des appels"},"content":{"rendered":"<p>Nous partageons ce communiqu\u00e9 de<a href=\"http:\/\/appeldesappels.org\/\"> l\u2019Appel des appels<\/a><\/p>\n<p>Avec une infinie tristesse, nous avons appris les massacres dont la haine aveugle et sourde \u00e0 toute humanit\u00e9 s\u2019est rendue coupable. Oui nous sommes tristes, meurtris, r\u00e9volt\u00e9s et en col\u00e8re. Nous sommes affect\u00e9s par cette haine qui a atteint en priorit\u00e9 notre jeunesse. Oui nous revendiquons ces sentiments face \u00e0 de nouveaux fascismes qui c\u00e9l\u00e8brent la mort au nom de Dieu. Nous revendiquons la dignit\u00e9 et la libert\u00e9 pour tous les humains, oui tous les humains, m\u00eame ceux qui sont instrumentalis\u00e9s par un nihilisme abominable qui en fait des machines de mort. \u00c0 cette volont\u00e9 du n\u00e9ant qui \u00e9merge du chaos d\u2019un monde d\u00e9boussol\u00e9 nous devons tous ensemble opposer les valeurs humanistes, que l\u2019Appel des appels d\u00e9fend sp\u00e9cialement dans la pratique de nos m\u00e9tiers. Nous devons tous ensemble revendiquer les ambitions de la d\u00e9mocratie, de la vraie d\u00e9mocratie, celle des citoyens. Il faut prendre toute la mesure de ces propos de Camus, aux lendemains d\u2019autres massacres : \u00ab dans les temps d\u00e9chir\u00e9s ou chaotiques que nous vivons, l\u2019id\u00e9e qu\u2019on va r\u00e9parer tant de maux dus \u00e0 l\u2019argent, par une politique de confiance \u00e0 l\u2019\u00e9gard de l\u2019argent est une id\u00e9e pu\u00e9rile ou malheureuse. \u00bb \u00c0 l\u2019argent nous devons, tous, pr\u00e9f\u00e9rer cette libert\u00e9 dont nous avions pris l\u2019habitude, sans toujours nous rendre compte que nous avions aussi \u00e0 la d\u00e9fendre comme un bien sacr\u00e9. C\u2019est \u00e0 cette d\u00e9fense collective que nous devons, apr\u00e8s nos pleurs, nous atteler.<br \/>\nAujourd\u2019hui, au nom de l\u2019Appel des appels, toutes nos pens\u00e9es vont aux victimes, \u00e0 leurs familles, \u00e0 tous les proches, aux survivants de ces actes cruels, l\u00e2ches et barbares qui tentent de d\u00e9truire l\u2019humanit\u00e9 des hommes.<\/p>\n<p>Le Bureau de l&rsquo;Appel des appels<\/p>\n","protected":false},"excerpt":{"rendered":"<p>Nous partageons ce communiqu\u00e9 de l\u2019Appel des appels Avec une infinie tristesse, nous avons appris les massacres dont la haine aveugle et sourde \u00e0 toute humanit\u00e9 s\u2019est rendue coupable. Oui nous sommes tristes, meurtris, r\u00e9volt\u00e9s et en col\u00e8re. Nous sommes affect\u00e9s par cette haine qui a atteint en priorit\u00e9 notre jeunesse. Oui nous revendiquons ces &hellip; <a href=\"https:\/\/www.collectifpsychiatrie.fr\/?p=8046\" class=\"more-link\">Continuer la lecture de <span class=\"screen-reader-text\">> Communiqu\u00e9 de l\u2019Appel des appels<\/span>  <span class=\"meta-nav\">&rarr;<\/span><\/a><\/p>\n","protected":false},"author":8,"featured_media":0,"comment_status":"closed","ping_status":"open","sticky":false,"template":"","format":"standard","meta":{"footnotes":""},"categories":[22],"tags":[],"class_list":["post-8046","post","type-post","status-publish","format-standard","hentry","category-articles-et-communiques-de-presse"],"_links":{"self":[{"href":"https:\/\/www.collectifpsychiatrie.fr\/index.php?rest_route=\/wp\/v2\/posts\/8046","targetHints":{"allow":["GET"]}}],"collection":[{"href":"https:\/\/www.collectifpsychiatrie.fr\/index.php?rest_route=\/wp\/v2\/posts"}],"about":[{"href":"https:\/\/www.collectifpsychiatrie.fr\/index.php?rest_route=\/wp\/v2\/types\/post"}],"author":[{"embeddable":true,"href":"https:\/\/www.collectifpsychiatrie.fr\/index.php?rest_route=\/wp\/v2\/users\/8"}],"replies":[{"embeddable":true,"href":"https:\/\/www.collectifpsychiatrie.fr\/index.php?rest_route=%2Fwp%2Fv2%2Fcomments&post=8046"}],"version-history":[{"count":1,"href":"https:\/\/www.collectifpsychiatrie.fr\/index.php?rest_route=\/wp\/v2\/posts\/8046\/revisions"}],"predecessor-version":[{"id":8047,"href":"https:\/\/www.collectifpsychiatrie.fr\/index.php?rest_route=\/wp\/v2\/posts\/8046\/revisions\/8047"}],"wp:attachment":[{"href":"https:\/\/www.collectifpsychiatrie.fr\/index.php?rest_route=%2Fwp%2Fv2%2Fmedia&parent=8046"}],"wp:term":[{"taxonomy":"category","embeddable":true,"href":"https:\/\/www.collectifpsychiatrie.fr\/index.php?rest_route=%2Fwp%2Fv2%2Fcategories&post=8046"},{"taxonomy":"post_tag","embeddable":true,"href":"https:\/\/www.collectifpsychiatrie.fr\/index.php?rest_route=%2Fwp%2Fv2%2Ftags&post=8046"}],"curies":[{"name":"wp","href":"https:\/\/api.w.org\/{rel}","templated":true}]}}