{"id":8075,"date":"2016-02-12T09:25:23","date_gmt":"2016-02-12T09:25:23","guid":{"rendered":"http:\/\/www.collectifpsychiatrie.fr\/?p=8075"},"modified":"2016-02-14T19:51:13","modified_gmt":"2016-02-14T19:51:13","slug":"regards-croises-sur-nos-pratiques-montfavet-18-et-19-mars-2016","status":"publish","type":"post","link":"https:\/\/www.collectifpsychiatrie.fr\/?p=8075","title":{"rendered":"> Regards crois\u00e9s sur nos pratiques \u2013 Montfavet 18 et 19 mars 2016"},"content":{"rendered":"<p><strong>Regards crois\u00e9s sur nos pratiques \u2013 Montfavet 18 et 19 mars 2016<\/strong><\/p>\n<p>Partenariat Le Point de Capiton, l&rsquo;ECRPF et le Collectif des 39.<\/p>\n<p><strong>\u00a0<\/strong><strong>Journ\u00e9es du Point de Capiton<\/strong> \u2013 Conf\u00e9rences, Tables rondes et film.\u00a0\u00a0 (H\u00f4pital de Montfavet, Salle de spectacle et bureau des entr\u00e9es)<\/p>\n<p><strong>\u00a0<\/strong><strong>\u00ab\u00a0Regards crois\u00e9s sur nos pratiques\u00a0\u00bb<\/strong><\/p>\n<p><em>Croiser les regards<\/em> c\u2019est aller au-del\u00e0 de soi-m\u00eame, c\u2019est chercher \u00e0 dialoguer <em>pour inventer<\/em>.<\/p>\n<p>Car la pratique clinique s\u2019invente au quotidien, ou elle n\u2019est pas. Ainsi, il s\u2019agira au long de ces deux journ\u00e9es d\u2019interroger nos pratiques \u00e0 l\u2019aune de la clinique, que ces pratiques aient pour lieu d\u2019exercice l\u2019h\u00f4pital, un cabinet de ville ou un lieu culturel dans la Cit\u00e9. C\u2019est pourquoi depuis deux ann\u00e9es maintenant nous accueillons des praticiens et aussi des patients avec leurs exp\u00e9riences et leurs r\u00e9flexions afin de leur permettre de d\u00e9battre autant sur ce qui les enthousiasme que sur ce qui les scandalise.<\/p>\n<p>Le mot <em>scandale<\/em> \u00e9voque l\u2019objet plac\u00e9 en travers du chemin et qui fait tr\u00e9bucher. Tel est le point commun entre professionnels et ceux qu\u2019ici je nommerai des <em>patients<\/em>\u2013<em>citoyens\u00a0:<\/em> ce point d\u2019humanit\u00e9 qui est aussi point d\u2019incertitude. C\u2019est \u00e0 partir de ce point d\u2019incertitude, et avec bienveillance, que nous voulons interroger ensemble l\u2019ouverture ou la fermeture des portes, mais aussi celles des esprits et la fa\u00e7on de r\u00e9pondre aux protocoles, <!--more-->interroger la cr\u00e9ativit\u00e9 dans le soin ou encore la notion de transfert du c\u00f4t\u00e9 de l\u2019analyste comme du professionnel en institution, afin de prendre la mesure de nos engagements humains soumis \u00e0 la dimension de l\u2019inconscient et du R\u00e9el de la Folie plut\u00f4t qu\u2019aux diktats administratifs.<\/p>\n<p><em>Simone Molina, Pr\u00e9sidente du Point de Capiton, membre de l\u2019Inter-Associatif Europ\u00e9en de Psychanalyse.<\/em><\/p>\n<p><strong>\u00a0<\/strong><strong>Intervenants\u00a0:<\/strong><\/p>\n<p>Laurent Layet, Delphine Beraud\u00a0: Chef de p\u00f4le et infirmi\u00e8re aux UMD Montfavet<\/p>\n<p>Ren\u00e9 Pandelon, Veronique Alla\u00a0: Psychiatre et Infirmi\u00e8re aux Ateliers de Cr\u00e9ation de Montfavet<\/p>\n<p>Thierry Najman, Chef de p\u00f4le H\u00f4pital de Moisselle.<\/p>\n<p>Herv\u00e9 Bokobza, Psychiatre, membre du Collectif des 39.<\/p>\n<p>Jean Jacques Lottin\u00a0: Ancien directeur d\u2019\u00e9tudes de sant\u00e9 publique et mentale.<\/p>\n<p>Anne Bacci, Marie-Claude Taliana, Patricia Thaon, Alain Abrieu\u00a0: infirmi\u00e8res, psychologue et psychiatre au \u00a0CATTP Lou Bla\u00cf CH Edouard Toulouse Marseille<\/p>\n<p>H\u00e9l\u00e9ne G\u00e9raci\u00a0: Psychologue Clinicienne \u00e0 Marseille et Vice pr\u00e9sidente du Point de Capiton<\/p>\n<p>Bernard Bremond, Martine Bonamy, Lucia Ibanez-Marquez\u00a0: Psychanalystes<strong>\u00a0<\/strong><\/p>\n<p><strong>Renseignements, et inscriptions avant le 14 mars\u00a0: <a href=\"mailto:lepointdecapiton84@gmail.com\">lepointdecapiton84@gmail.com<\/a><\/strong><\/p>\n<p><strong>Possibilit\u00e9 de prise en charge Formation continue par l\u2019ECRPF, \u00a0partenaire de ces journ\u00e9es.<\/strong><\/p>\n","protected":false},"excerpt":{"rendered":"<p>Regards crois\u00e9s sur nos pratiques \u2013 Montfavet 18 et 19 mars 2016 Partenariat Le Point de Capiton, l&rsquo;ECRPF et le Collectif des 39. \u00a0Journ\u00e9es du Point de Capiton \u2013 Conf\u00e9rences, Tables rondes et film.\u00a0\u00a0 (H\u00f4pital de Montfavet, Salle de spectacle et bureau des entr\u00e9es) \u00a0\u00ab\u00a0Regards crois\u00e9s sur nos pratiques\u00a0\u00bb Croiser les regards c\u2019est aller au-del\u00e0 &hellip; <a href=\"https:\/\/www.collectifpsychiatrie.fr\/?p=8075\" class=\"more-link\">Continuer la lecture de <span class=\"screen-reader-text\">> Regards crois\u00e9s sur nos pratiques \u2013 Montfavet 18 et 19 mars 2016<\/span>  <span class=\"meta-nav\">&rarr;<\/span><\/a><\/p>\n","protected":false},"author":8,"featured_media":0,"comment_status":"closed","ping_status":"open","sticky":false,"template":"","format":"standard","meta":{"footnotes":""},"categories":[6],"tags":[],"class_list":["post-8075","post","type-post","status-publish","format-standard","hentry","category-evenements"],"_links":{"self":[{"href":"https:\/\/www.collectifpsychiatrie.fr\/index.php?rest_route=\/wp\/v2\/posts\/8075","targetHints":{"allow":["GET"]}}],"collection":[{"href":"https:\/\/www.collectifpsychiatrie.fr\/index.php?rest_route=\/wp\/v2\/posts"}],"about":[{"href":"https:\/\/www.collectifpsychiatrie.fr\/index.php?rest_route=\/wp\/v2\/types\/post"}],"author":[{"embeddable":true,"href":"https:\/\/www.collectifpsychiatrie.fr\/index.php?rest_route=\/wp\/v2\/users\/8"}],"replies":[{"embeddable":true,"href":"https:\/\/www.collectifpsychiatrie.fr\/index.php?rest_route=%2Fwp%2Fv2%2Fcomments&post=8075"}],"version-history":[{"count":3,"href":"https:\/\/www.collectifpsychiatrie.fr\/index.php?rest_route=\/wp\/v2\/posts\/8075\/revisions"}],"predecessor-version":[{"id":8084,"href":"https:\/\/www.collectifpsychiatrie.fr\/index.php?rest_route=\/wp\/v2\/posts\/8075\/revisions\/8084"}],"wp:attachment":[{"href":"https:\/\/www.collectifpsychiatrie.fr\/index.php?rest_route=%2Fwp%2Fv2%2Fmedia&parent=8075"}],"wp:term":[{"taxonomy":"category","embeddable":true,"href":"https:\/\/www.collectifpsychiatrie.fr\/index.php?rest_route=%2Fwp%2Fv2%2Fcategories&post=8075"},{"taxonomy":"post_tag","embeddable":true,"href":"https:\/\/www.collectifpsychiatrie.fr\/index.php?rest_route=%2Fwp%2Fv2%2Ftags&post=8075"}],"curies":[{"name":"wp","href":"https:\/\/api.w.org\/{rel}","templated":true}]}}