{"id":8079,"date":"2016-02-12T13:59:49","date_gmt":"2016-02-12T13:59:49","guid":{"rendered":"http:\/\/www.collectifpsychiatrie.fr\/?p=8079"},"modified":"2016-03-17T09:41:53","modified_gmt":"2016-03-17T09:41:53","slug":"appel-a-la-creation-dun-reseau-europeen-pour-une-sante-mentale-democratique","status":"publish","type":"post","link":"https:\/\/www.collectifpsychiatrie.fr\/?p=8079","title":{"rendered":"Appel \u00e0 la cr\u00e9ation d\u2019un R\u00e9seau Europ\u00e9en pour une Sant\u00e9 Mentale d\u00e9mocratique."},"content":{"rendered":"<p><a href=\"https:\/\/www.collectifpsychiatrie.fr\/wp-content\/uploads\/2016\/02\/56bd31904033a.png\"><img loading=\"lazy\" decoding=\"async\" class=\"aligncenter size-medium wp-image-8077\" src=\"https:\/\/www.collectifpsychiatrie.fr\/wp-content\/uploads\/2016\/02\/56bd31904033a-300x140.png\" alt=\"56bd31904033a\" width=\"300\" height=\"140\" srcset=\"https:\/\/www.collectifpsychiatrie.fr\/wp-content\/uploads\/2016\/02\/56bd31904033a-300x140.png 300w, https:\/\/www.collectifpsychiatrie.fr\/wp-content\/uploads\/2016\/02\/56bd31904033a.png 585w\" sizes=\"auto, (max-width: 300px) 100vw, 300px\" \/><br \/>\n<strong>Appel \u00e0 la cr\u00e9ation d\u2019un R\u00e9seau Europ\u00e9en pour une Sant\u00e9 Mentale d\u00e9mocratique.<\/strong><br \/>\n<\/a><\/p>\n<p><a href=\"https:\/\/www.collectifpsychiatrie.fr\/wp-content\/uploads\/2016\/02\/56bd31904033a.png\">La lutte de r\u00e9sistance du peuple grec, face \u00e0 la politique n\u00e9olib\u00e9rale impitoyable impos\u00e9e par les cr\u00e9anciers, a ouvert la voie \u00e0 l\u2019\u00e9mergence de radicalit\u00e9s politiques \u00e9mancipatrices et \u00e0 la mise en place de structures d\u2019auto-organisation de la population et des travailleurs.<br \/>\nParmi celles-ci, les dispensaires et les pharmacies sociaux autog\u00e9r\u00e9s en sont aujourd\u2019hui la forme la mieux organis\u00e9e, jouissant d\u2019une visibilit\u00e9 et d\u2019une reconnaissance importante au sein de la soci\u00e9t\u00e9 grecque et au-del\u00e0.<br \/>\nLe service public de sant\u00e9, les services psychiatriques, soumis en Gr\u00e8ce \u00e0 des restrictions massives de moyens, sont mis dans l&rsquo;impossibilit\u00e9 quasi-totale d\u2019accueillir la souffrance psychique et d\u2019accompagner les patients \u00e0 travers des projets individuels, respectueux de leur subjectivit\u00e9.<br \/>\nOr, aujourd\u2019hui, une part nombreuse et croissante de la population grecque souffre psychiquement des cons\u00e9quences d\u2019un remaniement brutal des rapports sociaux, engendr\u00e9 par la crise et les rem\u00e8des n\u00e9olib\u00e9raux toxiques de la Commission europ\u00e9enne, de la BCE et du FMI. Les sympt\u00f4mes d\u2019effondrement psychique se sont multipli\u00e9s : d\u00e9pression, suicides et tendances suicidaires, crises de panique, pathologies \u00e0 d\u00e9terminants psycho-sociaux ou post-traumatiques, etc.<br \/>\n<\/a><!--more--><\/p>\n<p><a href=\"https:\/\/www.collectifpsychiatrie.fr\/wp-content\/uploads\/2016\/02\/56bd31904033a.png\">La Gr\u00e8ce avait mis en route des r\u00e9formes en Sant\u00e9 Mentale ambitieuses, en rupture avec l&rsquo;ancien mod\u00e8le asilaire. Ces r\u00e9formes ont \u00e9t\u00e9 arr\u00eat\u00e9es par la tourmente de l\u2019aust\u00e9rit\u00e9, entra\u00eenant la fermeture brutale des h\u00f4pitaux psychiatriques, sans alternative soucieuse de la continuit\u00e9 des projets de soins, ni souci de la survie sociale voire physique des patients.<br \/>\nOn peut reconna\u00eetre l\u00e0 des analogies avec ce qui est entrepris dans d\u2019autres pays europ\u00e9ens, notamment en France. En effet, dans le contexte d&rsquo;offensive n\u00e9olib\u00e9rale, avec ses mesures d&rsquo;aust\u00e9rit\u00e9, la Sant\u00e9 Mentale risque de se transformer en outil de r\u00e9gulation a minima des effets de la violence \u00e9conomique et sociale, cons\u00e9quence de ces politiques.<br \/>\nL\u2019exp\u00e9rience du mouvement des dispensaires et pharmacies sociaux autog\u00e9r\u00e9s grecs d\u00e9montre qu\u2019un autre accueil pour les patients est possible dans des espaces publics ind\u00e9pendants \u00e0 la fois des administrations \u00e9tatiques et de l\u2019\u00e9conomie de march\u00e9.<br \/>\nCette exp\u00e9rience, cr\u00e9atrice d\u2019une hospitalit\u00e9 nouvelle, rejoint les pratiques alternatives de d\u00e9sinstitutionalisation et de d\u00e9sali\u00e9nation, et les combats des derni\u00e8res d\u00e9cennies, pour la conqu\u00eate de droits nouveaux humains et d\u2019une \u00e9mancipation \u00e9largie. Dans les dispensaires solidaires, c&rsquo;est l&rsquo;\u00e9coute des patients, l&rsquo;\u00e9coute attentive des cons\u00e9quences sur la personne de la crise comme de sa subjectivit\u00e9, qui est promue. C&rsquo;est la r\u00e9invention de la participation de jeunes volontaires et aussi des groupes de rencontre, de soutien psychique et de parole qui se d\u00e9veloppent. Et des groupes de coop\u00e9ration, de mobilisation et de solidarit\u00e9 de patients au ch\u00f4mage et de volontaires s&rsquo;y cr\u00e9ent.<br \/>\n<\/a><\/p>\n<p><a href=\"https:\/\/www.collectifpsychiatrie.fr\/wp-content\/uploads\/2016\/02\/56bd31904033a.png\">Les mouvements grecs de r\u00e9appropriation des biens communs nous montrent une voie originale dans la perspective d\u2019un changement radical des rapports sociaux et de l\u2019organisation du travail et du soin.<br \/>\nPartant de cette exp\u00e9rience grecque et d&rsquo;autres exp\u00e9riences europ\u00e9ennes, nous affirmons notre d\u00e9cision de participer \u00e0 la cr\u00e9ation d&rsquo;un r\u00e9seau europ\u00e9en d\u2019\u00e9changes de pratiques et de contenus. Conjointement \u00e0 un soutien concret \u00e0 nos amis grecs, ce r\u00e9seau \u00e9laborera un projet pour le d\u00e9veloppement et la diffusion de pratiques d\u00e9mocratiques en Sant\u00e9 Mentale, qu&rsquo;elles soient publique, associative ou priv\u00e9e.<br \/>\n<\/a><\/p>\n<p><a href=\"http:\/\/reseau-sante-mentale-democratique-france.wesign.it\/fr\">Par votre signature, vous pouvez soutenir cet appel individuellement ou en tant que repr\u00e9sentant d\u2019association. <\/a><\/p>\n<p><a href=\"http:\/\/reseau-sante-mentale-democratique-france.wesign.it\/fr\">http:\/\/reseau-sante-mentale-democratique-france.wesign.it\/fr<\/a><\/p>\n<p><a href=\"http:\/\/reseau-sante-mentale-democratique-france.wesign.it\/fr\">Si vous souhaitez \u00eatre inscrit \u00e0 la liste de diffusion du r\u00e9seau et tenu inform\u00e9 des prochains \u00e9v\u00e8nements, \u00e9crivez-nous \u00e0 :<br \/>\nemancipsy@gmail.com<br \/>\n<\/a><\/p>\n<p><a href=\"https:\/\/www.collectifpsychiatrie.fr\/wp-content\/uploads\/2016\/02\/56bd31904033a.png\">Cet appel est soutenu par les organisations suivantes :<br \/>\nAppel des Appels Midi-Pyr\u00e9n\u00e9es, Association Gr\u00e8ce France R\u00e9sistance, Collectif de recherche sur l&rsquo;institutionnel et l&rsquo;\u00e9thique (La Cri\u00e9e), Collectif des 39 \u00ab Quelle hospitalit\u00e9 pour la folie \u00bb, Collectif des psychologues des Dispensaires Sociaux Solidaires (DSS) grecs, Comit\u00e9 Europ\u00e9en Droit Ethique et Psychiatrie (CEDEP), F\u00e9d\u00e9ration Inter Associations (FIAC), Revue \u00abTetradia Psychiatrikis\u00bb, Union Syndicale de la Psychiatrie (USP)<\/a><\/p>\n","protected":false},"excerpt":{"rendered":"<p>Appel \u00e0 la cr\u00e9ation d\u2019un R\u00e9seau Europ\u00e9en pour une Sant\u00e9 Mentale d\u00e9mocratique. La lutte de r\u00e9sistance du peuple grec, face \u00e0 la politique n\u00e9olib\u00e9rale impitoyable impos\u00e9e par les cr\u00e9anciers, a ouvert la voie \u00e0 l\u2019\u00e9mergence de radicalit\u00e9s politiques \u00e9mancipatrices et \u00e0 la mise en place de structures d\u2019auto-organisation de la population et des travailleurs. Parmi &hellip; <a href=\"https:\/\/www.collectifpsychiatrie.fr\/?p=8079\" class=\"more-link\">Continuer la lecture de <span class=\"screen-reader-text\">Appel \u00e0 la cr\u00e9ation d\u2019un R\u00e9seau Europ\u00e9en pour une Sant\u00e9 Mentale d\u00e9mocratique.<\/span>  <span class=\"meta-nav\">&rarr;<\/span><\/a><\/p>\n","protected":false},"author":8,"featured_media":0,"comment_status":"closed","ping_status":"open","sticky":false,"template":"","format":"standard","meta":{"footnotes":""},"categories":[371],"tags":[],"class_list":["post-8079","post","type-post","status-publish","format-standard","hentry","category-reseau-europeen"],"_links":{"self":[{"href":"https:\/\/www.collectifpsychiatrie.fr\/index.php?rest_route=\/wp\/v2\/posts\/8079","targetHints":{"allow":["GET"]}}],"collection":[{"href":"https:\/\/www.collectifpsychiatrie.fr\/index.php?rest_route=\/wp\/v2\/posts"}],"about":[{"href":"https:\/\/www.collectifpsychiatrie.fr\/index.php?rest_route=\/wp\/v2\/types\/post"}],"author":[{"embeddable":true,"href":"https:\/\/www.collectifpsychiatrie.fr\/index.php?rest_route=\/wp\/v2\/users\/8"}],"replies":[{"embeddable":true,"href":"https:\/\/www.collectifpsychiatrie.fr\/index.php?rest_route=%2Fwp%2Fv2%2Fcomments&post=8079"}],"version-history":[{"count":2,"href":"https:\/\/www.collectifpsychiatrie.fr\/index.php?rest_route=\/wp\/v2\/posts\/8079\/revisions"}],"predecessor-version":[{"id":8081,"href":"https:\/\/www.collectifpsychiatrie.fr\/index.php?rest_route=\/wp\/v2\/posts\/8079\/revisions\/8081"}],"wp:attachment":[{"href":"https:\/\/www.collectifpsychiatrie.fr\/index.php?rest_route=%2Fwp%2Fv2%2Fmedia&parent=8079"}],"wp:term":[{"taxonomy":"category","embeddable":true,"href":"https:\/\/www.collectifpsychiatrie.fr\/index.php?rest_route=%2Fwp%2Fv2%2Fcategories&post=8079"},{"taxonomy":"post_tag","embeddable":true,"href":"https:\/\/www.collectifpsychiatrie.fr\/index.php?rest_route=%2Fwp%2Fv2%2Ftags&post=8079"}],"curies":[{"name":"wp","href":"https:\/\/api.w.org\/{rel}","templated":true}]}}