{"id":8092,"date":"2016-02-14T21:22:34","date_gmt":"2016-02-14T21:22:34","guid":{"rendered":"http:\/\/www.collectifpsychiatrie.fr\/?p=8092"},"modified":"2016-03-18T12:06:02","modified_gmt":"2016-03-18T12:06:02","slug":"petition-des-enfants-risquent-de-ne-plus-etre-soignes","status":"publish","type":"post","link":"https:\/\/www.collectifpsychiatrie.fr\/?p=8092","title":{"rendered":"P\u00e9tition \u00ab\u00a0Des enfants risquent de ne plus \u00eatre soign\u00e9s\u00a0\u00bb"},"content":{"rendered":"<p style=\"text-align: justify;\">A Monsieur <b>Michel Laforcade\u00a0<\/b> Directeur g\u00e9n\u00e9ral de l\u2019Agence R\u00e9gionale de Sant\u00e9 (ARS) d\u2019Aquitaine-Charente-Poitou-Limousin.<\/p>\n<p style=\"text-align: justify;\">A Madame <b>Monique Janicot<\/b>, Directrice de la d\u00e9l\u00e9gation territoriale de l\u2019ARS Dordogne.<\/p>\n<p style=\"text-align: justify;\">A Madame <b>Sylvaine C\u00e9l\u00e9rier<\/b>, Directrice du Centre Hospitalier Vauclaire,<\/p>\n<p style=\"text-align: justify;\">Nous soutenons la \u00ab\u00a0Lettre Ouverte\u00a0\u00bb du collectif de p\u00e9dopsychiatrie de Dordogne ouest issu de l\u2019assembl\u00e9e g\u00e9n\u00e9rale des professionnels de ce p\u00f4le.<\/p>\n<p style=\"text-align: justify;\">Nous n\u2019acceptons pas la suppression des postes de psychologues en CDD que veut imposer la Direction du CH Vauclaire.<\/p>\n<p style=\"text-align: justify;\">Nous n\u2019acceptons pas que pr\u00e8s de 5OO enfants puissent \u00eatre priv\u00e9s de soin.<\/p>\n<p style=\"text-align: justify;\">Nous n\u2019acceptons pas que les enfants en souffrance soient les otages des conflits de gestion entre l\u2019ARS et la Direction de l\u2019Hopital.<\/p>\n<p style=\"text-align: justify;\"><span style=\"color: #339966;\">Pour signer cliquer \u00a0ici<\/span>:<\/p>\n<p style=\"text-align: justify;\"><a href=\"https:\/\/www.change.org\/p\/madame-monique-janicot-directrice-de-la-d%C3%A9l%C3%A9gation-territoriale-de-l-ars-dordogne-des-enfants-risquent-de-ne-plus-%C3%AAtre-soign%C3%A9s?recruiter=482536974&amp;utm_source=share_petition&amp;utm_medium=copylink\">https:\/\/www.change.org\/p\/madame-monique-janicot-directrice-de-la-d%C3%A9l%C3%A9gation-territoriale-de-l-ars-dordogne-des-enfants-risquent-de-ne-plus-%C3%AAtre-soign%C3%A9s?recruiter=482536974&amp;utm_source=share_petition&amp;utm_medium=copylink<\/a><\/p>\n<p style=\"text-align: justify;\"><b>Voici la lettre ouverte du collectif de p\u00e9dopsychiatrie de Dordogne ouest\u00a0:<\/b><\/p>\n<p style=\"text-align: justify;\">Suite \u00e0 l\u2019annonce de Mme C\u00e9l\u00e9rier, Directrice du CH Vauclaire (Montpon) de supprimer cinq postes de psychologues en p\u00e9dopsychiatrie (et deux en psychiatrie adulte) apr\u00e8s de nombreux autres, toutes cat\u00e9gories confondues, nous, professionnels de l\u2019inter-secteur ouest de p\u00e9dopsychiatrie, avons d\u00e9cid\u00e9 de nous constituer en Collectif de salut public. Le chef de p\u00f4le de p\u00e9dopsychiatrie et pr\u00e9sident de la CME a \u00e9galement d\u00e9missionn\u00e9 de ses fonctions.\u00a0<!--more--><\/p>\n<p style=\"text-align: justify;\">A notre fa\u00e7on, nous nous r\u00e9clamons des \u00abvaleurs de la R\u00e9publique\u00bb, tant convoqu\u00e9es aujourd\u2019hui. Notre d\u00e9nominateur commun est le souci que nous avons d\u2019accueillir, d\u2019accompagner et de soigner des enfants et des adolescents en souffrance psychique quelles que soient les ressources de leur famille (pr\u00e8s de 2300 enfants pris en charge en 2015). Nous nous situons dans une g\u00e9ographie d\u00e9partementale vaste et rurale o\u00f9 notre pr\u00e9sence silencieuse y est encore rep\u00e9rable. Notre engagement sur ce territoire est multiforme et nos partenaires nombreux.<\/p>\n<p style=\"text-align: justify;\">Ces suppressions de postes risquent de mettre en p\u00e9ril nos engagements dans plusieurs conventions partenariales, d\u2019entra\u00eener de facto les fermetures du CMPEA de Saint Astier, de l\u2019H\u00f4pital de jour pour Enfants de Mussidan, de l\u2019H\u00f4pital de jour pour Adolescents de Bergerac (le seul du d\u00e9partement), soit au total 460 enfants sans soins.<\/p>\n<p style=\"text-align: justify;\">Cela aurait aussi pour cons\u00e9quence une augmentation dramatique du d\u00e9lai d\u2019attente des consultations \u00e0 l\u2019heure o\u00f9 l\u2019Agence R\u00e9gionale de Sant\u00e9 (ARS) pr\u00e9conise de d\u00e9velopper les prises en charge de proximit\u00e9 en Centre M\u00e9dico-Psychologique.<\/p>\n<p style=\"text-align: justify;\">Ces d\u00e9cisions de la Direction sont en contradiction avec la nouvelle loi de sant\u00e9 de M. Touraine qui reconna\u00eet la profession de Psychologue dans le code de sant\u00e9 publique (article L.3221-1) et qui demande aux \u00e9tablissements de sant\u00e9 d\u2019int\u00e9grer un projet psychologique dans leur projet d\u2019\u00e9tablissement (article 26 Bis B).<\/p>\n<p style=\"text-align: justify;\">Nous ne pouvons penser que M. Laforcade, Directeur de l\u2019ARS de la nouvelle r\u00e9gion Aquitaine et charg\u00e9 de mission pour l\u2019\u00e9laboration du volet psychiatrie et sant\u00e9 mentale de la nouvelle loi de sant\u00e9 de Mme Touraine, puisse s\u2019associer \u00e0 de telles d\u00e9cisions.<\/p>\n<p style=\"text-align: justify;\">L\u2019attaque dont nous sommes la cible est particuli\u00e8rement f\u00e9roce et froidement calculatrice. Elle touche la jeunesse pr\u00e9caris\u00e9e d\u2019une profession, dont l\u2019objet constitu\u00e9 est le langage dans sa valeur d\u2019\u00e9change humanisant.<\/p>\n<p style=\"text-align: justify;\">Mus par une ind\u00e9fectible \u00e9thique de l\u2019\u00e9coute, nous avons appris l\u2019importance de nous taire. Mais cette fois, nous sommes bien d\u00e9cid\u00e9s \u00e0 prendre la parole et \u00e0 nous faire entendre du plus grand nombre.<\/p>\n<p style=\"text-align: justify;\">Que s\u2019avancent et nous rejoignent alors les d\u00e9fenseurs v\u00e9ritables de la ruralit\u00e9, de la proximit\u00e9, de l\u2019accessibilit\u00e9 aux soins, de la pr\u00e9vention, du d\u00e9pistage pr\u00e9coce des troubles autistiques, de l\u2019int\u00e9gration de l\u2019enfant handicap\u00e9 afin que continue de s\u2019incarner durablement une pratique de terrain.<\/p>\n<p style=\"text-align: justify;\">Nous maltraiter ainsi, c\u2019est maltraiter aussi ceux dont nous nous occupons, sans possibilit\u00e9, eux, de se d\u00e9fendre.<\/p>\n<p style=\"text-align: justify;\">Nous lan\u00e7ons l\u2019alerte.<\/p>\n<p style=\"text-align: justify;\">Contact: <span style=\"color: #339966;\">collectif.24i01@gmail.com<\/span><\/p>\n","protected":false},"excerpt":{"rendered":"<p>A Monsieur Michel Laforcade\u00a0 Directeur g\u00e9n\u00e9ral de l\u2019Agence R\u00e9gionale de Sant\u00e9 (ARS) d\u2019Aquitaine-Charente-Poitou-Limousin. A Madame Monique Janicot, Directrice de la d\u00e9l\u00e9gation territoriale de l\u2019ARS Dordogne. A Madame Sylvaine C\u00e9l\u00e9rier, Directrice du Centre Hospitalier Vauclaire, Nous soutenons la \u00ab\u00a0Lettre Ouverte\u00a0\u00bb du collectif de p\u00e9dopsychiatrie de Dordogne ouest issu de l\u2019assembl\u00e9e g\u00e9n\u00e9rale des professionnels de ce p\u00f4le. &hellip; <a href=\"https:\/\/www.collectifpsychiatrie.fr\/?p=8092\" class=\"more-link\">Continuer la lecture de <span class=\"screen-reader-text\">P\u00e9tition \u00ab\u00a0Des enfants risquent de ne plus \u00eatre soign\u00e9s\u00a0\u00bb<\/span>  <span class=\"meta-nav\">&rarr;<\/span><\/a><\/p>\n","protected":false},"author":78,"featured_media":0,"comment_status":"closed","ping_status":"open","sticky":false,"template":"","format":"standard","meta":{"footnotes":""},"categories":[370],"tags":[],"class_list":["post-8092","post","type-post","status-publish","format-standard","hentry","category-groupe-enfance"],"_links":{"self":[{"href":"https:\/\/www.collectifpsychiatrie.fr\/index.php?rest_route=\/wp\/v2\/posts\/8092","targetHints":{"allow":["GET"]}}],"collection":[{"href":"https:\/\/www.collectifpsychiatrie.fr\/index.php?rest_route=\/wp\/v2\/posts"}],"about":[{"href":"https:\/\/www.collectifpsychiatrie.fr\/index.php?rest_route=\/wp\/v2\/types\/post"}],"author":[{"embeddable":true,"href":"https:\/\/www.collectifpsychiatrie.fr\/index.php?rest_route=\/wp\/v2\/users\/78"}],"replies":[{"embeddable":true,"href":"https:\/\/www.collectifpsychiatrie.fr\/index.php?rest_route=%2Fwp%2Fv2%2Fcomments&post=8092"}],"version-history":[{"count":3,"href":"https:\/\/www.collectifpsychiatrie.fr\/index.php?rest_route=\/wp\/v2\/posts\/8092\/revisions"}],"predecessor-version":[{"id":8095,"href":"https:\/\/www.collectifpsychiatrie.fr\/index.php?rest_route=\/wp\/v2\/posts\/8092\/revisions\/8095"}],"wp:attachment":[{"href":"https:\/\/www.collectifpsychiatrie.fr\/index.php?rest_route=%2Fwp%2Fv2%2Fmedia&parent=8092"}],"wp:term":[{"taxonomy":"category","embeddable":true,"href":"https:\/\/www.collectifpsychiatrie.fr\/index.php?rest_route=%2Fwp%2Fv2%2Fcategories&post=8092"},{"taxonomy":"post_tag","embeddable":true,"href":"https:\/\/www.collectifpsychiatrie.fr\/index.php?rest_route=%2Fwp%2Fv2%2Ftags&post=8092"}],"curies":[{"name":"wp","href":"https:\/\/api.w.org\/{rel}","templated":true}]}}