{"id":8166,"date":"2016-03-19T19:23:51","date_gmt":"2016-03-19T19:23:51","guid":{"rendered":"http:\/\/www.collectifpsychiatrie.fr\/?p=8166"},"modified":"2016-03-28T07:27:07","modified_gmt":"2016-03-28T07:27:07","slug":"des-nouvelles-du-cote-de-bourg-en-bresse-2","status":"publish","type":"post","link":"https:\/\/www.collectifpsychiatrie.fr\/?p=8166","title":{"rendered":"Des nouvelles du c\u00f4t\u00e9 de Bourg en Bresse !"},"content":{"rendered":"<p><strong>Des nouvelles du c<\/strong><strong>\u00f4<\/strong><strong>t<\/strong><strong>\u00e9<\/strong> <strong>de Bourg en Bresse<\/strong><strong>\u00a0<\/strong><strong>!<\/strong><\/p>\n<p style=\"text-align: justify;\">La Contr\u00f4leure G\u00e9n\u00e9rale des Lieux de Privation de Libert\u00e9, Madame Adeline Hazan, ancienne maire de Reims, a rendu public le rapport qu\u2019elle avait adress\u00e9 \u00e0 la Ministre de la Sant\u00e9 en f\u00e9vrier. Comme l\u2019\u00e9crit le journal \u00ab\u00a0La Croix\u00a0\u00bb dans son \u00e9dition du 16 mars 2016, il s\u2019agit \u00ab\u00a0<em>d<\/em><em>\u2019<\/em><em>un rapport sid<\/em><em>\u00e9<\/em><em>rant.<\/em><em>\u00a0<\/em><em>Le r<\/em><em>\u00e9<\/em><em>cit de violences ordinaires, presque banalis<\/em><em>\u00e9<\/em><em>es contre des personnes atteintes de pathologies psychiatriques<\/em><em>\u00a0\u00bb<\/em><em>. <\/em>Ces faits ont \u00e9t\u00e9 constat\u00e9s au centre <strong>psychoth<\/strong><strong>\u00e9<\/strong><strong>rapique<\/strong> (<strong>sic<\/strong><strong>\u00a0<\/strong><strong>!!!) <\/strong>de l\u2019Ain. Un \u00e9tablissement de 412 lits implant\u00e9 en p\u00e9riph\u00e9rie de Bourg-en-Bresse.<\/p>\n<p class=\"\"><em class=\"\">\u00a0<a class=\"\" href=\"https:\/\/www.collectifpsychiatrie.fr\/wp-content\/uploads\/2016\/03\/Bourg-en-Bresse-2016-SM.pdf\">Bourg en Bresse 2016 SM<\/a><\/em><\/p>\n<p style=\"text-align: justify;\">Outre les \u00ab\u00a0<em>tr<\/em><em>\u00e8<\/em><em>s graves<\/em><em>\u00a0\u00bb<\/em> entraves \u00e0 la \u00ab\u00a0Libert\u00e9 de circulation\u00a0\u00bb &#8211; si ch\u00e8re \u00e0 Jean Oury dans la perspective d\u2019une dimension th\u00e9rapeutique dans un cadre institutionnel -, les mises en pyjama syst\u00e9matiques, les contr\u00f4leurs ont constat\u00e9 une banalisation des mises en chambres d\u2019isolement et des contentions.<!--more--><\/p>\n<p style=\"text-align: justify;\">Ce que le Collectif des 39 a vigoureusement d\u00e9nonc\u00e9 depuis d\u00e9cembre 2008 avec la politique s\u00e9curitaire et la d\u00e9rive des pratiques, nous l\u2019avons remis de fa\u00e7on encore plus cibl\u00e9e en septembre 2015 avec l\u2019Appel \u00ab\u00a0<strong>La sangle qui attache, tue le lien humain qui soigne<\/strong>\u00a0\u00bb.<\/p>\n<p style=\"text-align: justify;\">Cet appel est soutenu \u00e0 ce jour par <strong>pr<\/strong><strong>\u00e8<\/strong><strong>s de 9000 signataires<\/strong>. On peut toujours le signer et plus encore aujourd\u2019hui avec ces r\u00e9v\u00e9lations. Celles-ci ne nous \u00e9tonnent gu\u00e8re, tant l\u2019isolement et la contention sont devenues depuis une quinzaine d\u2019ann\u00e9es et plus encore r\u00e9cemment, parmi les pratiques les plus habituelles. Comme en t\u00e9moignent les \u00ab\u00a0formations\u00a0\u00bb fortement conseill\u00e9es pour faire face \u00ab\u00a0\u00e0 la violence et \u00e0 l\u2019agitation\u00a0\u00bb, les r\u00e9cup\u00e9rations et les justifications parfois m\u00eame sous-couvert d\u2019arguments pseudo-psychanalytiques, \u00ab\u00a0<em>c<\/em><em>\u2019<\/em><em>est contenant, rassurant , <\/em><em>\u00e7<\/em><em>a apaise<\/em><em>\u00a0\u00bb\u2026<\/em> ou d\u2019autres arguments avanc\u00e9s sur les r\u00e9seaux sociaux tels \u00ab\u00a0<em>Mais ces contr<\/em><em>\u00f4<\/em><em>leurs n<\/em><em>\u2019<\/em><em>y connaissent rien, ils ont qu<\/em><em>\u2019\u00e0<\/em> <em>y venir dans les services<\/em> \u2026(c\u2019est pourtant ce qu\u2019ils font), <em> il y a des patients qui nous remercient<\/em><em>\u00a0\u00bb<\/em><em>.<\/em><\/p>\n<p style=\"text-align: justify;\">L\u2019objectif de cet appel n\u2019est bien \u00e9videmment pas de faire \u00ab\u00a0la le\u00e7on\u00a0\u00bb, ou de d\u00e9signer de \u00ab\u00a0mauvais\u00a0\u00bb soignants, car nous savons bien de par la pratique, que des situations cliniques sont complexes et qu\u2019il peut y avoir des n\u00e9cessit\u00e9s de contraintes\u00a0! Il s\u2019agit <strong>qu<\/strong><strong>\u2019<\/strong><strong>enfin puisse <\/strong><strong>\u00ea<\/strong><strong>tre d<\/strong><strong>\u00e9<\/strong><strong>battues, port<\/strong><strong>\u00e9<\/strong><strong>es sur la place publique ces questions et de lutter contre cette banalisation inacceptable, qui renvoie <\/strong><strong>\u00e0<\/strong> <strong>l<\/strong><strong>\u2019<\/strong><strong>indignit<\/strong><strong>\u00e9<\/strong> <strong>d<\/strong><strong>\u2019<\/strong><strong>une souffrance surajout<\/strong><strong>\u00e9<\/strong><strong>e <\/strong><strong>\u00e0<\/strong> <strong>la souffrance psychique.<\/strong><\/p>\n<p style=\"text-align: justify;\">Si ce qui vient d\u2019\u00eatre r\u00e9v\u00e9l\u00e9 pr\u00e8s de Bourg en Bresse suscite une \u00e9motion l\u00e9gitime, il ne faut certainement pas d\u00e9signer ce seul \u00e9tablissement comme le mouton noir de la psychiatrie publique. La plupart des Etablissements Publics de Sant\u00e9 Mentale est concern\u00e9e\u00a0! Une vigilance doit nous faire ouvrir les yeux et le d\u00e9bat s\u2019ouvrir sur la complexit\u00e9 des situations qui am\u00e8nent \u00e0 une telle banalisation\u00a0: quelle conception de la maladie mentale\u00a0? Une seule est devenue h\u00e9g\u00e9monique avec une m\u00e9dicalisation id\u00e9ologique et pseudo scientifique\u00a0! Quelles formations globales pour <strong>tous les personnels <\/strong>en psychiatrie\u00a0? Quels budgets pour la psychiatrie\u00a0? Quelles places pour les citoyens \u2013 patients et familles- dans les dispositifs de soins\u00a0?<\/p>\n<p style=\"text-align: justify;\">Nous publions le communiqu\u00e9 de la F\u00e9d\u00e9ration d\u2019Aide \u00e0 la Sant\u00e9 mentale \u00ab\u00a0Croix-Marine\u00a0\u00bb \u00e0 l\u2019occasion de la r\u00e9v\u00e9lation de ce qui se passe dans cet h\u00f4pital psychiatrique de l\u2019Ain\u2013 <em>c<\/em><em>\u2019<\/em><em>est vraiment une imposture de le nommer <\/em><em>\u00ab\u00a0<\/em><em>centre psychoth<\/em><em>\u00e9<\/em><em>rapique<\/em><em>\u00a0\u00bb<\/em><em>-.<\/em><\/p>\n<p style=\"text-align: justify;\">Dans ce communiqu\u00e9, la F\u00e9d\u00e9ration d\u2019Aide \u00e0 la Sant\u00e9 Mentale \u00ab\u00a0Croix-Marine\u00a0\u00bb nous apprend que cet \u00e9tablissement avait obtenu <strong>une bonne certification<\/strong> en janvier 2012, confirm\u00e9e en novembre 2015 par la Haute Autorit\u00e9 de Sant\u00e9 \u00a0!!!<\/p>\n<p style=\"text-align: justify;\"><strong>Quelle v<\/strong><strong>\u00e9<\/strong><strong>ritable mascarade que sont ces proc<\/strong><strong>\u00e9<\/strong><strong>dures d<\/strong><strong>\u2019<\/strong><strong>Accr<\/strong><strong>\u00e9<\/strong><strong>ditation et de Certification de cette Haute Autorit<\/strong><strong>\u00e9<\/strong> <strong>de Sant<\/strong><strong>\u00e9\u00a0<\/strong><strong>!!!!<\/strong><\/p>\n<p style=\"text-align: justify;\"><strong>\u00a0<\/strong>Le Collectif des 39 depuis sa cr\u00e9ation a d\u00e9nonc\u00e9 cette logique folle et cette imposture\u00a0!<\/p>\n<p style=\"text-align: justify;\">Le temps soignant gaspill\u00e9, les budgets allou\u00e9s \u00e0 toutes ces proc\u00e9dures et protocoles impos\u00e9s par la Haute Autorit\u00e9 de Sant\u00e9 pour suivre des recommandations de <strong>\u00ab\u00a0<\/strong><strong>bonnes pratiques<\/strong><strong>\u00a0\u00bb<\/strong> (sic) tout ceci t\u00e9moigne bien d\u2019une organisation totalement bureaucratique dans laquelle la question de l\u2019hospitalit\u00e9 et de l\u2019humanit\u00e9 n\u2019existent plus.<\/p>\n<p style=\"text-align: justify;\">Ce sont les patients et leurs familles qui pourraient nous en dire quelque chose\u00a0!<\/p>\n<p>L&rsquo;article de Paul Machto sur Mediapart<a href=\"https:\/\/blogs.mediapart.fr\/edition\/contes-de-la-folie-ordinaire\/article\/210316\/des-nouvelles-du-cote-de-bourg-en-bresse\"> ICI<\/a><\/p>\n","protected":false},"excerpt":{"rendered":"<p>Des nouvelles du c\u00f4t\u00e9 de Bourg en Bresse\u00a0! La Contr\u00f4leure G\u00e9n\u00e9rale des Lieux de Privation de Libert\u00e9, Madame Adeline Hazan, ancienne maire de Reims, a rendu public le rapport qu\u2019elle avait adress\u00e9 \u00e0 la Ministre de la Sant\u00e9 en f\u00e9vrier. Comme l\u2019\u00e9crit le journal \u00ab\u00a0La Croix\u00a0\u00bb dans son \u00e9dition du 16 mars 2016, il s\u2019agit &hellip; <a href=\"https:\/\/www.collectifpsychiatrie.fr\/?p=8166\" class=\"more-link\">Continuer la lecture de <span class=\"screen-reader-text\">Des nouvelles du c\u00f4t\u00e9 de Bourg en Bresse !<\/span>  <span class=\"meta-nav\">&rarr;<\/span><\/a><\/p>\n","protected":false},"author":8,"featured_media":0,"comment_status":"closed","ping_status":"open","sticky":false,"template":"","format":"standard","meta":{"footnotes":""},"categories":[372,22],"tags":[],"class_list":["post-8166","post","type-post","status-publish","format-standard","hentry","category-articles-39","category-articles-et-communiques-de-presse"],"_links":{"self":[{"href":"https:\/\/www.collectifpsychiatrie.fr\/index.php?rest_route=\/wp\/v2\/posts\/8166","targetHints":{"allow":["GET"]}}],"collection":[{"href":"https:\/\/www.collectifpsychiatrie.fr\/index.php?rest_route=\/wp\/v2\/posts"}],"about":[{"href":"https:\/\/www.collectifpsychiatrie.fr\/index.php?rest_route=\/wp\/v2\/types\/post"}],"author":[{"embeddable":true,"href":"https:\/\/www.collectifpsychiatrie.fr\/index.php?rest_route=\/wp\/v2\/users\/8"}],"replies":[{"embeddable":true,"href":"https:\/\/www.collectifpsychiatrie.fr\/index.php?rest_route=%2Fwp%2Fv2%2Fcomments&post=8166"}],"version-history":[{"count":6,"href":"https:\/\/www.collectifpsychiatrie.fr\/index.php?rest_route=\/wp\/v2\/posts\/8166\/revisions"}],"predecessor-version":[{"id":8178,"href":"https:\/\/www.collectifpsychiatrie.fr\/index.php?rest_route=\/wp\/v2\/posts\/8166\/revisions\/8178"}],"wp:attachment":[{"href":"https:\/\/www.collectifpsychiatrie.fr\/index.php?rest_route=%2Fwp%2Fv2%2Fmedia&parent=8166"}],"wp:term":[{"taxonomy":"category","embeddable":true,"href":"https:\/\/www.collectifpsychiatrie.fr\/index.php?rest_route=%2Fwp%2Fv2%2Fcategories&post=8166"},{"taxonomy":"post_tag","embeddable":true,"href":"https:\/\/www.collectifpsychiatrie.fr\/index.php?rest_route=%2Fwp%2Fv2%2Ftags&post=8166"}],"curies":[{"name":"wp","href":"https:\/\/api.w.org\/{rel}","templated":true}]}}