{"id":8179,"date":"2016-03-28T16:33:02","date_gmt":"2016-03-28T16:33:02","guid":{"rendered":"http:\/\/www.collectifpsychiatrie.fr\/?p=8179"},"modified":"2016-04-19T14:48:37","modified_gmt":"2016-04-19T14:48:37","slug":"communique-de-presse-de-la-fnapsy","status":"publish","type":"post","link":"https:\/\/www.collectifpsychiatrie.fr\/?p=8179","title":{"rendered":"Communiqu\u00e9 de presse de la Fnapsy"},"content":{"rendered":"<p>Paris, le 24 mars 2016<\/p>\n<p>Communiqu\u00e9 de presse<\/p>\n<p>La Fnapsy remercie la Contr\u00f4leur G\u00e9n\u00e9rale des Lieux de Privation de Libert\u00e9 pour son action concernant le Centre Hospitalier Psychoth\u00e9rapique de l\u2019Ain \u00e0 Bourgen- Bresse. La Fnapsy avait alert\u00e9, il y a quelques ann\u00e9es, sur les dysfonctionnements au sein de cette institution. Elle va suivre avec attention la suite donn\u00e9e et le travail qui sera fait pour le respect des patients hospitalis\u00e9s. La Fnapsy se f\u00e9licite du d\u00e9marrage au sein de la HAS d\u2019une r\u00e9flexion sur la contention en psychiatrie et esp\u00e8re que ces pratiques d\u2019un autre \u00e2ge n\u2019auront plus cours.<\/p>\n<p>Claude Finkelstein Pr\u00e9sidente<\/p>\n","protected":false},"excerpt":{"rendered":"<p>Paris, le 24 mars 2016 Communiqu\u00e9 de presse La Fnapsy remercie la Contr\u00f4leur G\u00e9n\u00e9rale des Lieux de Privation de Libert\u00e9 pour son action concernant le Centre Hospitalier Psychoth\u00e9rapique de l\u2019Ain \u00e0 Bourgen- Bresse. La Fnapsy avait alert\u00e9, il y a quelques ann\u00e9es, sur les dysfonctionnements au sein de cette institution. Elle va suivre avec attention &hellip; <a href=\"https:\/\/www.collectifpsychiatrie.fr\/?p=8179\" class=\"more-link\">Continuer la lecture de <span class=\"screen-reader-text\">Communiqu\u00e9 de presse de la Fnapsy<\/span>  <span class=\"meta-nav\">&rarr;<\/span><\/a><\/p>\n","protected":false},"author":8,"featured_media":0,"comment_status":"closed","ping_status":"open","sticky":false,"template":"","format":"standard","meta":{"footnotes":""},"categories":[22],"tags":[],"class_list":["post-8179","post","type-post","status-publish","format-standard","hentry","category-articles-et-communiques-de-presse"],"_links":{"self":[{"href":"https:\/\/www.collectifpsychiatrie.fr\/index.php?rest_route=\/wp\/v2\/posts\/8179","targetHints":{"allow":["GET"]}}],"collection":[{"href":"https:\/\/www.collectifpsychiatrie.fr\/index.php?rest_route=\/wp\/v2\/posts"}],"about":[{"href":"https:\/\/www.collectifpsychiatrie.fr\/index.php?rest_route=\/wp\/v2\/types\/post"}],"author":[{"embeddable":true,"href":"https:\/\/www.collectifpsychiatrie.fr\/index.php?rest_route=\/wp\/v2\/users\/8"}],"replies":[{"embeddable":true,"href":"https:\/\/www.collectifpsychiatrie.fr\/index.php?rest_route=%2Fwp%2Fv2%2Fcomments&post=8179"}],"version-history":[{"count":2,"href":"https:\/\/www.collectifpsychiatrie.fr\/index.php?rest_route=\/wp\/v2\/posts\/8179\/revisions"}],"predecessor-version":[{"id":8199,"href":"https:\/\/www.collectifpsychiatrie.fr\/index.php?rest_route=\/wp\/v2\/posts\/8179\/revisions\/8199"}],"wp:attachment":[{"href":"https:\/\/www.collectifpsychiatrie.fr\/index.php?rest_route=%2Fwp%2Fv2%2Fmedia&parent=8179"}],"wp:term":[{"taxonomy":"category","embeddable":true,"href":"https:\/\/www.collectifpsychiatrie.fr\/index.php?rest_route=%2Fwp%2Fv2%2Fcategories&post=8179"},{"taxonomy":"post_tag","embeddable":true,"href":"https:\/\/www.collectifpsychiatrie.fr\/index.php?rest_route=%2Fwp%2Fv2%2Ftags&post=8179"}],"curies":[{"name":"wp","href":"https:\/\/api.w.org\/{rel}","templated":true}]}}