{"id":8189,"date":"2016-04-07T06:27:28","date_gmt":"2016-04-07T06:27:28","guid":{"rendered":"http:\/\/www.collectifpsychiatrie.fr\/?p=8189"},"modified":"2016-04-19T14:51:44","modified_gmt":"2016-04-19T14:51:44","slug":"appel-a-manifester-le-9-avril-2016-pour-une-psychiatrie-a-visage-humain","status":"publish","type":"post","link":"https:\/\/www.collectifpsychiatrie.fr\/?p=8189","title":{"rendered":"Appel \u00e0 manifester le 9 avril 2016 pour une psychiatrie \u00e0 visage humain !"},"content":{"rendered":"<p><a href=\"https:\/\/www.collectifpsychiatrie.fr\/wp-content\/uploads\/2016\/04\/redir.aspx_.jpg\"><img loading=\"lazy\" decoding=\"async\" class=\"aligncenter size-full wp-image-8188\" src=\"https:\/\/www.collectifpsychiatrie.fr\/wp-content\/uploads\/2016\/04\/redir.aspx_.jpg\" alt=\"redir.aspx\" width=\"213\" height=\"213\" srcset=\"https:\/\/www.collectifpsychiatrie.fr\/wp-content\/uploads\/2016\/04\/redir.aspx_.jpg 213w, https:\/\/www.collectifpsychiatrie.fr\/wp-content\/uploads\/2016\/04\/redir.aspx_-150x150.jpg 150w\" sizes=\"auto, (max-width: 213px) 100vw, 213px\" \/><\/a><\/p>\n<p>&nbsp;<\/p>\n<p><strong>Appel \u00e0 manifester le 9 avril pour une psychiatrie \u00e0 visage humain !<\/strong><\/p>\n<p>Nous sommes quelques jeunes soignants en psychiatrie, d\u00e9sirant porter haut et fort notre m\u00e9contentement en ce qui concerne les GHT, la disparition du secteur, la d\u00e9gradation des moyens pour accueillir et soigner, les pratiques de contentions et la restriction \u00e0 une conception neuro-biologique de la pathologie psychique et sa sur-m\u00e9dicalisation majoritaire en psychiatrie.<\/p>\n<p>Nous partageons le constat d&rsquo;une d\u00e9rive n\u00e9o-lib\u00e9rale qui engendre de fa\u00e7on insidieuse, mais massive, la destruction du service public, \u00e9loignant du soin les personnes les plus fragiles et participant \u00e0 un processus toujours plus marqu\u00e9 de leur pr\u00e9carisation, de leur exclusion et de leur enferment.<\/p>\n<p>Les GHT instaur\u00e9s par la nouvelle loi de sant\u00e9, \u00e9normes machines bureaucratiques, engloutissant la psychiatrie de secteur dans l&rsquo;h\u00f4pital g\u00e9n\u00e9ral et les CHU, annulent d\u00e9finitivement la sp\u00e9cificit\u00e9 de la psychiatrie, comme cela a \u00e9t\u00e9 le cas pour les formations des infirmier-\u00e8re-s et des m\u00e9decins.<!--more--><\/p>\n<p>Ainsi, ARS, HAS, \u00ab recommandations de bonnes pratiques \u00bb, \u00ab d\u00e9marches qualit\u00e9 \u00bb, \u00ab patients traceurs \u00bb, \u00ab file active \u00bb, \u00ab mutualisation des moyens \u00bb, sont autant de termes d&rsquo;une novlangue impos\u00e9e, qui loin d&rsquo;\u00eatre sous tendus par des consid\u00e9rations cliniques nous \u00e9loignent de la relation et d&rsquo;une pens\u00e9e de l&rsquo;autre et de sa complexit\u00e9.<\/p>\n<p>Il existe des \u00e9quipes, des collectifs, des associations, qui r\u00e9sistent \u00e0 cette pression normative et budg\u00e9taire de rentabilit\u00e9. C&rsquo;est pourquoi il nous semble vital que nos engagements d\u00e9passent les murs de la psychiatrie et que nous agrandissions ensemble les rangs des luttes qui convergent aujourd&rsquo;hui.<\/p>\n<p>Nous ne savons pas ce qu&rsquo;une telle mobilisation changera \u00e0 ce processus de destruction des pratiques humaines que nous d\u00e9fendons, mais il est certain que notre immobilisme et notre silence laissent la place au pire \u00e0 venir !<\/p>\n<p>Remettons en avant des pratiques humaines, singuli\u00e8res, historicisantes, transf\u00e9rentielles, cliniques, politiques et cr\u00e9atives !<\/p>\n<p>Rejoignons nous !<\/p>\n<p><strong>RDV samedi 9 avril \u00e0 13h30, au croisement du boulevard du temple et rue Jean Pierre Timbaud.<\/strong><\/p>\n<p>Banderoles, slogans, instruments de musique seront les bienvenus !<\/p>\n","protected":false},"excerpt":{"rendered":"<p>&nbsp; Appel \u00e0 manifester le 9 avril pour une psychiatrie \u00e0 visage humain ! Nous sommes quelques jeunes soignants en psychiatrie, d\u00e9sirant porter haut et fort notre m\u00e9contentement en ce qui concerne les GHT, la disparition du secteur, la d\u00e9gradation des moyens pour accueillir et soigner, les pratiques de contentions et la restriction \u00e0 une &hellip; <a href=\"https:\/\/www.collectifpsychiatrie.fr\/?p=8189\" class=\"more-link\">Continuer la lecture de <span class=\"screen-reader-text\">Appel \u00e0 manifester le 9 avril 2016 pour une psychiatrie \u00e0 visage humain !<\/span>  <span class=\"meta-nav\">&rarr;<\/span><\/a><\/p>\n","protected":false},"author":8,"featured_media":0,"comment_status":"closed","ping_status":"open","sticky":false,"template":"","format":"standard","meta":{"footnotes":""},"categories":[22],"tags":[],"class_list":["post-8189","post","type-post","status-publish","format-standard","hentry","category-articles-et-communiques-de-presse"],"_links":{"self":[{"href":"https:\/\/www.collectifpsychiatrie.fr\/index.php?rest_route=\/wp\/v2\/posts\/8189","targetHints":{"allow":["GET"]}}],"collection":[{"href":"https:\/\/www.collectifpsychiatrie.fr\/index.php?rest_route=\/wp\/v2\/posts"}],"about":[{"href":"https:\/\/www.collectifpsychiatrie.fr\/index.php?rest_route=\/wp\/v2\/types\/post"}],"author":[{"embeddable":true,"href":"https:\/\/www.collectifpsychiatrie.fr\/index.php?rest_route=\/wp\/v2\/users\/8"}],"replies":[{"embeddable":true,"href":"https:\/\/www.collectifpsychiatrie.fr\/index.php?rest_route=%2Fwp%2Fv2%2Fcomments&post=8189"}],"version-history":[{"count":2,"href":"https:\/\/www.collectifpsychiatrie.fr\/index.php?rest_route=\/wp\/v2\/posts\/8189\/revisions"}],"predecessor-version":[{"id":8202,"href":"https:\/\/www.collectifpsychiatrie.fr\/index.php?rest_route=\/wp\/v2\/posts\/8189\/revisions\/8202"}],"wp:attachment":[{"href":"https:\/\/www.collectifpsychiatrie.fr\/index.php?rest_route=%2Fwp%2Fv2%2Fmedia&parent=8189"}],"wp:term":[{"taxonomy":"category","embeddable":true,"href":"https:\/\/www.collectifpsychiatrie.fr\/index.php?rest_route=%2Fwp%2Fv2%2Fcategories&post=8189"},{"taxonomy":"post_tag","embeddable":true,"href":"https:\/\/www.collectifpsychiatrie.fr\/index.php?rest_route=%2Fwp%2Fv2%2Ftags&post=8189"}],"curies":[{"name":"wp","href":"https:\/\/api.w.org\/{rel}","templated":true}]}}