{"id":8307,"date":"2016-09-06T14:30:34","date_gmt":"2016-09-06T14:30:34","guid":{"rendered":"http:\/\/www.collectifpsychiatrie.fr\/?p=8307"},"modified":"2016-09-20T13:29:32","modified_gmt":"2016-09-20T13:29:32","slug":"8307","status":"publish","type":"post","link":"https:\/\/www.collectifpsychiatrie.fr\/?p=8307","title":{"rendered":"Meeting Po\u00e9tique et Politique :  ENFANCE EFFAC\u00c9E..?  R\u00c9SISTER, INVENTER"},"content":{"rendered":"<p><a href=\"https:\/\/www.collectifpsychiatrie.fr\/wp-content\/uploads\/2015\/09\/arton29-a84e8.jpg\"><img loading=\"lazy\" decoding=\"async\" class=\"aligncenter size-full wp-image-7948\" src=\"https:\/\/www.collectifpsychiatrie.fr\/wp-content\/uploads\/2015\/09\/arton29-a84e8.jpg\" alt=\"arton29-a84e8\" width=\"200\" height=\"201\" \/><\/a><\/p>\n<p><strong>ENFANCE EFFAC\u00c9E ..? \u00a0R\u00c9SISTER, INVENTER\u2026<\/strong><\/p>\n<p style=\"text-align: justify;\"><strong>Journ\u00e9e po\u00e9tique et politique<\/strong><\/p>\n<p style=\"text-align: justify;\"><strong>Nous sommes inquiets et en col\u00e8re. Les politiques s\u2019attaquent \u00e0 notre humanit\u00e9 d\u00e8s l\u2019enfance.<\/strong><\/p>\n<p style=\"text-align: justify;\"><strong>Vous,\u00a0<\/strong> <strong>soignants, \u00e9ducateurs, parents, acteurs du champ\u00a0 de l\u2019enfance et de l\u2019adolescence\u00a0:<\/strong><\/p>\n<p style=\"text-align: justify;\">Vous qui \u00eates nombreux \u00e0 porter une culture, des id\u00e9es, des exp\u00e9riences respectueuses de la complexit\u00e9 humaine et de la subjectivit\u00e9 de chacun<\/p>\n<ul style=\"text-align: justify;\">\n<li>N\u2019avez-vous pas constat\u00e9 les r\u00e9percussions navrantes des r\u00e9ductions de d\u00e9penses publiques relatives aux soins, \u00e0 l\u2019accueil et \u00e0 l\u2019\u00e9ducation des enfants et des adolescents\u00a0?<\/li>\n<li>N\u2019avez-vous pas constat\u00e9 comment cet appauvrissement de moyens au nom de la recherche d\u2019une certaine efficacit\u00e9 s\u2019est accompagn\u00e9 de la g\u00e9n\u00e9ralisation d\u2019une gestion technocratique qui impose ses normes et ses protocoles au d\u00e9triment d\u2019approches plus humaines ?<\/li>\n<\/ul>\n<ul style=\"text-align: justify;\">\n<li>N\u2019avez-vous pas observ\u00e9 comment la volont\u00e9 de r\u00e9duire les co\u00fbts sans concertation et sans discernement a favoris\u00e9 la privatisation de lieux d\u2019accueil et de soins avec le risque d\u2019\u00eatre orient\u00e9s par la \u00a0recherche de profits financiers\u00a0?<\/li>\n<li>N\u2019avez-vous pas, vous aussi, subi cette pression de rentabilit\u00e9 qui entrave, voire qui d\u00e9truit, les pratiques originales d\u00e9velopp\u00e9es depuis des\u00a0 d\u00e9cennies dans le champ de l\u2019enfance et de l\u2019adolescence\u00a0?<\/li>\n<li>N\u2019avez-vous pas constat\u00e9 que l\u2019exp\u00e9rience qui a montr\u00e9 toute\u00a0 l\u2019importance d\u2019avoir du temps et des lieux pour accueillir, \u00e9couter, r\u00e9fl\u00e9chir \u00e0 plusieurs, formuler des hypoth\u00e8ses de travail et de soins <em>au cas par cas, sont<\/em> contredites par des injonctions simplificatrices. Des pr\u00e9tendues d\u00e9couvertes scientifiques nous sont impos\u00e9es par des logiques d\u2019int\u00e9r\u00eats financiers.<\/li>\n<li>N\u2019avez-vous pas \u00e9prouv\u00e9 le sentiment d\u2019\u00eatre ligot\u00e9s dans vos efforts pour penser, travailler et inventer les formes les plus justes pour aider un b\u00e9b\u00e9, un enfant, un adolescent \u00e0 grandir,\u00a0\u00e0 nommer ce qui le d\u00e9chire ou l\u2019inhibe, \u00e0 comprendre ses difficult\u00e9s propres, \u00e0 apaiser ses contradiction internes, \u00e0 trouver sa place dans sa famille et dans un cercle plus large\u00a0?<\/li>\n<li>Ne trouvez-vous pas insupportable de subir des\u00a0injonctions qui neutralisent la pens\u00e9e et l\u2019action des adultes \u2013 qu\u2019ils soient soignants, \u00e9ducateurs, parents ou enseignants \u2013 aupr\u00e8s des enfants qui viennent vers nous pour que nous prenions soin de leurs fragilit\u00e9s, de leurs bizarreries ou de leurs maladies\u00a0?<\/li>\n<li>N\u2019avez-vous pas \u00e9t\u00e9 d\u00e9courag\u00e9s devant l\u2019impossibilit\u00e9 de faire entendre que ces injonctions avaient pour r\u00e9sultat d\u2019abraser la complexit\u00e9 relationnelle de la vie ? Ces injonctions nous d\u00e9tournent de la n\u00e9cessaire prise en compte des dimensions multiples, conscientes et inconscientes, qui entrent en jeu dans toute difficult\u00e9 ou maladie psychique.<\/li>\n<\/ul>\n<p style=\"text-align: justify;\"><strong>Que s\u2019est-il pass\u00e9\u00a0pour en arriver l\u00e0 ?<\/strong><!--more--><\/p>\n<p style=\"text-align: justify;\">Quelles qu\u2019aient \u00e9t\u00e9\u00a0 les alternances politiques de ceux qui nous gouvernent, la forme, le\u00a0 rythme, la fr\u00e9quence et\u00a0 la dur\u00e9e des actions men\u00e9es en direction des enfants et des adolescents\u00a0 ont \u00e9t\u00e9 profond\u00e9ment alt\u00e9r\u00e9s par la r\u00e9duction des moyens accord\u00e9s et par la mise en place d\u2019un management marchand. Ce management est encourag\u00e9 par des instances bureaucratiques et coup\u00e9es de toute clinique\u00a0 puisque n\u2019agissant que sur dossiers (HAS, ARS, ANESM, MDPH, etc.). Ils\u00a0imposent\u00a0 des protocoles et des r\u00e8gles contraires aux savoirs humains.<\/p>\n<p style=\"text-align: justify;\">Ces transformations sont les cons\u00e9quences conceptuelles et pratiques de l\u2019id\u00e9ologie n\u00e9o-lib\u00e9rale qui gouverne l\u2019organisation capitaliste de la production industrielle, auxquelles les notions de rentabilit\u00e9 et d\u2019\u00e9valuation sont rattach\u00e9es. Cette id\u00e9ologie a progressivement infiltr\u00e9 les domaines de l\u2019enseignement, de la formation, de la culture et de la sant\u00e9. Elle a ainsi produit une forme de \u00ab\u00a0contention id\u00e9ologique\u00a0\u00bb, renforc\u00e9e par une novlangue qui a pour but de miner silencieusement et sans d\u00e9bat nos environnements quotidien et professionnel.<\/p>\n<p style=\"text-align: justify;\">La n\u00e9cessaire prise en compte de la complexit\u00e9 inconsciente du psychisme humain, des liens\u00a0entre les sujets et entre les g\u00e9n\u00e9rations, et du rapport de chacun \u00e0 son histoire et \u00e0 sa culture, est violemment rejet\u00e9e par cette id\u00e9ologie. Cette complexit\u00e9 humaine est cependant utilis\u00e9e et exploit\u00e9e sans vergogne lorsqu\u2019il s\u2019agit de stimuler la consommation, d\u2019influencer l\u2019opinion ou d\u2019agir sur le comportement des populations.<\/p>\n<p style=\"text-align: justify;\">Disons-le clairement, dans les champs sanitaire, m\u00e9dico-social, p\u00e9dagogique, \u00e9ducatif ou judiciaire, le mode de management impos\u00e9 doit \u00eatre d\u00e9nonc\u00e9 comme \u00ab\u00a0non recommandable\u00a0\u00bb. Il est dangereux et destructeur. Il nous convoque \u00e0 r\u00e9sister\u00a0!<\/p>\n<p style=\"text-align: justify;\"><strong>Nous n\u2019acceptons pas\u00a0:<\/strong><\/p>\n<ul>\n<li style=\"text-align: justify;\">l\u2019\u00e9vacuation de la souffrance psychique dans les notions ambigu\u00ebs du trouble (D.S.M.-5) et du handicap (M.D.P.H.)\u00a0;<\/li>\n<li style=\"text-align: justify;\">l\u2019invasion de la pratique clinique par des actes administratifs et des pseudo-\u00e9valuations avec pour cons\u00e9quence directe de r\u00e9duire le temps consacr\u00e9 aux enfants et \u00e0 leurs familles\u00a0;<\/li>\n<li style=\"text-align: justify;\">la r\u00e9duction ou la disparition des postes de psychologues, de psychiatres, d\u2019infirmiers, d\u2019\u00e9ducateurs, etc., dans les structures existantes. Nous refusons l\u2019allongement insupportable des temps d\u2019attente pour obtenir la mise en place de soins, et la diminution d\u2019offre de soins qui en sont les cons\u00e9quences directes\u00a0;<\/li>\n<li style=\"text-align: justify;\">l\u2019alourdissement du nombre de suivis \u00e0 assurer par chaque professionnel et l\u2019\u00e9puisement professionnel qui s\u2019ensuit\u00a0;<\/li>\n<li style=\"text-align: justify;\">la mise en danger CMPP par l\u2019amputation du personnel enseignant, ou par leur fusion dans des CPOM (Contrat Pluriannuel d\u2019Objectifs et de Moyens) entit\u00e9 de gestion o\u00f9 risquent de se perdre la proximit\u00e9 et la libert\u00e9 d\u2019acc\u00e8s aux soins.<\/li>\n<li style=\"text-align: justify;\">la dissolution des secteurs de p\u00e9dopsychiatrie dans les GHT (groupe hospitalier de territoire), rendant impossible la proximit\u00e9 n\u00e9cessaire, r\u00e9duisant et pr\u00e9carisant les \u00e9quipes, d\u00e9truisant les partenariats, etc.<\/li>\n<li style=\"text-align: justify;\">la r\u00e9duction comme peau de chagrin\u00a0de l\u2019offre de la PMI aux familles (disparition des bilans de sant\u00e9 \u00e0 quatre ans, suivi des enfants ramen\u00e9 de six \u00e0 quatre ans ou m\u00eame \u00e0 deux ans, report du premier rendez-vous apr\u00e8s la naissance \u00e0 trois mois ou plus, diminution du temps de consultation, etc.) et perde son \u00e2me dans des t\u00e2ches plus administratives que d\u2019accueil et de soins.<\/li>\n<li style=\"text-align: justify;\">le manque criant de moyens accord\u00e9s par les conseils d\u00e9partementaux \u00e0 l\u2019ASE (Aide Sociale \u00e0 l\u2019Enfance) qui aboutit \u00e0 des maltraitances institutionnelles, \u00e0 des abandons de situations ou\u00a0 \u00e0 des suivis \u00e9ducatifs qui n\u2019en ont\u00a0 que le nom, puisqu\u2019aujourd\u2019hui la pr\u00e9vention se r\u00e9duit trop souvent \u00e0 des signalements.<\/li>\n<\/ul>\n<p><strong>Nous refusons ces volont\u00e9s d\u2019emprise qui conduisent \u00e0 escamoter le temps de l\u2019enfance et attaquent notre humanit\u00e9. Nous affirmons que rien n\u2019est in\u00e9luctable\u00a0!<\/strong><\/p>\n<p>D\u00e9battre, r\u00e9sister individuellement et collectivement pour cr\u00e9er de nouvelles alternatives devient un autre imp\u00e9ratif.<\/p>\n<p>Il en va de l\u2019avenir de l\u2019enfance, de nos m\u00e9tiers et de nos pratiques qui donnent aux mots \u2013 subjectivit\u00e9, parole et histoire \u2013 leurs sens.<\/p>\n<p>Il en va du devenir des enfants.<\/p>\n<p><strong>Se taire n\u2019est plus de mise.<\/strong><\/p>\n<p><strong>Rejoignons-nous\u00a0!<\/strong><\/p>\n<p><strong>\u00e0 LA PAROLE ERRANTE <\/strong><\/p>\n<p><strong>Pour un Meeting Po\u00e9tique et Politique\u00a0:<\/strong><\/p>\n<p><strong>ENFANCE EFFAC\u00c9E\u00a0!? <\/strong><\/p>\n<p><strong>R\u00c9SISTER, INVENTER\u2026<\/strong><\/p>\n<p><strong>Dimanche 16 octobre 2016<\/strong><\/p>\n<p>de 9h \u00e018h<\/p>\n<p>Montreuil, 9 rue Fran\u00e7ois Debergue<\/p>\n<p>M\u00b0 Croix-de-Chavaux (ligne 9)<\/p>\n<p><a href=\"https:\/\/www.collectifpsychiatrie.fr\/wp-content\/uploads\/2016\/09\/AfficheSans.pdf\">AfficheSans$<\/a><\/p>\n","protected":false},"excerpt":{"rendered":"<p>ENFANCE EFFAC\u00c9E ..? \u00a0R\u00c9SISTER, INVENTER\u2026 Journ\u00e9e po\u00e9tique et politique Nous sommes inquiets et en col\u00e8re. Les politiques s\u2019attaquent \u00e0 notre humanit\u00e9 d\u00e8s l\u2019enfance. Vous,\u00a0 soignants, \u00e9ducateurs, parents, acteurs du champ\u00a0 de l\u2019enfance et de l\u2019adolescence\u00a0: Vous qui \u00eates nombreux \u00e0 porter une culture, des id\u00e9es, des exp\u00e9riences respectueuses de la complexit\u00e9 humaine et de la &hellip; <a href=\"https:\/\/www.collectifpsychiatrie.fr\/?p=8307\" class=\"more-link\">Continuer la lecture de <span class=\"screen-reader-text\">Meeting Po\u00e9tique et Politique :  ENFANCE EFFAC\u00c9E..?  R\u00c9SISTER, INVENTER<\/span>  <span class=\"meta-nav\">&rarr;<\/span><\/a><\/p>\n","protected":false},"author":8,"featured_media":0,"comment_status":"closed","ping_status":"open","sticky":false,"template":"","format":"standard","meta":{"footnotes":""},"categories":[370],"tags":[],"class_list":["post-8307","post","type-post","status-publish","format-standard","hentry","category-groupe-enfance"],"_links":{"self":[{"href":"https:\/\/www.collectifpsychiatrie.fr\/index.php?rest_route=\/wp\/v2\/posts\/8307","targetHints":{"allow":["GET"]}}],"collection":[{"href":"https:\/\/www.collectifpsychiatrie.fr\/index.php?rest_route=\/wp\/v2\/posts"}],"about":[{"href":"https:\/\/www.collectifpsychiatrie.fr\/index.php?rest_route=\/wp\/v2\/types\/post"}],"author":[{"embeddable":true,"href":"https:\/\/www.collectifpsychiatrie.fr\/index.php?rest_route=\/wp\/v2\/users\/8"}],"replies":[{"embeddable":true,"href":"https:\/\/www.collectifpsychiatrie.fr\/index.php?rest_route=%2Fwp%2Fv2%2Fcomments&post=8307"}],"version-history":[{"count":10,"href":"https:\/\/www.collectifpsychiatrie.fr\/index.php?rest_route=\/wp\/v2\/posts\/8307\/revisions"}],"predecessor-version":[{"id":8369,"href":"https:\/\/www.collectifpsychiatrie.fr\/index.php?rest_route=\/wp\/v2\/posts\/8307\/revisions\/8369"}],"wp:attachment":[{"href":"https:\/\/www.collectifpsychiatrie.fr\/index.php?rest_route=%2Fwp%2Fv2%2Fmedia&parent=8307"}],"wp:term":[{"taxonomy":"category","embeddable":true,"href":"https:\/\/www.collectifpsychiatrie.fr\/index.php?rest_route=%2Fwp%2Fv2%2Fcategories&post=8307"},{"taxonomy":"post_tag","embeddable":true,"href":"https:\/\/www.collectifpsychiatrie.fr\/index.php?rest_route=%2Fwp%2Fv2%2Ftags&post=8307"}],"curies":[{"name":"wp","href":"https:\/\/api.w.org\/{rel}","templated":true}]}}