{"id":8322,"date":"2016-06-20T04:50:47","date_gmt":"2016-06-20T04:50:47","guid":{"rendered":"http:\/\/www.collectifpsychiatrie.fr\/?p=8322"},"modified":"2016-09-06T12:53:57","modified_gmt":"2016-09-06T12:53:57","slug":"les-39-a-jazz-in-marciac-le-4-aout-2016","status":"publish","type":"post","link":"https:\/\/www.collectifpsychiatrie.fr\/?p=8322","title":{"rendered":"Les 39 \u00e0 Jazz in Marciac le 4 ao\u00fbt 2016"},"content":{"rendered":"<p><a href=\"https:\/\/www.collectifpsychiatrie.fr\/wp-content\/uploads\/2011\/09\/bird11.jpg\"><img loading=\"lazy\" decoding=\"async\" class=\"aligncenter size-medium wp-image-2198\" src=\"https:\/\/www.collectifpsychiatrie.fr\/wp-content\/uploads\/2011\/09\/bird11-225x300.jpg\" alt=\"bird\" width=\"225\" height=\"300\" \/><\/a><\/p>\n<p>&nbsp;<\/p>\n<p>Quelle Hospitalit\u00e9 pour la folie ?\u00a0Collectif des 39<\/p>\n<p>Avec La Ligue de l\u2019Enseignement du Gers<\/p>\n<p><strong>Jeudi 4 ao\u00fbt 2016 \u00e0 14h30.<\/strong><\/p>\n<p>Projection \u2013 D\u00e9bat autour du film de C\u00e9cile Philippin<\/p>\n<p><a href=\"http:\/\/vivreenville.surlepalier.com\/index.php - film\">VIVRE EN VILLE<\/a><\/p>\n<p>\u00ab Comment se loger, travailler, se soigner, s&rsquo;\u00e9panouir, lorsque l&rsquo;on vit en ville avec une souffrance psychique ? A l&rsquo;\u00e9coute des t\u00e9moignages singuliers d&rsquo;une quinzaine de personnes soign\u00e9es en psychiatrie, le film \u00ab\u00a0Vivre en ville\u00a0\u00bb dessine un \u00e9tat des lieux intime et concret du soin hors de l&rsquo;h\u00f4pital et des enjeux du vivre ensemble. \u00bb<\/p>\n<p>Le d\u00e9bat sera anim\u00e9 par Catherine Garlin, psychiatre, membre de l\u2019association \u00ab Vivre en ville \u00bb, Patrick Estrade, infirmier de secteur, membre des PsyCauses, et Paul Machto, psychiatre, du Collectif des 39 \u00ab Quelle hospitalit\u00e9 pour la folie ? \u00bb.<!--more--><\/p>\n<p><a href=\"https:\/\/www.collectifpsychiatrie.fr\/wp-content\/uploads\/2016\/07\/Vivre-en-ville.png\"><img loading=\"lazy\" decoding=\"async\" class=\"aligncenter size-medium wp-image-8323\" src=\"https:\/\/www.collectifpsychiatrie.fr\/wp-content\/uploads\/2016\/07\/Vivre-en-ville-300x215.png\" alt=\"Vivre en ville\" width=\"300\" height=\"215\" srcset=\"https:\/\/www.collectifpsychiatrie.fr\/wp-content\/uploads\/2016\/07\/Vivre-en-ville-300x215.png 300w, https:\/\/www.collectifpsychiatrie.fr\/wp-content\/uploads\/2016\/07\/Vivre-en-ville.png 339w\" sizes=\"auto, (max-width: 300px) 100vw, 300px\" \/><\/a><\/p>\n<p><strong>Suivi d&rsquo;une Pr\u00e9sentation et discussion avec Mireille Nathan-Murat, auteure du livre de Psy Fictions, \u00ab\u00a0Couleurs de transfert\u00a0\u00bb.16h45 \u00e0 17h45<\/strong><\/p>\n<p>Une psychanalyste invente des personnages hauts en couleurs de transfert, incarnant la vari\u00e9t\u00e9 de sa pratique des ann\u00e9es soixante \u00e0 nos jours : enthousiaste dans le sillage de la psychoth\u00e9rapie institutionnelle et du secteur ; tourment\u00e9e par la trag\u00e9die des ann\u00e9es sida et le retour du discours d&rsquo;extr\u00eame droite.<\/p>\n<p>Les pol\u00e9miques m\u00e9diatiques quant \u00e0 l&rsquo;accueil des enfants autistes et leurs familles lui inspirent un r\u00e9cit de psychoth\u00e9rapie \u00e0 plusieurs voix, rebondissant des drames du principe de pr\u00e9caution, \u00e0 l&rsquo;espoir d&rsquo;un passage de relais avec l&rsquo;appel du Collectif des 39 contre la nuit s\u00e9curitaire.<\/p>\n","protected":false},"excerpt":{"rendered":"<p>&nbsp; Quelle Hospitalit\u00e9 pour la folie ?\u00a0Collectif des 39 Avec La Ligue de l\u2019Enseignement du Gers Jeudi 4 ao\u00fbt 2016 \u00e0 14h30. Projection \u2013 D\u00e9bat autour du film de C\u00e9cile Philippin VIVRE EN VILLE \u00ab Comment se loger, travailler, se soigner, s&rsquo;\u00e9panouir, lorsque l&rsquo;on vit en ville avec une souffrance psychique ? A l&rsquo;\u00e9coute des &hellip; <a href=\"https:\/\/www.collectifpsychiatrie.fr\/?p=8322\" class=\"more-link\">Continuer la lecture de <span class=\"screen-reader-text\">Les 39 \u00e0 Jazz in Marciac le 4 ao\u00fbt 2016<\/span>  <span class=\"meta-nav\">&rarr;<\/span><\/a><\/p>\n","protected":false},"author":8,"featured_media":0,"comment_status":"closed","ping_status":"open","sticky":false,"template":"","format":"standard","meta":{"footnotes":""},"categories":[2,5,6],"tags":[],"class_list":["post-8322","post","type-post","status-publish","format-standard","hentry","category-agenda","category-culture","category-evenements"],"_links":{"self":[{"href":"https:\/\/www.collectifpsychiatrie.fr\/index.php?rest_route=\/wp\/v2\/posts\/8322","targetHints":{"allow":["GET"]}}],"collection":[{"href":"https:\/\/www.collectifpsychiatrie.fr\/index.php?rest_route=\/wp\/v2\/posts"}],"about":[{"href":"https:\/\/www.collectifpsychiatrie.fr\/index.php?rest_route=\/wp\/v2\/types\/post"}],"author":[{"embeddable":true,"href":"https:\/\/www.collectifpsychiatrie.fr\/index.php?rest_route=\/wp\/v2\/users\/8"}],"replies":[{"embeddable":true,"href":"https:\/\/www.collectifpsychiatrie.fr\/index.php?rest_route=%2Fwp%2Fv2%2Fcomments&post=8322"}],"version-history":[{"count":2,"href":"https:\/\/www.collectifpsychiatrie.fr\/index.php?rest_route=\/wp\/v2\/posts\/8322\/revisions"}],"predecessor-version":[{"id":8335,"href":"https:\/\/www.collectifpsychiatrie.fr\/index.php?rest_route=\/wp\/v2\/posts\/8322\/revisions\/8335"}],"wp:attachment":[{"href":"https:\/\/www.collectifpsychiatrie.fr\/index.php?rest_route=%2Fwp%2Fv2%2Fmedia&parent=8322"}],"wp:term":[{"taxonomy":"category","embeddable":true,"href":"https:\/\/www.collectifpsychiatrie.fr\/index.php?rest_route=%2Fwp%2Fv2%2Fcategories&post=8322"},{"taxonomy":"post_tag","embeddable":true,"href":"https:\/\/www.collectifpsychiatrie.fr\/index.php?rest_route=%2Fwp%2Fv2%2Ftags&post=8322"}],"curies":[{"name":"wp","href":"https:\/\/api.w.org\/{rel}","templated":true}]}}