{"id":8415,"date":"2016-10-25T21:03:50","date_gmt":"2016-10-25T21:03:50","guid":{"rendered":"http:\/\/www.collectifpsychiatrie.fr\/?p=8415"},"modified":"2021-05-15T08:45:46","modified_gmt":"2021-05-15T08:45:46","slug":"a-propos-de-larticle-jai-fait-un-mauvais-reve","status":"publish","type":"post","link":"https:\/\/www.collectifpsychiatrie.fr\/?p=8415","title":{"rendered":"A propos de l&rsquo;article, J\u2019ai fait un mauvais r\u00eave."},"content":{"rendered":"<p style=\"text-align: justify;\"><strong>Le Collectif des 39 publie, \u00e0 nouveau, le texte qui a \u00e9t\u00e9 confi\u00e9 \u00e0 son Blog par Philippe Rassat, membre du Collectif des 39, afin de mener dans cet espace, d\u00e9di\u00e9 \u00e0 la r\u00e9flexion des professionnels et des proches des patients en psychiatrie, un d\u00e9bat autour des questions, des tensions, voire des temp\u00eates, concernant la pratique du packing.<\/strong><\/p>\n<p style=\"text-align: justify;\"><strong>En effet, sa publication avait \u00e9t\u00e9 suspendue par prudence durant cet \u00e9t\u00e9, suite aux actions surprenantes de l\u2019ARS d\u2019 Aquitaine-Limousin-Poitou-Charente qui a non seulement condamn\u00e9 les opinions de Philippe Rassat (ce qui, en soi et sous cette forme, est d\u00e9j\u00e0 surprenant pour une agence publique), mais qui a d\u00e9cid\u00e9 d\u2019intervenir aupr\u00e8s de ses deux employeurs d\u2019une fa\u00e7on qui aurait pu aboutir aux licenciements de ce professionnel ! Cela nous a paru extr\u00eamement inqui\u00e9tant et incompr\u00e9hensible, et nous avons donc pris le temps n\u00e9cessaire de r\u00e9flexion et de conseil juridique.<\/strong><\/p>\n<p style=\"text-align: justify;\"><strong>&nbsp;Le Collectif des 39 tient \u00e0 pr\u00e9server, malgr\u00e9 ces attaques qui t\u00e9moignent d\u2019une ambiance de plus en plus anti-d\u00e9mocratique, l\u2019existence d\u2019un espace d\u2019expression respectueux \u00e0 la fois de la libert\u00e9 des opinions et du droit.<\/strong><\/p>\n<p style=\"text-align: justify;\"><strong>Nous tenons toutefois \u00e0 faire remarquer, que les actions de l\u2019ARS qui visent l\u2019auteur du texte semblent, sur certains points, confirmer les pr\u00e9occupations exprim\u00e9es dans son texte par Philippe Rassat &#8211; acteur de terrain attentif, citoyen engag\u00e9 et professionnel appr\u00e9ci\u00e9 &#8211; sur la dimension id\u00e9ologique autoritariste, antid\u00e9mocratique, du management qui se r\u00e9pand dans le champ du soin. Les \u00e9pisodes des Plans autisme, et celui plus r\u00e9cent de la cr\u00e9ation des GHT, en sont des exemples criants exp\u00e9riment\u00e9s par tous les professionnels.<\/strong><\/p>\n<p style=\"text-align: justify;\"><strong>Nous tenons \u00e0 rappeler \u00e9galement que le film \u00ab&nbsp;Le Mur&nbsp;\u00bb, soutenu par un collectif qui comprend \u00e0 la fois des parents et des tenants des \u00abth\u00e9rapies\u00bb cognitivo-comportementales, dont parle Philippe<\/strong><\/p>\n<p style=\"text-align: justify;\"><strong>Rassat dans son texte, a d\u2019abord \u00e9t\u00e9 condamn\u00e9 \u00e0 l\u2019interdiction de diffusion. A notre connaissance cette interdiction a \u00e9t\u00e9 lev\u00e9e en appel, en vertu de la libert\u00e9 d\u2019expression, sans pour autant que le tribunal d\u2019appel d\u00e9savoue le fait qu\u2019il s\u2019agit d\u2019un montage manipulateur, qui nous appara\u00eet digne des films de propagande des r\u00e9gimes extr\u00e9mistes des ann\u00e9es 30-40. L\u2019immense majorit\u00e9 des familles des enfants autistes et des professionnels ne peut se reconna\u00eetre dans ces proc\u00e9d\u00e9s condamnables. &nbsp; &nbsp; &nbsp; &nbsp; &nbsp; &nbsp; &nbsp; &nbsp; &nbsp; &nbsp; &nbsp; &nbsp; &nbsp; &nbsp; &nbsp; &nbsp; &nbsp; &nbsp; &nbsp; &nbsp; &nbsp; &nbsp; &nbsp;<\/strong><\/p>\n<p style=\"text-align: justify;\"><strong>Le Collectif des 39.<\/strong><\/p>\n<hr \/>\n<p style=\"text-align: justify;\">Le texte est retir\u00e9 \u00e0 la demande de la pr\u00e9sidente de l\u2019union r\u00e9gionale Poitou-charentes d\u2019Autisme France suite&nbsp;\u00e0 la r\u00e9union de conciliation organis\u00e9e par le conseil d\u00e9partemental de l\u2019ordre des m\u00e9decins de Gironde.<\/p>\n<p style=\"text-align: justify;\">Il est remplac\u00e9 par le texte suivant de Philippe Rassat :<\/p>\n<div>\n<p><i>\u00ab&nbsp;Sinc\u00e8rement je n\u2019ai jamais eu l\u2019intention, en m\u2019exprimant comme je l\u2019ai fait, dans le cadre d\u2019un d\u00e9bat d\u2019id\u00e9e, de heurter quiconque. &nbsp;<\/i><i>Si tel est le cas je le regrette et je pr\u00e9sente mes excuses aux parents qui ont pu \u00eatre affect\u00e9s.<\/i>&nbsp;\u00bb<\/p>\n<\/div>\n","protected":false},"excerpt":{"rendered":"<p>Le Collectif des 39 publie, \u00e0 nouveau, le texte qui a \u00e9t\u00e9 confi\u00e9 \u00e0 son Blog par Philippe Rassat, membre du Collectif des 39, afin de mener dans cet espace, d\u00e9di\u00e9 \u00e0 la r\u00e9flexion des professionnels et des proches des patients en psychiatrie, un d\u00e9bat autour des questions, des tensions, voire des temp\u00eates, concernant la &hellip; <a href=\"https:\/\/www.collectifpsychiatrie.fr\/?p=8415\" class=\"more-link\">Continuer la lecture de <span class=\"screen-reader-text\">A propos de l&rsquo;article, J\u2019ai fait un mauvais r\u00eave.<\/span>  <span class=\"meta-nav\">&rarr;<\/span><\/a><\/p>\n","protected":false},"author":78,"featured_media":0,"comment_status":"closed","ping_status":"open","sticky":false,"template":"","format":"standard","meta":{"footnotes":""},"categories":[372],"tags":[384],"class_list":["post-8415","post","type-post","status-publish","format-standard","hentry","category-articles-39","tag-groupe-enfance"],"_links":{"self":[{"href":"https:\/\/www.collectifpsychiatrie.fr\/index.php?rest_route=\/wp\/v2\/posts\/8415","targetHints":{"allow":["GET"]}}],"collection":[{"href":"https:\/\/www.collectifpsychiatrie.fr\/index.php?rest_route=\/wp\/v2\/posts"}],"about":[{"href":"https:\/\/www.collectifpsychiatrie.fr\/index.php?rest_route=\/wp\/v2\/types\/post"}],"author":[{"embeddable":true,"href":"https:\/\/www.collectifpsychiatrie.fr\/index.php?rest_route=\/wp\/v2\/users\/78"}],"replies":[{"embeddable":true,"href":"https:\/\/www.collectifpsychiatrie.fr\/index.php?rest_route=%2Fwp%2Fv2%2Fcomments&post=8415"}],"version-history":[{"count":4,"href":"https:\/\/www.collectifpsychiatrie.fr\/index.php?rest_route=\/wp\/v2\/posts\/8415\/revisions"}],"predecessor-version":[{"id":9472,"href":"https:\/\/www.collectifpsychiatrie.fr\/index.php?rest_route=\/wp\/v2\/posts\/8415\/revisions\/9472"}],"wp:attachment":[{"href":"https:\/\/www.collectifpsychiatrie.fr\/index.php?rest_route=%2Fwp%2Fv2%2Fmedia&parent=8415"}],"wp:term":[{"taxonomy":"category","embeddable":true,"href":"https:\/\/www.collectifpsychiatrie.fr\/index.php?rest_route=%2Fwp%2Fv2%2Fcategories&post=8415"},{"taxonomy":"post_tag","embeddable":true,"href":"https:\/\/www.collectifpsychiatrie.fr\/index.php?rest_route=%2Fwp%2Fv2%2Ftags&post=8415"}],"curies":[{"name":"wp","href":"https:\/\/api.w.org\/{rel}","templated":true}]}}