{"id":8434,"date":"2016-11-03T23:22:39","date_gmt":"2016-11-03T23:22:39","guid":{"rendered":"http:\/\/www.collectifpsychiatrie.fr\/?p=8434"},"modified":"2021-05-15T09:14:34","modified_gmt":"2021-05-15T09:14:34","slug":"un-enfant-peut-il-encore-trouver-dans-lespace-social-des-lieux","status":"publish","type":"post","link":"https:\/\/www.collectifpsychiatrie.fr\/?p=8434","title":{"rendered":"Un enfant peut-il encore trouver dans l\u2019espace social des lieux&#8230;"},"content":{"rendered":"<p style=\"text-align: justify;\">Jos\u00e9 Morel Cinq Mars &nbsp; &nbsp;Psychologue<\/p>\n<p style=\"text-align: justify;\">Un enfant peut-il encore trouver dans l\u2019espace social des lieux o\u00f9 <i>grandir bien<\/i> serait possible parce qu\u2019on lui permettrait d\u2019\u00eatre insouciant, curieux et changeant&nbsp;?<\/p>\n<p style=\"text-align: justify;\">Un enfant peut-il encore \u00eatre espi\u00e8gle&nbsp;? timide&nbsp;?&nbsp; turbulent&nbsp;?&nbsp; frondeur&nbsp;?&nbsp; lunaire&nbsp;?&nbsp; joueur&nbsp;? distrait&nbsp;?&nbsp; sans que pression soit faite pour le \u00ab&nbsp;normaliser&nbsp;\u00bb ?<\/p>\n<p style=\"text-align: justify;\">Un enfant peut-il encore \u00eatre accompagn\u00e9 dans ses difficult\u00e9s \u00e0 l\u2019\u00e9cole ou dans sa famille sans qu\u2019on le d\u00e9signe comme handicap\u00e9&nbsp;?<!--more--><\/p>\n<p style=\"text-align: justify;\">Et quand cela s\u2019av\u00e8re n\u00e9cessaire peut-il encore \u00eatre soign\u00e9 sans se heurter \u00e0 une interminable&nbsp;liste d\u2019attente et \u00e0 une affligeante p\u00e9nurie de personnels diversement comp\u00e9tents&nbsp;?<\/p>\n<p style=\"text-align: justify;\">Conscient d\u2019\u00eatre plong\u00e9 dans un monde o\u00f9 l\u2019\u00e9cole, l\u2019h\u00f4pital, les lieux de soin, les lieux d\u2019accueil de la petite enfance etc.&nbsp; sont mis en p\u00e9ril par des obligations de gestion administrative et de rentabilit\u00e9, qui d\u00e9naturent leur action et font offense \u00e0 l\u2019id\u00e9e m\u00eame d\u2019enfance,<\/p>\n<p style=\"text-align: justify;\">Le groupe enfance du collectif des 39 propose un grand meeting po\u00e9tique et politique \u00e0 Montreuil le dimanche 16 octobre 2016 de 9h \u00e0 18h.<\/p>\n<p style=\"text-align: justify;\">Pourquoi politique&nbsp;?&nbsp; Pour se donner collectivement des outils de pens\u00e9e et d\u2019action.<\/p>\n<p style=\"text-align: justify;\">Pourquoi po\u00e9tique&nbsp;?&nbsp; Parce que l\u2019enfance est un temps de cr\u00e9ativit\u00e9 inou\u00efe et impr\u00e9visible et que nous souhaitons, avec la participation d&rsquo;artistes, un rassemblement amical et inventif comme le sont &nbsp;les enfants.<\/p>\n<p style=\"text-align: justify;\">Au terme de la journ\u00e9e, nous esp\u00e9rons&nbsp; nous savoir plus nombreux et mieux arm\u00e9s<br \/>\npour r\u00e9sister aux diff\u00e9rentes man\u0153uvres qui attaquent la p\u00e9dopsychiatrie&nbsp; et tout aussi fortement tous les autres lieux de vie, de soin, d\u2019\u00e9ducation&nbsp; et de culture destin\u00e9s aux enfants et aux adolescents, et pour inventer un monde qui, co\u00fbte que co\u00fbte, donne sa place \u00e0 l\u2019enfance, et aux enfants.<\/p>\n","protected":false},"excerpt":{"rendered":"<p>Jos\u00e9 Morel Cinq Mars &nbsp; &nbsp;Psychologue Un enfant peut-il encore trouver dans l\u2019espace social des lieux o\u00f9 grandir bien serait possible parce qu\u2019on lui permettrait d\u2019\u00eatre insouciant, curieux et changeant&nbsp;? Un enfant peut-il encore \u00eatre espi\u00e8gle&nbsp;? timide&nbsp;?&nbsp; turbulent&nbsp;?&nbsp; frondeur&nbsp;?&nbsp; lunaire&nbsp;?&nbsp; joueur&nbsp;? distrait&nbsp;?&nbsp; sans que pression soit faite pour le \u00ab&nbsp;normaliser&nbsp;\u00bb ? Un enfant peut-il encore &hellip; <a href=\"https:\/\/www.collectifpsychiatrie.fr\/?p=8434\" class=\"more-link\">Continuer la lecture de <span class=\"screen-reader-text\">Un enfant peut-il encore trouver dans l\u2019espace social des lieux&#8230;<\/span>  <span class=\"meta-nav\">&rarr;<\/span><\/a><\/p>\n","protected":false},"author":78,"featured_media":0,"comment_status":"closed","ping_status":"open","sticky":false,"template":"","format":"standard","meta":{"footnotes":""},"categories":[372,370],"tags":[384],"class_list":["post-8434","post","type-post","status-publish","format-standard","hentry","category-articles-39","category-groupe-enfance","tag-groupe-enfance"],"_links":{"self":[{"href":"https:\/\/www.collectifpsychiatrie.fr\/index.php?rest_route=\/wp\/v2\/posts\/8434","targetHints":{"allow":["GET"]}}],"collection":[{"href":"https:\/\/www.collectifpsychiatrie.fr\/index.php?rest_route=\/wp\/v2\/posts"}],"about":[{"href":"https:\/\/www.collectifpsychiatrie.fr\/index.php?rest_route=\/wp\/v2\/types\/post"}],"author":[{"embeddable":true,"href":"https:\/\/www.collectifpsychiatrie.fr\/index.php?rest_route=\/wp\/v2\/users\/78"}],"replies":[{"embeddable":true,"href":"https:\/\/www.collectifpsychiatrie.fr\/index.php?rest_route=%2Fwp%2Fv2%2Fcomments&post=8434"}],"version-history":[{"count":4,"href":"https:\/\/www.collectifpsychiatrie.fr\/index.php?rest_route=\/wp\/v2\/posts\/8434\/revisions"}],"predecessor-version":[{"id":9476,"href":"https:\/\/www.collectifpsychiatrie.fr\/index.php?rest_route=\/wp\/v2\/posts\/8434\/revisions\/9476"}],"wp:attachment":[{"href":"https:\/\/www.collectifpsychiatrie.fr\/index.php?rest_route=%2Fwp%2Fv2%2Fmedia&parent=8434"}],"wp:term":[{"taxonomy":"category","embeddable":true,"href":"https:\/\/www.collectifpsychiatrie.fr\/index.php?rest_route=%2Fwp%2Fv2%2Fcategories&post=8434"},{"taxonomy":"post_tag","embeddable":true,"href":"https:\/\/www.collectifpsychiatrie.fr\/index.php?rest_route=%2Fwp%2Fv2%2Ftags&post=8434"}],"curies":[{"name":"wp","href":"https:\/\/api.w.org\/{rel}","templated":true}]}}