{"id":8483,"date":"2016-12-04T17:36:31","date_gmt":"2016-12-04T17:36:31","guid":{"rendered":"http:\/\/www.collectifpsychiatrie.fr\/?p=8483"},"modified":"2021-05-15T09:18:25","modified_gmt":"2021-05-15T09:18:25","slug":"communique-assez","status":"publish","type":"post","link":"https:\/\/www.collectifpsychiatrie.fr\/?p=8483","title":{"rendered":"ASSEZ !"},"content":{"rendered":"<p style=\"text-align: justify;\">D\u00e9j\u00e0 en juin 2013 nous lancions un appel avec plusieurs dizaines d\u2019associations et organisations pour demander la suppression de la recommandation de l\u2019HAS et la n\u00e9cessit\u00e9 imp\u00e9rieuse d&rsquo;un autre plan autisme. (<a href=\"http:\/\/www.hospitalite-collectif39.org\/?-appel-des-1000-juin-2013-\">http:\/\/www.hospitalite-collectif39.org\/?-APPEL-DES-1000-JUIN-2013-<\/a>). &nbsp;Cet appel a \u00e9t\u00e9 sign\u00e9 par 7835 personnes .<\/p>\n<p style=\"text-align: justify;\">&nbsp;Le d\u00e9put\u00e9 Daniel Fasquelle, suivi par pr\u00e8s de la moiti\u00e9 des d\u00e9put\u00e9s du groupe LR r\u00e9it\u00e8re son acharnement contre la diversit\u00e9 des pratiques et le libre choix&nbsp;des parents et des patients par une proposition de r\u00e9solution (n\u00b0 4134) qui sera pr\u00e9sent\u00e9e au Parlement le 8 d\u00e9cembre 2016.<!--more--><\/p>\n<p style=\"text-align: justify;\">&nbsp;Il va encore plus loin que la ministre de l\u2019\u00e9poque, Madame Carlotti, que Madame S\u00e9gol\u00e8ne Neuville et Marisol Touraine en mai 2016 qui avaient elles-aussi tent\u00e9 de limiter cette libert\u00e9 de choix. Le pr\u00e9sident Hollande avait alors appel\u00e9 \u00e0 l\u2019apaisement et \u00e0 faire cesser cette \u00ab&nbsp;guerre&nbsp;\u00bb.<\/p>\n<p style=\"text-align: justify;\">&nbsp;S\u2019appuyant sur un d\u00e9voiement de la recommandation de la Haute Autorit\u00e9 de Sant\u00e9, en instaurant une \u00ab&nbsp;science d\u2019Etat&nbsp;\u00bb, il souhaite imposer l\u2019interdiction de la r\u00e9f\u00e9rence \u00e0 la psychanalyse, interdire leur libert\u00e9 de prescription aux&nbsp; professionnels et leur libert\u00e9 de choix aux patients et aux parents.<\/p>\n<p style=\"text-align: justify;\">&nbsp;Ce risque d\u2019atteinte \u00e0 ces libert\u00e9s engagerait notre pays sur une pente des plus inqui\u00e9tantes&nbsp;:<\/p>\n<p style=\"text-align: justify;\">&#8211;&nbsp;un Etat peut-il imposer une technique de soins pour telle ou telle pathologie&nbsp;?<\/p>\n<p style=\"text-align: justify;\">&#8211;&nbsp;un Etat peut-il interdire la r\u00e9f\u00e9rence \u00e0 un \u00e9l\u00e9ment essentiel de l\u2019histoire de la Culture, des id\u00e9es et un outil th\u00e9rapeutique&nbsp;?<\/p>\n<p style=\"text-align: justify;\">&nbsp;Monsieur le D\u00e9put\u00e9 Fasquelle, d\u2019autres d\u00e9put\u00e9s, nos gouvernants auraient-ils la m\u00e9moire courte au regard de l\u2019Histoire, du type d\u2019Etats qui ont &nbsp;prononc\u00e9es &nbsp;dans le pass\u00e9 des interdictions \u00e0 l\u2019encontre de la psychanalyse&nbsp;?<\/p>\n<p style=\"text-align: justify;\">&nbsp;Nous r\u00e9affirmons la n\u00e9cessit\u00e9 d&rsquo;un engagement fort de l&rsquo;Etat \u00e0 promulguer une loi cadre pour la refondation de la psychiatrie de secteur, totalement d\u00e9truite par la loi de sant\u00e9 2016 de Mme Touraine et le rapport Laforcade.<\/p>\n<p style=\"text-align: justify;\">&nbsp;Nous demandons les moyens de la mettre en oeuvre avec les professionnels et les usagers qui sont aujourd&rsquo;hui partie prenante du soin, pour une psychiatrie fond\u00e9e sur l&rsquo;hospitalit\u00e9 et non sur la s\u00e9gr\u00e9gation, l\u2019unicit\u00e9, le formatage des professionnels.<\/p>\n<p style=\"text-align: justify;\">&nbsp;L\u2019emp\u00eachement de penser, donc de cr\u00e9er, pour les patients, pour les professionnels, et pour les familles, est une atteinte \u00e0 la d\u00e9mocratie et \u00e0 la culture.<\/p>\n<p style=\"text-align: justify;\">&nbsp;D\u00e9j\u00e0 en juin 2013, nous appelions \u00e0 un autre plan Autisme, au retrait de la recommandation de l\u2019HAS sur l\u2019autisme et \u00e0 la remise en cause de cette HAS l\u00e0&nbsp;!<\/p>\n<p style=\"text-align: justify;\">&nbsp;Le collectif des 39 (professionnels, familles, patients) appelle \u00e0 se mobiliser contre la proposition de loi insultante et mensong\u00e8re de Monsieur Fasquelle sur la prise en charge de l&rsquo;autisme et soutient l&rsquo;ensemble des appels et p\u00e9titions et appelle \u00e0 les signer .<\/p>\n<p style=\"text-align: justify;\">Voici les liens vers les diff\u00e9rentes initiatives publi\u00e9es \u00e0 ce jour&nbsp;:<\/p>\n<p style=\"text-align: justify;\">\n<p><a href=\"https:\/\/www.change.org\/p\/f\u00e9d\u00e9ration-fran\u00e7aise-des-psychologues-et-de-psychologie-pour-une-pluralit\u00e9-de-l-approche-scientifique-et-professionnelle-de-l-autisme?recruiter=36949727&amp;utm_source=share_petition&amp;utm_medium=copylink\">https:\/\/www.change.org\/p\/f\u00e9d\u00e9ration-fran\u00e7aise-des-psychologues-et-de-psychologie-pour-une-pluralit\u00e9-de-l-approche-scientifique-et-professionnelle-de-l-autisme?recruiter=36949727&amp;utm_source=share_petition&amp;utm_medium=copylink<\/a><\/p>\n<p><a href=\"https:\/\/www.change.org\/p\/\u00e0-tous-les-m\u00e9decins-pour-la-libert\u00e9-de-prescription-des-m\u00e9decins-contre-l-instauration-d-une-science-d-\u00e9tat\">https:\/\/www.change.org\/p\/\u00e0-tous-les-m\u00e9decins-pour-la-libert\u00e9-de-prescription-des-m\u00e9decins-contre-l-instauration-d-une-science-d-\u00e9tat<\/a><\/p>\n<p><a href=\"https:\/\/www.change.org\/p\/marisol-touraine-abrogation-du-projet-de-loi-favorable-\u00e0-la-p\u00e9nalisation-des-psychiatres-et-psychologues?tk=bxvIUk2AC3QfJsPX5pt7b43ZXFNOZ7MFEgD9WvDJ3HA&amp;utm_medium=email&amp;utm_source=signature_receipt&amp;utm_campaign=new_signature\">https:\/\/www.change.org\/p\/marisol-touraine-abrogation-du-projet-de-loi-favorable-\u00e0-la-p\u00e9nalisation-des-psychiatres-et-psychologues?tk=bxvIUk2AC3QfJsPX5pt7b43ZXFNOZ7MFEgD9WvDJ3HA&amp;utm_medium=email&amp;utm_source=signature_receipt&amp;utm_campaign=new_signature<\/a><\/p>\n","protected":false},"excerpt":{"rendered":"<p>D\u00e9j\u00e0 en juin 2013 nous lancions un appel avec plusieurs dizaines d\u2019associations et organisations pour demander la suppression de la recommandation de l\u2019HAS et la n\u00e9cessit\u00e9 imp\u00e9rieuse d&rsquo;un autre plan autisme. (http:\/\/www.hospitalite-collectif39.org\/?-APPEL-DES-1000-JUIN-2013-). &nbsp;Cet appel a \u00e9t\u00e9 sign\u00e9 par 7835 personnes . &nbsp;Le d\u00e9put\u00e9 Daniel Fasquelle, suivi par pr\u00e8s de la moiti\u00e9 des d\u00e9put\u00e9s du groupe &hellip; <a href=\"https:\/\/www.collectifpsychiatrie.fr\/?p=8483\" class=\"more-link\">Continuer la lecture de <span class=\"screen-reader-text\">ASSEZ !<\/span>  <span class=\"meta-nav\">&rarr;<\/span><\/a><\/p>\n","protected":false},"author":78,"featured_media":0,"comment_status":"closed","ping_status":"open","sticky":false,"template":"","format":"standard","meta":{"footnotes":""},"categories":[4],"tags":[263],"class_list":["post-8483","post","type-post","status-publish","format-standard","hentry","category-communiques-des-39","tag-politique"],"_links":{"self":[{"href":"https:\/\/www.collectifpsychiatrie.fr\/index.php?rest_route=\/wp\/v2\/posts\/8483","targetHints":{"allow":["GET"]}}],"collection":[{"href":"https:\/\/www.collectifpsychiatrie.fr\/index.php?rest_route=\/wp\/v2\/posts"}],"about":[{"href":"https:\/\/www.collectifpsychiatrie.fr\/index.php?rest_route=\/wp\/v2\/types\/post"}],"author":[{"embeddable":true,"href":"https:\/\/www.collectifpsychiatrie.fr\/index.php?rest_route=\/wp\/v2\/users\/78"}],"replies":[{"embeddable":true,"href":"https:\/\/www.collectifpsychiatrie.fr\/index.php?rest_route=%2Fwp%2Fv2%2Fcomments&post=8483"}],"version-history":[{"count":4,"href":"https:\/\/www.collectifpsychiatrie.fr\/index.php?rest_route=\/wp\/v2\/posts\/8483\/revisions"}],"predecessor-version":[{"id":9480,"href":"https:\/\/www.collectifpsychiatrie.fr\/index.php?rest_route=\/wp\/v2\/posts\/8483\/revisions\/9480"}],"wp:attachment":[{"href":"https:\/\/www.collectifpsychiatrie.fr\/index.php?rest_route=%2Fwp%2Fv2%2Fmedia&parent=8483"}],"wp:term":[{"taxonomy":"category","embeddable":true,"href":"https:\/\/www.collectifpsychiatrie.fr\/index.php?rest_route=%2Fwp%2Fv2%2Fcategories&post=8483"},{"taxonomy":"post_tag","embeddable":true,"href":"https:\/\/www.collectifpsychiatrie.fr\/index.php?rest_route=%2Fwp%2Fv2%2Ftags&post=8483"}],"curies":[{"name":"wp","href":"https:\/\/api.w.org\/{rel}","templated":true}]}}