{"id":8523,"date":"2017-01-31T13:30:12","date_gmt":"2017-01-31T13:30:12","guid":{"rendered":"http:\/\/www.collectifpsychiatrie.fr\/?p=8523"},"modified":"2017-01-31T13:30:41","modified_gmt":"2017-01-31T13:30:41","slug":"le-sentiment-de-la-psychogeographe","status":"publish","type":"post","link":"https:\/\/www.collectifpsychiatrie.fr\/?p=8523","title":{"rendered":"Le sentiment de la Psychog\u00e9ographe"},"content":{"rendered":"<p><strong>Samedi 11 Mars 2017, de 15H \u00e0 23H,<\/strong>\u00a0 \u00a0 \u00a0 \u00a0 \u00a0 \u00a0 \u00a0 \u00a0 \u00a0 \u00a0 \u00a0 \u00a0 \u00a0 \u00a0 \u00a0 \u00a0 \u00a0 \u00a0 \u00a0 \u00a0 \u00a0 \u00a0 \u00a0 \u00a0 \u00a0 \u00a0 \u00a0 \u00a0 \u00a0 \u00a0Annie Vacelet propose \u00a0une lecture, int\u00e9grale ou presque, du livre<\/p>\n<p>\u00ab Le sentiment de la Psychog\u00e9ographe \u00bb \u00e9crit et publi\u00e9 dans les ann\u00e9es 1990.<\/p>\n<p>Centre d\u2019Anim de la Place des F\u00eates \u00a0 \u00a0 \u00a0 \u00a0 \u00a0 \u00a0 \u00a0 \u00a0 \u00a0 \u00a0 \u00a0 \u00a0 \u00a0 \u00a0 \u00a0 \u00a0 \u00a0 \u00a0 \u00a0 \u00a0 \u00a0 \u00a0 \u00a0 \u00a0 \u00a0 \u00a0 \u00a0 \u00a0 \u00a0 \u00a0 \u00a0 \u00a0 \u00a0 \u00a0 \u00a0 \u00a0\u00a02-4 rue des Lilas 75019 Paris<\/p>\n<p>M\u00e9tro Place des F\u00eates lignes 11 et 7bis. \u00a0 \u00a0 \u00a0\u00a0Bus 48 et 60.<\/p>\n<p><a href=\"https:\/\/www.collectifpsychiatrie.fr\/wp-content\/uploads\/2017\/01\/flyer-annie-vacelet.jpg\"><img loading=\"lazy\" decoding=\"async\" class=\" wp-image-8524  aligncenter\" src=\"https:\/\/www.collectifpsychiatrie.fr\/wp-content\/uploads\/2017\/01\/flyer-annie-vacelet-300x212.jpg\" alt=\"\" width=\"368\" height=\"260\" srcset=\"https:\/\/www.collectifpsychiatrie.fr\/wp-content\/uploads\/2017\/01\/flyer-annie-vacelet-300x212.jpg 300w, https:\/\/www.collectifpsychiatrie.fr\/wp-content\/uploads\/2017\/01\/flyer-annie-vacelet-1024x723.jpg 1024w\" sizes=\"auto, (max-width: 368px) 100vw, 368px\" \/><\/a><\/p>\n<p>&nbsp;<\/p>\n<p><strong>Pensez \u00e0 r\u00e9server par mail : bytarika@orange.fr<\/strong><\/p>\n","protected":false},"excerpt":{"rendered":"<p>Samedi 11 Mars 2017, de 15H \u00e0 23H,\u00a0 \u00a0 \u00a0 \u00a0 \u00a0 \u00a0 \u00a0 \u00a0 \u00a0 \u00a0 \u00a0 \u00a0 \u00a0 \u00a0 \u00a0 \u00a0 \u00a0 \u00a0 \u00a0 \u00a0 \u00a0 \u00a0 \u00a0 \u00a0 \u00a0 \u00a0 \u00a0 \u00a0 \u00a0 \u00a0Annie Vacelet propose \u00a0une lecture, int\u00e9grale ou presque, du livre \u00ab Le sentiment de la Psychog\u00e9ographe \u00bb \u00e9crit et &hellip; <a href=\"https:\/\/www.collectifpsychiatrie.fr\/?p=8523\" class=\"more-link\">Continuer la lecture de <span class=\"screen-reader-text\">Le sentiment de la Psychog\u00e9ographe<\/span>  <span class=\"meta-nav\">&rarr;<\/span><\/a><\/p>\n","protected":false},"author":78,"featured_media":0,"comment_status":"closed","ping_status":"open","sticky":false,"template":"","format":"standard","meta":{"footnotes":""},"categories":[374],"tags":[],"class_list":["post-8523","post","type-post","status-publish","format-standard","hentry","category-articles"],"_links":{"self":[{"href":"https:\/\/www.collectifpsychiatrie.fr\/index.php?rest_route=\/wp\/v2\/posts\/8523","targetHints":{"allow":["GET"]}}],"collection":[{"href":"https:\/\/www.collectifpsychiatrie.fr\/index.php?rest_route=\/wp\/v2\/posts"}],"about":[{"href":"https:\/\/www.collectifpsychiatrie.fr\/index.php?rest_route=\/wp\/v2\/types\/post"}],"author":[{"embeddable":true,"href":"https:\/\/www.collectifpsychiatrie.fr\/index.php?rest_route=\/wp\/v2\/users\/78"}],"replies":[{"embeddable":true,"href":"https:\/\/www.collectifpsychiatrie.fr\/index.php?rest_route=%2Fwp%2Fv2%2Fcomments&post=8523"}],"version-history":[{"count":2,"href":"https:\/\/www.collectifpsychiatrie.fr\/index.php?rest_route=\/wp\/v2\/posts\/8523\/revisions"}],"predecessor-version":[{"id":8526,"href":"https:\/\/www.collectifpsychiatrie.fr\/index.php?rest_route=\/wp\/v2\/posts\/8523\/revisions\/8526"}],"wp:attachment":[{"href":"https:\/\/www.collectifpsychiatrie.fr\/index.php?rest_route=%2Fwp%2Fv2%2Fmedia&parent=8523"}],"wp:term":[{"taxonomy":"category","embeddable":true,"href":"https:\/\/www.collectifpsychiatrie.fr\/index.php?rest_route=%2Fwp%2Fv2%2Fcategories&post=8523"},{"taxonomy":"post_tag","embeddable":true,"href":"https:\/\/www.collectifpsychiatrie.fr\/index.php?rest_route=%2Fwp%2Fv2%2Ftags&post=8523"}],"curies":[{"name":"wp","href":"https:\/\/api.w.org\/{rel}","templated":true}]}}