{"id":8552,"date":"2017-03-26T20:41:37","date_gmt":"2017-03-26T20:41:37","guid":{"rendered":"http:\/\/www.collectifpsychiatrie.fr\/?p=8552"},"modified":"2017-03-26T20:41:37","modified_gmt":"2017-03-26T20:41:37","slug":"communique-du-25-mars-2017-a-propos-des-recommandations-de-la-haute-autorite-de-sante-sur-la-contention-en-psychiatrie","status":"publish","type":"post","link":"https:\/\/www.collectifpsychiatrie.fr\/?p=8552","title":{"rendered":"Communiqu\u00e9 du 25 mars 2017 \u00c0 propos des recommandations de la Haute Autorit\u00e9 de Sant\u00e9  Sur la contention en psychiatrie."},"content":{"rendered":"<p style=\"text-align: justify;\">Dix mille personnes (soignants, soign\u00e9s, parents, citoyens) ont sign\u00e9 l\u2019appel lanc\u00e9 par le collectif des 39 d\u00e9non\u00e7ant les pratiques de contention physique en psychiatrie (*).<\/p>\n<p style=\"text-align: justify;\">Les contr\u00f4leurs des lieux de privation de libert\u00e9 (Mr Jean Marie Delarue, puis Mme Adeline Hazan) ont constat\u00e9, \u00e9valu\u00e9 et d\u00e9nonc\u00e9 \u00e0 leur tour ces pratiques d\u2019un autre \u00e2ge, aussi inacceptables que traumatisantes pour des patients en grande difficult\u00e9.<\/p>\n<p style=\"text-align: justify;\">La H.A.S. vient de publier un guide de bonnes conduites, limitant ces pratiques qui devraient \u00eatre s\u00e9v\u00e8rement encadr\u00e9es.<\/p>\n<p style=\"text-align: justify;\">Une grande avanc\u00e9e disent certains, un moindre mal disent d\u2019autres.<\/p>\n<p style=\"text-align: justify;\">Mais de ces\u00a0 recommandations peut na\u00eetre le pire : la banalisation institu\u00e9e de ces pratiques par la confirmation qu\u2019il serait souhaitable de les utiliser \u00ab\u00a0 \u00e0 certains moments \u00bb,\u00a0 sans s\u2019interroger sur ce qui a conduit au retour de ces pratiques, \u00e0 cette r\u00e9gression.<\/p>\n<p style=\"text-align: justify;\">Le collectif des 39 maintient que ces pratiques doivent dispara\u00eetre et que leur existence, ne serait-ce qu\u2019a-minima , interdit de poser les vrais enjeux que pose l\u2019accueil des personnes en d\u00e9tresse psychique : quelle conception de la souffrance, quels moyens, quelle formation?<\/p>\n<p style=\"text-align: justify;\">Pour cela le gouvernement doit prendre ses responsabilit\u00e9s : arr\u00eater d\u2019organiser le saccage de la psychiatrie publique. Mais les soignants doivent aussi prendre les leurs : refuser, penser, agir pour sortir des impasses de la soumission ou de l\u2019impuissance ; ou encore de la croyance en des th\u00e9ories sur-m\u00e9dicalis\u00e9es o\u00f9 la complexit\u00e9 du fonctionnement psychique fait place \u00e0 des raisonnements binaires incompatibles avec les sp\u00e9cificit\u00e9s du psychisme humain.<\/p>\n<p style=\"text-align: justify;\">La confusion entre contention (attacher, sangler) et isolement th\u00e9rapeutique, parfois n\u00e9cessaire, est entretenue et rend difficile le grand d\u00e9bat \u00e9thique n\u00e9cessaire \u00e0 tout soin en psychiatrie. Pourquoi ? Comment ? Que se passe-t-il ? sont les questions incontournables qui devraient permettre, si elles \u00e9taient r\u00e9ellement soutenues, pos\u00e9es et pens\u00e9es,\u00a0 d\u2019abolir des pratiques qui bafouent la dignit\u00e9 humaine,\u00a0\u00a0tant pour celui qui les subit que pour celui qui les applique.<\/p>\n<p><a href=\"http:\/\/www.hospitalite-collectif39.org\/?NON-A-LA-CONTENTION\">http:\/\/www.hospitalite-collectif39.org\/?NON-A-LA-CONTENTION<\/a><\/p>\n","protected":false},"excerpt":{"rendered":"<p>Dix mille personnes (soignants, soign\u00e9s, parents, citoyens) ont sign\u00e9 l\u2019appel lanc\u00e9 par le collectif des 39 d\u00e9non\u00e7ant les pratiques de contention physique en psychiatrie (*). Les contr\u00f4leurs des lieux de privation de libert\u00e9 (Mr Jean Marie Delarue, puis Mme Adeline Hazan) ont constat\u00e9, \u00e9valu\u00e9 et d\u00e9nonc\u00e9 \u00e0 leur tour ces pratiques d\u2019un autre \u00e2ge, aussi &hellip; <a href=\"https:\/\/www.collectifpsychiatrie.fr\/?p=8552\" class=\"more-link\">Continuer la lecture de <span class=\"screen-reader-text\">Communiqu\u00e9 du 25 mars 2017 \u00c0 propos des recommandations de la Haute Autorit\u00e9 de Sant\u00e9  Sur la contention en psychiatrie.<\/span>  <span class=\"meta-nav\">&rarr;<\/span><\/a><\/p>\n","protected":false},"author":78,"featured_media":0,"comment_status":"closed","ping_status":"open","sticky":false,"template":"","format":"standard","meta":{"footnotes":""},"categories":[4],"tags":[],"class_list":["post-8552","post","type-post","status-publish","format-standard","hentry","category-communiques-des-39"],"_links":{"self":[{"href":"https:\/\/www.collectifpsychiatrie.fr\/index.php?rest_route=\/wp\/v2\/posts\/8552","targetHints":{"allow":["GET"]}}],"collection":[{"href":"https:\/\/www.collectifpsychiatrie.fr\/index.php?rest_route=\/wp\/v2\/posts"}],"about":[{"href":"https:\/\/www.collectifpsychiatrie.fr\/index.php?rest_route=\/wp\/v2\/types\/post"}],"author":[{"embeddable":true,"href":"https:\/\/www.collectifpsychiatrie.fr\/index.php?rest_route=\/wp\/v2\/users\/78"}],"replies":[{"embeddable":true,"href":"https:\/\/www.collectifpsychiatrie.fr\/index.php?rest_route=%2Fwp%2Fv2%2Fcomments&post=8552"}],"version-history":[{"count":1,"href":"https:\/\/www.collectifpsychiatrie.fr\/index.php?rest_route=\/wp\/v2\/posts\/8552\/revisions"}],"predecessor-version":[{"id":8553,"href":"https:\/\/www.collectifpsychiatrie.fr\/index.php?rest_route=\/wp\/v2\/posts\/8552\/revisions\/8553"}],"wp:attachment":[{"href":"https:\/\/www.collectifpsychiatrie.fr\/index.php?rest_route=%2Fwp%2Fv2%2Fmedia&parent=8552"}],"wp:term":[{"taxonomy":"category","embeddable":true,"href":"https:\/\/www.collectifpsychiatrie.fr\/index.php?rest_route=%2Fwp%2Fv2%2Fcategories&post=8552"},{"taxonomy":"post_tag","embeddable":true,"href":"https:\/\/www.collectifpsychiatrie.fr\/index.php?rest_route=%2Fwp%2Fv2%2Ftags&post=8552"}],"curies":[{"name":"wp","href":"https:\/\/api.w.org\/{rel}","templated":true}]}}