{"id":8605,"date":"2017-09-01T12:39:43","date_gmt":"2017-09-01T12:39:43","guid":{"rendered":"http:\/\/www.collectifpsychiatrie.fr\/?p=8605"},"modified":"2017-09-01T12:40:21","modified_gmt":"2017-09-01T12:40:21","slug":"suite-aux-propos-du-ministre-de-linterieur-sur-les-terroristes-et-la-psychiatrie","status":"publish","type":"post","link":"https:\/\/www.collectifpsychiatrie.fr\/?p=8605","title":{"rendered":"Suite aux propos du ministre de l\u2019Int\u00e9rieur sur les terroristes et la psychiatrie."},"content":{"rendered":"<p style=\"text-align: justify;\">Le Collectif des 39 tient, \u00e0 son tour, \u00e0 s\u2019exprimer aux c\u00f4t\u00e9s de nombreuses r\u00e9actions indign\u00e9es suite aux propos du ministre de l\u2019Int\u00e9rieur sur les terroristes et la psychiatrie.<\/p>\n<p style=\"text-align: justify;\">Ce n\u2019est pas la premi\u00e8re fois qu\u2019un homme politique a exprim\u00e9 une vision insoutenable de la psychiatrie. Le toll\u00e9 des r\u00e9actions des professionnels de soin, de leurs repr\u00e9sentants et de la soci\u00e9t\u00e9 civile ont rapidement d\u00e9construit l\u2019amalgame qui &#8211; sans r\u00e9ussir \u00e0 disqualifier l\u2019adversaire politique &#8211; a \u00e0 la fois stigmatis\u00e9 les patients psychiatriques, choqu\u00e9 leurs proches et sem\u00e9 le doute sur l\u2019int\u00e9grit\u00e9 et le vrai r\u00f4le th\u00e9rapeutique des soignants.<\/p>\n<p style=\"text-align: justify;\">La r\u00e9action et la mise au point du minist\u00e8re de la Sant\u00e9 ont \u00e9t\u00e9 attendues comme in\u00e9luctables. La tentative d\u2019embrigader la psychiatrie dans une bataille qui n\u2019est pas la sienne semble \u00e0 ce jour neutralis\u00e9e. Il nous appara\u00eet toutefois que le temps est venu de faire appel au ministre de l\u2019Int\u00e9rieur pour qu\u2019il dissipe\u00a0lui-m\u00eame l\u2019effet collat\u00e9ral, pr\u00e9judiciable pour la psychiatrie, de cette malheureuse tentative d\u2019y d\u00e9couvrir une arme pouvant pr\u00e9venir les actions terrorisantes de l\u2019extr\u00e9misme politique. Car de tels discours, dans l\u2019Etat d\u2019urgence et dans le climat de\u00a0 peur, pourraient aller jusqu&rsquo;au crime, comme le meurtre r\u00e9cent d&rsquo;un patient en pleine rue vient de le d\u00e9montrer.<\/p>\n<p style=\"text-align: justify;\">Nous constatons que suite aux propos du ministre de l\u2019Int\u00e9rieur des positions concordantes se sont exprim\u00e9es. Elles r\u00e9sonnent avec les efforts de notre collectif et de nos partenaires \u00e0 \u0153uvrer pour une convergence des positions quant \u00e0 l\u2019\u00e9tat actuel de la psychiatrie et de la p\u00e9dopsychiatrie en France. Nos inqui\u00e9tudes sont confirm\u00e9es par le constat r\u00e9cent, implacable, de la mission de la Contr\u00f4leuse g\u00e9n\u00e9rale des lieux de privation de libert\u00e9, Adeline Hazan, qui d\u00e9montre que &#8211; au del\u00e0 de la diminution de moyens &#8211; la psychiatrie traverse une crise \u00e9thique, favorisant des concepts qui exacerbent des mesures s\u00e9curitaires, des pratiques de contention et un non respect trop fr\u00e9quent des droits des patients.<\/p>\n<p style=\"text-align: justify;\">C\u2019est cette crise que la psychiatrie doit chercher \u00e0 surmonter, au lieu d\u2019\u00eatre victime collat\u00e9rale des attaques qui ne lui sont pas destin\u00e9es.<\/p>\n","protected":false},"excerpt":{"rendered":"<p>Le Collectif des 39 tient, \u00e0 son tour, \u00e0 s\u2019exprimer aux c\u00f4t\u00e9s de nombreuses r\u00e9actions indign\u00e9es suite aux propos du ministre de l\u2019Int\u00e9rieur sur les terroristes et la psychiatrie. Ce n\u2019est pas la premi\u00e8re fois qu\u2019un homme politique a exprim\u00e9 une vision insoutenable de la psychiatrie. Le toll\u00e9 des r\u00e9actions des professionnels de soin, de &hellip; <a href=\"https:\/\/www.collectifpsychiatrie.fr\/?p=8605\" class=\"more-link\">Continuer la lecture de <span class=\"screen-reader-text\">Suite aux propos du ministre de l\u2019Int\u00e9rieur sur les terroristes et la psychiatrie.<\/span>  <span class=\"meta-nav\">&rarr;<\/span><\/a><\/p>\n","protected":false},"author":78,"featured_media":0,"comment_status":"closed","ping_status":"open","sticky":false,"template":"","format":"standard","meta":{"footnotes":""},"categories":[4],"tags":[],"class_list":["post-8605","post","type-post","status-publish","format-standard","hentry","category-communiques-des-39"],"_links":{"self":[{"href":"https:\/\/www.collectifpsychiatrie.fr\/index.php?rest_route=\/wp\/v2\/posts\/8605","targetHints":{"allow":["GET"]}}],"collection":[{"href":"https:\/\/www.collectifpsychiatrie.fr\/index.php?rest_route=\/wp\/v2\/posts"}],"about":[{"href":"https:\/\/www.collectifpsychiatrie.fr\/index.php?rest_route=\/wp\/v2\/types\/post"}],"author":[{"embeddable":true,"href":"https:\/\/www.collectifpsychiatrie.fr\/index.php?rest_route=\/wp\/v2\/users\/78"}],"replies":[{"embeddable":true,"href":"https:\/\/www.collectifpsychiatrie.fr\/index.php?rest_route=%2Fwp%2Fv2%2Fcomments&post=8605"}],"version-history":[{"count":2,"href":"https:\/\/www.collectifpsychiatrie.fr\/index.php?rest_route=\/wp\/v2\/posts\/8605\/revisions"}],"predecessor-version":[{"id":8607,"href":"https:\/\/www.collectifpsychiatrie.fr\/index.php?rest_route=\/wp\/v2\/posts\/8605\/revisions\/8607"}],"wp:attachment":[{"href":"https:\/\/www.collectifpsychiatrie.fr\/index.php?rest_route=%2Fwp%2Fv2%2Fmedia&parent=8605"}],"wp:term":[{"taxonomy":"category","embeddable":true,"href":"https:\/\/www.collectifpsychiatrie.fr\/index.php?rest_route=%2Fwp%2Fv2%2Fcategories&post=8605"},{"taxonomy":"post_tag","embeddable":true,"href":"https:\/\/www.collectifpsychiatrie.fr\/index.php?rest_route=%2Fwp%2Fv2%2Ftags&post=8605"}],"curies":[{"name":"wp","href":"https:\/\/api.w.org\/{rel}","templated":true}]}}