{"id":8620,"date":"2017-11-03T21:19:26","date_gmt":"2017-11-03T21:19:26","guid":{"rendered":"http:\/\/www.collectifpsychiatrie.fr\/?p=8620"},"modified":"2017-11-03T21:34:11","modified_gmt":"2017-11-03T21:34:11","slug":"psychiatrie-a-lassemblee-nationale-le-depute-francois-ruffin-face-au-dr-wonner-et-a-mme-buzyn","status":"publish","type":"post","link":"https:\/\/www.collectifpsychiatrie.fr\/?p=8620","title":{"rendered":"Psychiatrie \u00e0 l&rsquo;Assembl\u00e9e Nationale: le d\u00e9put\u00e9 Fran\u00e7ois Ruffin face au Dr Wonner et \u00e0 Mme Buzyn"},"content":{"rendered":"<p style=\"text-align: justify;\">REGARDEZ cette vid\u00e9o accompagn\u00e9e d\u2019un commentaire\u00a0<strong>d\u00e9montrant comment la d\u00e9marche-qualit\u00e9 est en d\u00e9calage avec la r\u00e9alit\u00e9, ou plut\u00f4t comment elle d\u00e9cale la r\u00e9ponse \u00e0 un probl\u00e8me concret\u00a0 vers une r\u00e9ponse formelle. L<\/strong>a r\u00e9ponse de<strong>\u00a0Mme Buzyn\u00a0<\/strong>est une d\u00e9monstration de<strong>\u00a0l\u2019inutilit\u00e9 de la d\u00e9marche-qualit\u00e9 et donc de l\u2019HAS, d\u2019o\u00f9 la n\u00e9cessit\u00e9 d\u2019un d\u00e9bat-combat pour sa suppression&#8230;\u00a0\u00a0\u00a0\u00a0\u00a0<\/strong><\/p>\n<p style=\"text-align: justify;\">*\u00a0La premi\u00e8re intervenante, le Dr Martine Wonner, m\u00e9decin psychiatre (pl\u00e9onasme) ,\u00a0d\u00e9put\u00e9e LREM<strong>\u00a0 d\u00e9fend les protocoles<\/strong>&#8230;. Elle a fait des \u00e9tudes de psychiatrie \u00e0\u00a0<strong>l&rsquo;Universit\u00e9 de Strasbourg<\/strong>, <strong>\u00a0<\/strong>a \u00a0travaill\u00e9 pour<strong>\u00a0le CNAM\u00a0<\/strong>puis dans le groupe priv\u00e9<strong>\u00a0G\u00e9n\u00e9rale de sant\u00e9.\u00a0<\/strong>Elle a ensuite dirig\u00e9<strong>\u00a0le Samu social de Paris\u00a0<\/strong>pendant pr\u00e8s de trois ans, avant de rejoindre\u00a0un<strong>\u00a0groupe de cliniques priv\u00e9es&#8230;<\/strong><\/p>\n<p style=\"text-align: justify;\">* Quant \u00e0 Mme Buzyn, la ministre, \u00a0\u00e0 qui on ne fait pas la le\u00e7on, en effet c&rsquo;est presque trop beau pour \u00eatre vrai ! Elle ne va pas arriver \u00e0 cacher longtemps que, fille de psychanalyste ou pas,<strong>\u00a0<\/strong>elle est le perroquet<strong>\u00a0<\/strong>(ciel, mes plumes\u00a0!)<strong>\u00a0du discours manag\u00e9rial qui est la marque de ce gouvernement.<\/strong><\/p>\n<p><iframe loading=\"lazy\" title=\"&quot;MADAME LA MINISTRE, JE LE DIRAI ENCORE, ET DE PLUS EN PLUS FORT&quot; (Feat Agn\u00e8s Buzyn)\" width=\"474\" height=\"267\" src=\"https:\/\/www.youtube.com\/embed\/znk68aOhFO8?feature=oembed\" frameborder=\"0\" allow=\"accelerometer; autoplay; clipboard-write; encrypted-media; gyroscope; picture-in-picture; web-share\" referrerpolicy=\"strict-origin-when-cross-origin\" allowfullscreen><\/iframe><\/p>\n","protected":false},"excerpt":{"rendered":"<p>REGARDEZ cette vid\u00e9o accompagn\u00e9e d\u2019un commentaire\u00a0d\u00e9montrant comment la d\u00e9marche-qualit\u00e9 est en d\u00e9calage avec la r\u00e9alit\u00e9, ou plut\u00f4t comment elle d\u00e9cale la r\u00e9ponse \u00e0 un probl\u00e8me concret\u00a0 vers une r\u00e9ponse formelle. La r\u00e9ponse de\u00a0Mme Buzyn\u00a0est une d\u00e9monstration de\u00a0l\u2019inutilit\u00e9 de la d\u00e9marche-qualit\u00e9 et donc de l\u2019HAS, d\u2019o\u00f9 la n\u00e9cessit\u00e9 d\u2019un d\u00e9bat-combat pour sa suppression&#8230;\u00a0\u00a0\u00a0\u00a0\u00a0 *\u00a0La premi\u00e8re intervenante, &hellip; <a href=\"https:\/\/www.collectifpsychiatrie.fr\/?p=8620\" class=\"more-link\">Continuer la lecture de <span class=\"screen-reader-text\">Psychiatrie \u00e0 l&rsquo;Assembl\u00e9e Nationale: le d\u00e9put\u00e9 Fran\u00e7ois Ruffin face au Dr Wonner et \u00e0 Mme Buzyn<\/span>  <span class=\"meta-nav\">&rarr;<\/span><\/a><\/p>\n","protected":false},"author":78,"featured_media":0,"comment_status":"closed","ping_status":"open","sticky":false,"template":"","format":"standard","meta":{"footnotes":""},"categories":[374],"tags":[],"class_list":["post-8620","post","type-post","status-publish","format-standard","hentry","category-articles"],"_links":{"self":[{"href":"https:\/\/www.collectifpsychiatrie.fr\/index.php?rest_route=\/wp\/v2\/posts\/8620","targetHints":{"allow":["GET"]}}],"collection":[{"href":"https:\/\/www.collectifpsychiatrie.fr\/index.php?rest_route=\/wp\/v2\/posts"}],"about":[{"href":"https:\/\/www.collectifpsychiatrie.fr\/index.php?rest_route=\/wp\/v2\/types\/post"}],"author":[{"embeddable":true,"href":"https:\/\/www.collectifpsychiatrie.fr\/index.php?rest_route=\/wp\/v2\/users\/78"}],"replies":[{"embeddable":true,"href":"https:\/\/www.collectifpsychiatrie.fr\/index.php?rest_route=%2Fwp%2Fv2%2Fcomments&post=8620"}],"version-history":[{"count":3,"href":"https:\/\/www.collectifpsychiatrie.fr\/index.php?rest_route=\/wp\/v2\/posts\/8620\/revisions"}],"predecessor-version":[{"id":8624,"href":"https:\/\/www.collectifpsychiatrie.fr\/index.php?rest_route=\/wp\/v2\/posts\/8620\/revisions\/8624"}],"wp:attachment":[{"href":"https:\/\/www.collectifpsychiatrie.fr\/index.php?rest_route=%2Fwp%2Fv2%2Fmedia&parent=8620"}],"wp:term":[{"taxonomy":"category","embeddable":true,"href":"https:\/\/www.collectifpsychiatrie.fr\/index.php?rest_route=%2Fwp%2Fv2%2Fcategories&post=8620"},{"taxonomy":"post_tag","embeddable":true,"href":"https:\/\/www.collectifpsychiatrie.fr\/index.php?rest_route=%2Fwp%2Fv2%2Ftags&post=8620"}],"curies":[{"name":"wp","href":"https:\/\/api.w.org\/{rel}","templated":true}]}}