{"id":8687,"date":"2018-03-06T12:05:03","date_gmt":"2018-03-06T12:05:03","guid":{"rendered":"http:\/\/www.collectifpsychiatrie.fr\/?p=8687"},"modified":"2018-03-06T12:08:52","modified_gmt":"2018-03-06T12:08:52","slug":"semaines-de-la-folie-ordinaire-franciliennes-2018","status":"publish","type":"post","link":"https:\/\/www.collectifpsychiatrie.fr\/?p=8687","title":{"rendered":"Semaines de la Folie Ordinaire franciliennes 2018"},"content":{"rendered":"<p>&nbsp;<\/p>\n<p><strong>PROGRAMME DU 12 au 25 MARS 2018\u00a0 \u00a0 \u00a0 \u00a0<\/strong><a href=\"https:\/\/www.collectifpsychiatrie.fr\/wp-content\/uploads\/2018\/03\/sdlfo-depliant.pdf\">sdlfo-depliant<\/a><\/p>\n<p><b>EXPOSITIONS:\u00a0<\/b><\/p>\n<p><b>Du 12 au 23 mars , du\u00a0lundi au vendredi de 9h \u00e0 18h sauf mardi de 11h \u00e0 18h :<\/b><\/p>\n<p>Universit\u00e9 Paris 13 &#8211; Campus de Villetaneuse &#8211; Biblioth\u00e8que Universitaire (BU)<b> \u00a0 \u00a0 \u00a0 \u00a0 \u00a0 \u00a0 \u00a0 \u00a0 \u00a0 \u00a0 \u00a0 \u00a0 \u00a0 \u00a0 \u00a0 \u00a0 \u00a0 \u00a0 \u00a0 \u00a0 \u00a0 \u00a0 \u00a0 \u00a0 \u00a0 \u00a0 \u00a0 \u00a0 \u00a0 \u00a0 \u00a0 \u00a0 \u00a0 \u00a0 \u00a0 \u00a0 \u00a0 \u00a0 \u00a0 \u00a0 \u00a0 \u00a0 \u00a0 \u00a0 \u00a0 \u00a0 \u00a0 \u00a0 \u00a0 \u00a0 \u00a0 \u00a0 \u00a0<\/b>\u00a0 \u00a0 \u00a0 \u00a0 \u00a0<strong>ZYPLOX<\/strong><\/p>\n<p><b>Du 15 au 23 mars , du\u00a0lundi au vendredi de 10h \u00e0 17h :<\/b><\/p>\n<p>Universit\u00e9 Paris 13-Campus de Bobigny &#8211; Foyer de l&rsquo;Illustration \u00a0 \u00a0 \u00a0 \u00a0 \u00a0 \u00a0<strong>Exposition collective de plusieurs GEM de Seine Saint-Denis<\/strong><\/p>\n<p><b>Du 19 au 25 mars\u00a0:<\/b><\/p>\n<p>A La Parole Errante:\u00a0Exposition collective\u00a0<b>: \u00a0 \u00a0 \u00a0 \u00a0 \u00a0 \u00a0 \u00a0 \u00a0 \u00a0 \u00a0 \u00a0 \u00a0 \u00a0 \u00a0 \u00a0 \u00a0 \u00a0 \u00a0 \u00a0 \u00a0 \u00a0 \u00a0 \u00a0 \u00a0 \u00a0 \u00a0\u00a0<\/b><strong>Olli\u00e9 Romain, Lou Le Cabellec, Christian Sabron, Laurence Renaud, Les Ateliers du Non-Faire, Le groupe photo d&rsquo;Artaud, \u00a0 \u00a0 \u00a0 \u00a0Gemmeurs Product et quelques autres&#8230;<\/strong><\/p>\n<p><strong><em>Informations<\/em> <\/strong>\u00a0 \u00a0www.sdlfoparis2018.wordpress.com<\/p>\n<p><em><strong>Relations presse<\/strong><\/em> : \u00a0Fred (pour Humapsy) tel : 06 17 50 03 14 \u00a0 \u00a0 \u00a0 \u00a0 \u00a0 \u00a0\u00a0Mail : humapsy@mailoo.org<\/p>\n","protected":false},"excerpt":{"rendered":"<p>&nbsp; PROGRAMME DU 12 au 25 MARS 2018\u00a0 \u00a0 \u00a0 \u00a0sdlfo-depliant EXPOSITIONS:\u00a0 Du 12 au 23 mars , du\u00a0lundi au vendredi de 9h \u00e0 18h sauf mardi de 11h \u00e0 18h : Universit\u00e9 Paris 13 &#8211; Campus de Villetaneuse &#8211; Biblioth\u00e8que Universitaire (BU) \u00a0 \u00a0 \u00a0 \u00a0 \u00a0 \u00a0 \u00a0 \u00a0 \u00a0 \u00a0 \u00a0 \u00a0 &hellip; <a href=\"https:\/\/www.collectifpsychiatrie.fr\/?p=8687\" class=\"more-link\">Continuer la lecture de <span class=\"screen-reader-text\">Semaines de la Folie Ordinaire franciliennes 2018<\/span>  <span class=\"meta-nav\">&rarr;<\/span><\/a><\/p>\n","protected":false},"author":78,"featured_media":0,"comment_status":"closed","ping_status":"open","sticky":false,"template":"","format":"standard","meta":{"footnotes":""},"categories":[6],"tags":[],"class_list":["post-8687","post","type-post","status-publish","format-standard","hentry","category-evenements"],"_links":{"self":[{"href":"https:\/\/www.collectifpsychiatrie.fr\/index.php?rest_route=\/wp\/v2\/posts\/8687","targetHints":{"allow":["GET"]}}],"collection":[{"href":"https:\/\/www.collectifpsychiatrie.fr\/index.php?rest_route=\/wp\/v2\/posts"}],"about":[{"href":"https:\/\/www.collectifpsychiatrie.fr\/index.php?rest_route=\/wp\/v2\/types\/post"}],"author":[{"embeddable":true,"href":"https:\/\/www.collectifpsychiatrie.fr\/index.php?rest_route=\/wp\/v2\/users\/78"}],"replies":[{"embeddable":true,"href":"https:\/\/www.collectifpsychiatrie.fr\/index.php?rest_route=%2Fwp%2Fv2%2Fcomments&post=8687"}],"version-history":[{"count":7,"href":"https:\/\/www.collectifpsychiatrie.fr\/index.php?rest_route=\/wp\/v2\/posts\/8687\/revisions"}],"predecessor-version":[{"id":9223,"href":"https:\/\/www.collectifpsychiatrie.fr\/index.php?rest_route=\/wp\/v2\/posts\/8687\/revisions\/9223"}],"wp:attachment":[{"href":"https:\/\/www.collectifpsychiatrie.fr\/index.php?rest_route=%2Fwp%2Fv2%2Fmedia&parent=8687"}],"wp:term":[{"taxonomy":"category","embeddable":true,"href":"https:\/\/www.collectifpsychiatrie.fr\/index.php?rest_route=%2Fwp%2Fv2%2Fcategories&post=8687"},{"taxonomy":"post_tag","embeddable":true,"href":"https:\/\/www.collectifpsychiatrie.fr\/index.php?rest_route=%2Fwp%2Fv2%2Ftags&post=8687"}],"curies":[{"name":"wp","href":"https:\/\/api.w.org\/{rel}","templated":true}]}}