{"id":8716,"date":"2018-08-27T22:54:36","date_gmt":"2018-08-27T22:54:36","guid":{"rendered":"http:\/\/www.collectifpsychiatrie.fr\/?p=8716"},"modified":"2020-11-29T15:15:20","modified_gmt":"2020-11-29T15:15:20","slug":"ampi-2018-xxxii-journees-de-psychotherapie-institutionnelle","status":"publish","type":"post","link":"https:\/\/www.collectifpsychiatrie.fr\/?p=8716","title":{"rendered":"AMPI 2018 XXXII Journ\u00e9es de Psychoth\u00e9rapie Institutionnelle"},"content":{"rendered":"<p><strong>SE FORMER \u00c0 LA RENCONTRE : DU PROTOCOLE \u00c0 L\u2019\u00caTRE AVEC\u2026<\/strong><\/p>\n<p style=\"text-align: justify;\"><a href=\"https:\/\/www.collectifpsychiatrie.fr\/wp-content\/uploads\/2018\/08\/AMPI-2018.pdf\">AMPI 2018<\/a><\/p>\n<p style=\"text-align: justify;\">Dans la psychiatrie du 21\u00e8me si\u00e8cle, les d\u00e9bats th\u00e9orico-cliniques ont\u00a0disparu, cr\u00e9ant un vide de la pens\u00e9e occup\u00e9 par un discours technicis\u00e9\u00a0portant une conception organiciste de la pathologie psychiatrique, devenue\u00a0maladie du cerveau.<\/p>\n<p style=\"text-align: justify;\">Cette approche purement \u00ab objective \u00bb du Trouble psychique\u00a0s\u2019accompagne de \u00ab recommandations \u00bb de bonnes pratiques avec\u00a0des conduites \u00e0 tenir st\u00e9r\u00e9otyp\u00e9es mat\u00e9rialis\u00e9es par la multiplication\u00a0de protocoles standardis\u00e9s<!--more--><\/p>\n<p style=\"text-align: justify;\">Utilis\u00e9 dans la gestion du risque m\u00e9dico l\u00e9gal, ce type de protocole\u00a0ignore la question de la rencontre avec l\u2019autre.\u00a0La d\u00e9shumanisation du soin qui en r\u00e9sulte est un facteur de\u00a0la dramatique augmentation de l\u2019utilisation des chambres d\u2019isolement et\u00a0des liens de contention dans les unit\u00e9s de soin.<\/p>\n<p style=\"text-align: justify;\">Et si l\u2019objet de la psychiatrie n\u2019\u00e9tait pas le cerveau mais la relation\u00a0\u00e0 l\u2019autre ? Et donc l\u2019outil de soin fondamental, la rencontre ?\u00a0\u00catre avec la personne malade, \u00eatre \u00e0 ses c\u00f4t\u00e9s, valoriser cette\u00a0co-pr\u00e9sence m\u00eame sans rien \u00ab faire \u00bb\u2026.<\/p>\n<p style=\"text-align: justify;\">Tel est l\u2019objet de la psychiatrie, des soins psychiatriques.<\/p>\n<p style=\"text-align: justify;\">Mais comment se forme-t-on \u00e0 la rencontre ?<\/p>\n<p style=\"text-align: justify;\">Le go\u00fbt de l\u2019autre, la curiosit\u00e9, l\u2019engagement \u00e7a s\u2019apprend ?\u00a0Et l\u2019inattendu l\u00e0-dedans ?<\/p>\n<p style=\"text-align: justify;\">Le partage d\u2019exp\u00e9riences participant de cet \u00ab apprentissage \u00bb,\u00a0rendez-vous aux journ\u00e9es de l\u2019AMPI pour trouver ensemble\u00a0le chemin de la rencontre&#8230;<\/p>\n<p><span class=\"Apple-converted-space\">\u00a0<\/span>Participants \u00e0 l\u2019organisation de l\u2019AMPI<span class=\"Apple-converted-space\">\u00a0 <\/span>: \u00a0Alain Abrieu &#8211; Evelyne De Fabr\u00e8gues &#8211; Christiane Jacob- H\u00e9l\u00e8ne Moreau &#8211; Marie France Negrel &#8211; Henri Sadaoui &#8211; Marie-Claude Taliana- Jacques Tosquellas &#8211; Antoine Viader &#8211; Christine Steinmetz. \u00a0 \u00a0 \u00a0 \u00a0 \u00a0 \u00a0 \u00a0 \u00a0 \u00a0 \u00a0 \u00a0 \u00a0 \u00a0 \u00a0 \u00a0 \u00a0 \u00a0 \u00a0 \u00a0 \u00a0 \u00a0 \u00a0 \u00a0 \u00a0 \u00a0 \u00a0 \u00a0 \u00a0 \u00a0 \u00a0 \u00a0Avec des membres des CEM\u00c9A<\/p>\n","protected":false},"excerpt":{"rendered":"<p>SE FORMER \u00c0 LA RENCONTRE : DU PROTOCOLE \u00c0 L\u2019\u00caTRE AVEC\u2026 AMPI 2018 Dans la psychiatrie du 21\u00e8me si\u00e8cle, les d\u00e9bats th\u00e9orico-cliniques ont\u00a0disparu, cr\u00e9ant un vide de la pens\u00e9e occup\u00e9 par un discours technicis\u00e9\u00a0portant une conception organiciste de la pathologie psychiatrique, devenue\u00a0maladie du cerveau. Cette approche purement \u00ab objective \u00bb du Trouble psychique\u00a0s\u2019accompagne de \u00ab &hellip; <a href=\"https:\/\/www.collectifpsychiatrie.fr\/?p=8716\" class=\"more-link\">Continuer la lecture de <span class=\"screen-reader-text\">AMPI 2018 XXXII Journ\u00e9es de Psychoth\u00e9rapie Institutionnelle<\/span>  <span class=\"meta-nav\">&rarr;<\/span><\/a><\/p>\n","protected":false},"author":78,"featured_media":0,"comment_status":"closed","ping_status":"open","sticky":false,"template":"","format":"standard","meta":{"footnotes":""},"categories":[25,1,12],"tags":[],"class_list":["post-8716","post","type-post","status-publish","format-standard","hentry","category-meetings","category-non-classe","category-psychotherapie-institutionnelle-2"],"_links":{"self":[{"href":"https:\/\/www.collectifpsychiatrie.fr\/index.php?rest_route=\/wp\/v2\/posts\/8716","targetHints":{"allow":["GET"]}}],"collection":[{"href":"https:\/\/www.collectifpsychiatrie.fr\/index.php?rest_route=\/wp\/v2\/posts"}],"about":[{"href":"https:\/\/www.collectifpsychiatrie.fr\/index.php?rest_route=\/wp\/v2\/types\/post"}],"author":[{"embeddable":true,"href":"https:\/\/www.collectifpsychiatrie.fr\/index.php?rest_route=\/wp\/v2\/users\/78"}],"replies":[{"embeddable":true,"href":"https:\/\/www.collectifpsychiatrie.fr\/index.php?rest_route=%2Fwp%2Fv2%2Fcomments&post=8716"}],"version-history":[{"count":3,"href":"https:\/\/www.collectifpsychiatrie.fr\/index.php?rest_route=\/wp\/v2\/posts\/8716\/revisions"}],"predecessor-version":[{"id":9048,"href":"https:\/\/www.collectifpsychiatrie.fr\/index.php?rest_route=\/wp\/v2\/posts\/8716\/revisions\/9048"}],"wp:attachment":[{"href":"https:\/\/www.collectifpsychiatrie.fr\/index.php?rest_route=%2Fwp%2Fv2%2Fmedia&parent=8716"}],"wp:term":[{"taxonomy":"category","embeddable":true,"href":"https:\/\/www.collectifpsychiatrie.fr\/index.php?rest_route=%2Fwp%2Fv2%2Fcategories&post=8716"},{"taxonomy":"post_tag","embeddable":true,"href":"https:\/\/www.collectifpsychiatrie.fr\/index.php?rest_route=%2Fwp%2Fv2%2Ftags&post=8716"}],"curies":[{"name":"wp","href":"https:\/\/api.w.org\/{rel}","templated":true}]}}